{"id":1,"date":"2012-02-13T19:45:55","date_gmt":"2012-02-13T18:45:55","guid":{"rendered":"http:\/\/www.escapades-photographiques.ch\/Site\/blog\/?p=1"},"modified":"2014-03-15T09:23:07","modified_gmt":"2014-03-15T08:23:07","slug":"bonjour-tout-le-monde","status":"publish","type":"post","link":"https:\/\/www.escapades-photographiques.ch\/Site\/blog\/2012\/actualite\/bonjour-tout-le-monde\/","title":{"rendered":"Un nouveau site pour &laquo;&nbsp;Escapades photographiques&nbsp;&raquo;"},"content":{"rendered":"<p style=\"text-align: left;\">Apr\u00e8s quelques ann\u00e9es d&rsquo;une galerie photos enti\u00e8rement faite en \u00ab\u00a0Flash\u00a0\u00bb, le site avait besoin d&rsquo;un nouveau souffle. Il \u00e9tait en effet trop rigide et ne permettait quasiment plus l&rsquo;ajout de nouveaux albums de photos qui naissaient sans \u00eatre reli\u00e9s entre eux de mani\u00e8re coh\u00e9rente.<\/p>\n<p style=\"text-align: left;\">Le nouveau site devrait combler ce retard. Soyez indulgent, il n&rsquo;en est qu&rsquo;\u00e0 ses d\u00e9buts, donc non d\u00e9nu\u00e9 de petits d\u00e9fauts de jeunesse.<\/p>\n<p style=\"text-align: left;\">Les albums photos ont \u00e9t\u00e9 compl\u00e8tement modernis\u00e9s et le dernier compte rendu d&rsquo;un voyage au N\u00e9pal dans le Mustang, le col et sommet du Saribung et la vall\u00e9e de Phu est disponible dans les galeries.<\/p>\n<p style=\"text-align: left;\">Bonne visite.<\/p>\n<p>Alexandre Vouilloz<\/p>\n<div id=\"attachment_41\" style=\"width: 688px\" class=\"wp-caption alignnone\"><img aria-describedby=\"caption-attachment-41\" decoding=\"async\" loading=\"lazy\" class=\"size-large wp-image-41  \" title=\"Village de Tsarang au Mustang\" src=\"\/Site\/blog\/..\/blog.uploads\/2012\/05\/057_2011-10-29_5DmII-061_2011-10-29_5DmII_5-images.jpg\" alt=\"\" width=\"678\" height=\"243\" \/><p id=\"caption-attachment-41\" class=\"wp-caption-text\">Village de Tsarang au Mustang<\/p><\/div>\n","protected":false},"excerpt":{"rendered":"<p>Apr\u00e8s quelques ann\u00e9es d&rsquo;une galerie photos enti\u00e8rement faite en \u00ab\u00a0Flash\u00a0\u00bb, le site avait besoin d&rsquo;un nouveau souffle. Il \u00e9tait en effet trop rigide et ne permettait quasiment plus l&rsquo;ajout de nouveaux albums de photos qui naissaient sans \u00eatre reli\u00e9s entre eux de mani\u00e8re coh\u00e9rente. Le nouveau site devrait combler ce retard. Soyez indulgent, il n&rsquo;en <a href='https:\/\/www.escapades-photographiques.ch\/Site\/blog\/2012\/actualite\/bonjour-tout-le-monde\/' class='excerpt-more'>[&#8230;]<\/a><\/p>\n","protected":false},"author":1,"featured_media":0,"comment_status":"open","ping_status":"open","sticky":false,"template":"","format":"standard","meta":{"footnotes":""},"categories":[1],"tags":[5,6],"_links":{"self":[{"href":"https:\/\/www.escapades-photographiques.ch\/Site\/blog\/wp-json\/wp\/v2\/posts\/1"}],"collection":[{"href":"https:\/\/www.escapades-photographiques.ch\/Site\/blog\/wp-json\/wp\/v2\/posts"}],"about":[{"href":"https:\/\/www.escapades-photographiques.ch\/Site\/blog\/wp-json\/wp\/v2\/types\/post"}],"author":[{"embeddable":true,"href":"https:\/\/www.escapades-photographiques.ch\/Site\/blog\/wp-json\/wp\/v2\/users\/1"}],"replies":[{"embeddable":true,"href":"https:\/\/www.escapades-photographiques.ch\/Site\/blog\/wp-json\/wp\/v2\/comments?post=1"}],"version-history":[{"count":37,"href":"https:\/\/www.escapades-photographiques.ch\/Site\/blog\/wp-json\/wp\/v2\/posts\/1\/revisions"}],"predecessor-version":[{"id":2009,"href":"https:\/\/www.escapades-photographiques.ch\/Site\/blog\/wp-json\/wp\/v2\/posts\/1\/revisions\/2009"}],"wp:attachment":[{"href":"https:\/\/www.escapades-photographiques.ch\/Site\/blog\/wp-json\/wp\/v2\/media?parent=1"}],"wp:term":[{"taxonomy":"category","embeddable":true,"href":"https:\/\/www.escapades-photographiques.ch\/Site\/blog\/wp-json\/wp\/v2\/categories?post=1"},{"taxonomy":"post_tag","embeddable":true,"href":"https:\/\/www.escapades-photographiques.ch\/Site\/blog\/wp-json\/wp\/v2\/tags?post=1"}],"curies":[{"name":"wp","href":"https:\/\/api.w.org\/{rel}","templated":true}]}}