{"id":1128,"date":"2012-12-15T21:27:56","date_gmt":"2012-12-15T19:27:56","guid":{"rendered":"http:\/\/www.escapades-photographiques.ch\/Site\/blog\/?p=1128"},"modified":"2013-09-29T17:16:23","modified_gmt":"2013-09-29T15:16:23","slug":"ski-de-randonnee-au-reculet-jura-francais","status":"publish","type":"post","link":"https:\/\/www.escapades-photographiques.ch\/Site\/blog\/2012\/randonnee\/ski-de-randonnee-au-reculet-jura-francais\/","title":{"rendered":"Ski de randonn\u00e9e au Reculet (Jura fran\u00e7ais)"},"content":{"rendered":"<p>Randonn\u00e9e \u00e0 ski le 9 d\u00e9cembre. D\u00e9part depuis la vall\u00e9e de la Valserine (hameau de la Rivi\u00e8re) pour le sommet du Reculet (1717m). Mille m\u00e8tres de d\u00e9nivel\u00e9 dans le Jura c&rsquo;est pas banal&nbsp;! Neige poudreuse \u00e0 gogo&#8230;<\/p>\n<div id=\"attachment_1133\" style=\"width: 688px\" class=\"wp-caption alignnone\"><img aria-describedby=\"caption-attachment-1133\" decoding=\"async\" loading=\"lazy\" src=\"\/\/www.escapades-photographiques.ch\/Site\/blog\/..\/blog.uploads\/2012\/12\/001_2012-12-09_5DmII.jpg\" alt=\"\" title=\"Vue sur le Cr\u00eat de Chalam dans la mont\u00e9e\" width=\"678\" height=\"452\" class=\"size-full wp-image-1133\" srcset=\"https:\/\/www.escapades-photographiques.ch\/Site\/blog\/..\/blog.uploads\/2012\/12\/001_2012-12-09_5DmII.jpg 678w, https:\/\/www.escapades-photographiques.ch\/Site\/blog\/..\/blog.uploads\/2012\/12\/001_2012-12-09_5DmII-300x200.jpg 300w\" sizes=\"(max-width: 678px) 100vw, 678px\" \/><p id=\"caption-attachment-1133\" class=\"wp-caption-text\">Vue sur le Cr\u00eat de Chalam dans la mont\u00e9e<\/p><\/div>\n<div id=\"attachment_1134\" style=\"width: 688px\" class=\"wp-caption alignnone\"><img aria-describedby=\"caption-attachment-1134\" decoding=\"async\" loading=\"lazy\" src=\"\/\/www.escapades-photographiques.ch\/Site\/blog\/..\/blog.uploads\/2012\/12\/005_2012-12-09_5DmII.jpg\" alt=\"\" title=\"Vers 1500m: bonne trace de mont\u00e9e\" width=\"678\" height=\"452\" class=\"size-full wp-image-1134\" srcset=\"https:\/\/www.escapades-photographiques.ch\/Site\/blog\/..\/blog.uploads\/2012\/12\/005_2012-12-09_5DmII.jpg 678w, https:\/\/www.escapades-photographiques.ch\/Site\/blog\/..\/blog.uploads\/2012\/12\/005_2012-12-09_5DmII-300x200.jpg 300w\" sizes=\"(max-width: 678px) 100vw, 678px\" \/><p id=\"caption-attachment-1134\" class=\"wp-caption-text\">Vers 1500m: bonne trace de mont\u00e9e<\/p><\/div>\n<div id=\"attachment_1135\" style=\"width: 688px\" class=\"wp-caption alignnone\"><img aria-describedby=\"caption-attachment-1135\" decoding=\"async\" loading=\"lazy\" src=\"\/\/www.escapades-photographiques.ch\/Site\/blog\/..\/blog.uploads\/2012\/12\/007_2012-12-09_5DmII.jpg\" alt=\"\" title=\"Haut de la vall\u00e9e de la Valserine\" width=\"678\" height=\"452\" class=\"size-full wp-image-1135\" srcset=\"https:\/\/www.escapades-photographiques.ch\/Site\/blog\/..\/blog.uploads\/2012\/12\/007_2012-12-09_5DmII.jpg 678w, https:\/\/www.escapades-photographiques.ch\/Site\/blog\/..\/blog.uploads\/2012\/12\/007_2012-12-09_5DmII-300x200.jpg 300w\" sizes=\"(max-width: 678px) 100vw, 678px\" \/><p id=\"caption-attachment-1135\" class=\"wp-caption-text\">Haut de la vall\u00e9e de la Valserine<\/p><\/div>\n<div id=\"attachment_1138\" style=\"width: 688px\" class=\"wp-caption alignnone\"><img aria-describedby=\"caption-attachment-1138\" decoding=\"async\" loading=\"lazy\" src=\"\/\/www.escapades-photographiques.ch\/Site\/blog\/..\/blog.uploads\/2012\/12\/072_2012-12-09_5DmII.jpg\" alt=\"\" title=\"Sommet du Reculet (1717m) avec la croix enneig\u00e9e\" width=\"678\" height=\"452\" class=\"size-full wp-image-1138\" srcset=\"https:\/\/www.escapades-photographiques.ch\/Site\/blog\/..\/blog.uploads\/2012\/12\/072_2012-12-09_5DmII.jpg 678w, https:\/\/www.escapades-photographiques.ch\/Site\/blog\/..\/blog.uploads\/2012\/12\/072_2012-12-09_5DmII-300x200.jpg 300w\" sizes=\"(max-width: 678px) 100vw, 678px\" \/><p id=\"caption-attachment-1138\" class=\"wp-caption-text\">Sommet du Reculet (1717m) avec la croix enneig\u00e9e<\/p><\/div>\n<div id=\"attachment_1136\" style=\"width: 688px\" class=\"wp-caption alignnone\"><img aria-describedby=\"caption-attachment-1136\" decoding=\"async\" loading=\"lazy\" src=\"\/\/www.escapades-photographiques.ch\/Site\/blog\/..\/blog.uploads\/2012\/12\/067_2012-12-09_5DmII.jpg\" alt=\"\" title=\"La cr\u00eate du Haut-Jura en direction de Bellegarde\" width=\"678\" height=\"452\" class=\"size-full wp-image-1136\" srcset=\"https:\/\/www.escapades-photographiques.ch\/Site\/blog\/..\/blog.uploads\/2012\/12\/067_2012-12-09_5DmII.jpg 678w, https:\/\/www.escapades-photographiques.ch\/Site\/blog\/..\/blog.uploads\/2012\/12\/067_2012-12-09_5DmII-300x200.jpg 300w\" sizes=\"(max-width: 678px) 100vw, 678px\" \/><p id=\"caption-attachment-1136\" class=\"wp-caption-text\">La cr\u00eate du Haut-Jura en direction de Bellegarde<\/p><\/div>\n<div id=\"attachment_1137\" style=\"width: 688px\" class=\"wp-caption alignnone\"><img aria-describedby=\"caption-attachment-1137\" decoding=\"async\" loading=\"lazy\" src=\"\/\/www.escapades-photographiques.ch\/Site\/blog\/..\/blog.uploads\/2012\/12\/071_2012-12-09_5DmII.jpg\" alt=\"\" title=\"Ar\u00eate sud-est du Reculet en avant plan. Bassin genevois bien enneig\u00e9 et les Alpes au fond  dans les nuages\" width=\"678\" height=\"452\" class=\"size-full wp-image-1137\" srcset=\"https:\/\/www.escapades-photographiques.ch\/Site\/blog\/..\/blog.uploads\/2012\/12\/071_2012-12-09_5DmII.jpg 678w, https:\/\/www.escapades-photographiques.ch\/Site\/blog\/..\/blog.uploads\/2012\/12\/071_2012-12-09_5DmII-300x200.jpg 300w\" sizes=\"(max-width: 678px) 100vw, 678px\" \/><p id=\"caption-attachment-1137\" class=\"wp-caption-text\">Ar\u00eate sud-est du Reculet en avant plan. Bassin genevois bien enneig\u00e9 et les Alpes au fond  dans les nuages<\/p><\/div>\n<div id=\"attachment_1139\" style=\"width: 688px\" class=\"wp-caption alignnone\"><img aria-describedby=\"caption-attachment-1139\" decoding=\"async\" loading=\"lazy\" src=\"\/\/www.escapades-photographiques.ch\/Site\/blog\/..\/blog.uploads\/2012\/12\/088_2012-12-09_5DmII.jpg\" alt=\"\" title=\"L&#039;apr\u00e8s-midi, le stratus \u00e9lev\u00e9 arrive...\" width=\"678\" height=\"452\" class=\"size-full wp-image-1139\" srcset=\"https:\/\/www.escapades-photographiques.ch\/Site\/blog\/..\/blog.uploads\/2012\/12\/088_2012-12-09_5DmII.jpg 678w, https:\/\/www.escapades-photographiques.ch\/Site\/blog\/..\/blog.uploads\/2012\/12\/088_2012-12-09_5DmII-300x200.jpg 300w\" sizes=\"(max-width: 678px) 100vw, 678px\" \/><p id=\"caption-attachment-1139\" class=\"wp-caption-text\">L&rsquo;apr\u00e8s-midi, le stratus \u00e9lev\u00e9 arrive&#8230;<\/p><\/div>\n<div id=\"attachment_1131\" style=\"width: 688px\" class=\"wp-caption alignnone\"><img aria-describedby=\"caption-attachment-1131\" decoding=\"async\" loading=\"lazy\" src=\"\/\/www.escapades-photographiques.ch\/Site\/blog\/..\/blog.uploads\/2012\/12\/089_2012-12-09_5DmII-090_2012-12-09_5DmII_2-images.jpg\" alt=\"\" title=\"En panoramique...\" width=\"678\" height=\"268\" class=\"size-full wp-image-1131\" srcset=\"https:\/\/www.escapades-photographiques.ch\/Site\/blog\/..\/blog.uploads\/2012\/12\/089_2012-12-09_5DmII-090_2012-12-09_5DmII_2-images.jpg 678w, https:\/\/www.escapades-photographiques.ch\/Site\/blog\/..\/blog.uploads\/2012\/12\/089_2012-12-09_5DmII-090_2012-12-09_5DmII_2-images-300x118.jpg 300w\" sizes=\"(max-width: 678px) 100vw, 678px\" \/><p id=\"caption-attachment-1131\" class=\"wp-caption-text\">En panoramique&#8230;<\/p><\/div>\n<div id=\"attachment_1132\" style=\"width: 688px\" class=\"wp-caption alignnone\"><img aria-describedby=\"caption-attachment-1132\" decoding=\"async\" loading=\"lazy\" src=\"\/\/www.escapades-photographiques.ch\/Site\/blog\/..\/blog.uploads\/2012\/12\/096_2012-12-09_5DmII-097_2012-12-09_5DmII_2-images.jpg\" alt=\"\" title=\"En panoramique, plus bas...\" width=\"678\" height=\"252\" class=\"size-full wp-image-1132\" srcset=\"https:\/\/www.escapades-photographiques.ch\/Site\/blog\/..\/blog.uploads\/2012\/12\/096_2012-12-09_5DmII-097_2012-12-09_5DmII_2-images.jpg 678w, https:\/\/www.escapades-photographiques.ch\/Site\/blog\/..\/blog.uploads\/2012\/12\/096_2012-12-09_5DmII-097_2012-12-09_5DmII_2-images-300x111.jpg 300w\" sizes=\"(max-width: 678px) 100vw, 678px\" \/><p id=\"caption-attachment-1132\" class=\"wp-caption-text\">En panoramique, plus bas&#8230;<\/p><\/div>\n<div id=\"attachment_1140\" style=\"width: 327px\" class=\"wp-caption aligncenter\"><img aria-describedby=\"caption-attachment-1140\" decoding=\"async\" loading=\"lazy\" src=\"\/\/www.escapades-photographiques.ch\/Site\/blog\/..\/blog.uploads\/2012\/12\/117_2012-12-09_5DmII.jpg\" alt=\"\" title=\"Belle poudreuse...\" width=\"317\" height=\"476\" class=\"size-full wp-image-1140\" srcset=\"https:\/\/www.escapades-photographiques.ch\/Site\/blog\/..\/blog.uploads\/2012\/12\/117_2012-12-09_5DmII.jpg 317w, https:\/\/www.escapades-photographiques.ch\/Site\/blog\/..\/blog.uploads\/2012\/12\/117_2012-12-09_5DmII-199x300.jpg 199w\" sizes=\"(max-width: 317px) 100vw, 317px\" \/><p id=\"caption-attachment-1140\" class=\"wp-caption-text\">Belle poudreuse&#8230;<\/p><\/div>\n<div id=\"attachment_1141\" style=\"width: 688px\" class=\"wp-caption alignnone\"><img aria-describedby=\"caption-attachment-1141\" decoding=\"async\" loading=\"lazy\" src=\"\/\/www.escapades-photographiques.ch\/Site\/blog\/..\/blog.uploads\/2012\/12\/118_2012-12-09_5DmII.jpg\" alt=\"\" title=\"Lors de la descente, vers les chalets de Lachat\" width=\"678\" height=\"452\" class=\"size-full wp-image-1141\" srcset=\"https:\/\/www.escapades-photographiques.ch\/Site\/blog\/..\/blog.uploads\/2012\/12\/118_2012-12-09_5DmII.jpg 678w, https:\/\/www.escapades-photographiques.ch\/Site\/blog\/..\/blog.uploads\/2012\/12\/118_2012-12-09_5DmII-300x200.jpg 300w\" sizes=\"(max-width: 678px) 100vw, 678px\" \/><p id=\"caption-attachment-1141\" class=\"wp-caption-text\">Lors de la descente, vers les chalets de Lachat<\/p><\/div>\n<div id=\"attachment_1142\" style=\"width: 688px\" class=\"wp-caption alignnone\"><img aria-describedby=\"caption-attachment-1142\" decoding=\"async\" loading=\"lazy\" src=\"\/\/www.escapades-photographiques.ch\/Site\/blog\/..\/blog.uploads\/2012\/12\/119_2012-12-09_5DmII.jpg\" alt=\"\" title=\"Descente vers les chalets de Lachat\" width=\"678\" height=\"452\" class=\"size-full wp-image-1142\" srcset=\"https:\/\/www.escapades-photographiques.ch\/Site\/blog\/..\/blog.uploads\/2012\/12\/119_2012-12-09_5DmII.jpg 678w, https:\/\/www.escapades-photographiques.ch\/Site\/blog\/..\/blog.uploads\/2012\/12\/119_2012-12-09_5DmII-300x200.jpg 300w\" sizes=\"(max-width: 678px) 100vw, 678px\" \/><p id=\"caption-attachment-1142\" class=\"wp-caption-text\">Descente vers les chalets de Lachat<\/p><\/div>\n<p><br style=\"clear: both;\" \/><br \/>\n<strong>Animations panoramiques:<\/strong><\/p>\n\n<!-- PanoPress [1.0] -->\n<p style=\"font-size: 12px;\" id=\"pp_122865_explain\"><code><em>Note: aucune animation panoramique possible car Javascript n'est pas activ\u00e9. Veuillez l'activer pour afficher les animations.<\/em><\/code><\/p>\n<div class=\"pp-embed\" id=\"pp_122865_embed\"><img src=\"\/\/www.escapades-photographiques.ch\/Site\/blog\/..\/blog.uploads\/panoramics\/%5B2012-12-09_042_5DmII%5D-%5B2012-12-09_046_5DmII%5D_(5%20images)\/image_blog\/%5B2012-12-09_042_5DmII%5D-%5B2012-12-09_046_5DmII%5D_(5%20images).jpg\" alt=\"Animation panoramique\" title=\"Campagne genevoise, gessienne, haute-savoyarde et cr\u00eate du Haut-Jura en direction de Bellegarde\" class=\"aligncenter size-full\" \/><\/div>\n<script type=\"text\/javascript\">\n  jQuery( function() { pano_display.pano_embed( {\"explain\":true,\"id\":\"pp_122865\",\"obj_panopress\":{\"id\":\"pp_122865\",\"type\":\"html\",\"version\":\"4.0\",\"viewer\":null,\"width\":\"690\",\"height\":\"460\",\"title\":\"Campagne genevoise, gessienne, haute-savoyarde et cr\\u00eate du Haut-Jura en direction de Bellegarde\",\"alt\":null,\"button\":true,\"panobox\":false,\"preview\":\"\",\"file\":\"\/\/www.escapades-photographiques.ch\/Site\/blog\/..\/blog.uploads\/panoramics\/%5B2012-12-09_042_5DmII%5D-%5B2012-12-09_046_5DmII%5D_(5%20images)\/%5B2012-12-09_042_5DmII%5D-%5B2012-12-09_046_5DmII%5D_(5%20images).html\",\"button_img\":\"\/\/www.escapades-photographiques.ch\/Site\/blog\/..\/blog.uploads\/panoramics\/%5B2012-12-09_042_5DmII%5D-%5B2012-12-09_046_5DmII%5D_(5%20images)\/image_blog\/%5B2012-12-09_042_5DmII%5D-%5B2012-12-09_046_5DmII%5D_(5%20images).play.jpg\",\"params\":{\"base\":\"\/\/www.escapades-photographiques.ch\/Site\/blog\/..\/blog.uploads\/panoramics\/%5B2012-12-09_042_5DmII%5D-%5B2012-12-09_046_5DmII%5D_(5%20images)\/\"}},\"panobox\":false,\"settings_alt\":null,\"settings_preview\":\"\",\"width\":\"690\",\"height\":\"460\"}); } );\n<\/script>\n<p style=\"text-align: center;padding-top: 8px;\">Campagne genevoise, gessienne, haute-savoyarde et cr\u00eate du Haut-Jura en direction de Bellegarde<\/p>\n<!-- \/PanoPress -->\n\n\n<!-- PanoPress [1.0] -->\n<div class=\"pp-embed\" id=\"pp_989252_embed\"><img src=\"\/\/www.escapades-photographiques.ch\/Site\/blog\/..\/blog.uploads\/panoramics\/%5B2012-12-09_048_5DmII%5D-%5B2012-12-09_052_5DmII%5D_(5%20images)\/image_blog\/%5B2012-12-09_048_5DmII%5D-%5B2012-12-09_052_5DmII%5D_(5%20images).jpg\" alt=\"Animation panoramique\" title=\"Le Cr\u00eat de la Neige et le lac L\u00e9man depuis le Reculet\" class=\"aligncenter size-full\" \/><\/div>\n<script type=\"text\/javascript\">\n  jQuery( function() { pano_display.pano_embed( {\"explain\":null,\"id\":\"pp_989252\",\"obj_panopress\":{\"id\":\"pp_989252\",\"type\":\"html\",\"version\":\"4.0\",\"viewer\":null,\"width\":\"690\",\"height\":\"460\",\"title\":\"Le Cr\\u00eat de la Neige et le lac L\\u00e9man depuis le Reculet\",\"alt\":null,\"button\":true,\"panobox\":false,\"preview\":\"\",\"file\":\"\/\/www.escapades-photographiques.ch\/Site\/blog\/..\/blog.uploads\/panoramics\/%5B2012-12-09_048_5DmII%5D-%5B2012-12-09_052_5DmII%5D_(5%20images)\/%5B2012-12-09_048_5DmII%5D-%5B2012-12-09_052_5DmII%5D_(5%20images).html\",\"button_img\":\"\/\/www.escapades-photographiques.ch\/Site\/blog\/..\/blog.uploads\/panoramics\/%5B2012-12-09_048_5DmII%5D-%5B2012-12-09_052_5DmII%5D_(5%20images)\/image_blog\/%5B2012-12-09_048_5DmII%5D-%5B2012-12-09_052_5DmII%5D_(5%20images).play.jpg\",\"params\":{\"base\":\"\/\/www.escapades-photographiques.ch\/Site\/blog\/..\/blog.uploads\/panoramics\/%5B2012-12-09_048_5DmII%5D-%5B2012-12-09_052_5DmII%5D_(5%20images)\/\"}},\"panobox\":false,\"settings_alt\":null,\"settings_preview\":\"\",\"width\":\"690\",\"height\":\"460\"}); } );\n<\/script>\n<p style=\"text-align: center;padding-top: 8px;\">Le Cr\u00eat de la Neige et le lac L\u00e9man depuis le Reculet<\/p>\n<!-- \/PanoPress -->\n\n\n<!-- PanoPress [1.0] -->\n<div class=\"pp-embed\" id=\"pp_951683_embed\"><img src=\"\/\/www.escapades-photographiques.ch\/Site\/blog\/..\/blog.uploads\/panoramics\/%5B2012-12-09_081_5DmII%5D-%5B2012-12-09_083_5DmII%5D_(3%20images)\/image_blog\/%5B2012-12-09_081_5DmII%5D-%5B2012-12-09_083_5DmII%5D_(3%20images).jpg\" alt=\"Animation panoramique\" title=\"Le stratus l'apr\u00e8s-midi au-dessus de la cr\u00eate du Haut-Jura\" class=\"aligncenter size-full\" \/><\/div>\n<script type=\"text\/javascript\">\n  jQuery( function() { pano_display.pano_embed( {\"explain\":null,\"id\":\"pp_951683\",\"obj_panopress\":{\"id\":\"pp_951683\",\"type\":\"html\",\"version\":\"4.0\",\"viewer\":null,\"width\":\"690\",\"height\":\"460\",\"title\":\"Le stratus l'apr\\u00e8s-midi au-dessus de la cr\\u00eate du Haut-Jura\",\"alt\":null,\"button\":true,\"panobox\":false,\"preview\":\"\",\"file\":\"\/\/www.escapades-photographiques.ch\/Site\/blog\/..\/blog.uploads\/panoramics\/%5B2012-12-09_081_5DmII%5D-%5B2012-12-09_083_5DmII%5D_(3%20images)\/%5B2012-12-09_081_5DmII%5D-%5B2012-12-09_083_5DmII%5D_(3%20images).html\",\"button_img\":\"\/\/www.escapades-photographiques.ch\/Site\/blog\/..\/blog.uploads\/panoramics\/%5B2012-12-09_081_5DmII%5D-%5B2012-12-09_083_5DmII%5D_(3%20images)\/image_blog\/%5B2012-12-09_081_5DmII%5D-%5B2012-12-09_083_5DmII%5D_(3%20images).play.jpg\",\"params\":{\"base\":\"\/\/www.escapades-photographiques.ch\/Site\/blog\/..\/blog.uploads\/panoramics\/%5B2012-12-09_081_5DmII%5D-%5B2012-12-09_083_5DmII%5D_(3%20images)\/\"}},\"panobox\":false,\"settings_alt\":null,\"settings_preview\":\"\",\"width\":\"690\",\"height\":\"460\"}); } );\n<\/script>\n<p style=\"text-align: center;padding-top: 8px;\">Le stratus l'apr\u00e8s-midi au-dessus de la cr\u00eate du Haut-Jura<\/p>\n<!-- \/PanoPress -->\n\n","protected":false},"excerpt":{"rendered":"<p>Randonn\u00e9e \u00e0 ski le 9 d\u00e9cembre. D\u00e9part depuis la vall\u00e9e de la Valserine (hameau de la Rivi\u00e8re) pour le sommet du Reculet (1717m). Mille m\u00e8tres de d\u00e9nivel\u00e9 dans le Jura c&rsquo;est pas banal&nbsp;! Neige poudreuse \u00e0 gogo&#8230; Animations panoramiques:<\/p>\n","protected":false},"author":1,"featured_media":0,"comment_status":"open","ping_status":"open","sticky":false,"template":"","format":"standard","meta":{"footnotes":""},"categories":[204],"tags":[256,257,254,253,255],"_links":{"self":[{"href":"https:\/\/www.escapades-photographiques.ch\/Site\/blog\/wp-json\/wp\/v2\/posts\/1128"}],"collection":[{"href":"https:\/\/www.escapades-photographiques.ch\/Site\/blog\/wp-json\/wp\/v2\/posts"}],"about":[{"href":"https:\/\/www.escapades-photographiques.ch\/Site\/blog\/wp-json\/wp\/v2\/types\/post"}],"author":[{"embeddable":true,"href":"https:\/\/www.escapades-photographiques.ch\/Site\/blog\/wp-json\/wp\/v2\/users\/1"}],"replies":[{"embeddable":true,"href":"https:\/\/www.escapades-photographiques.ch\/Site\/blog\/wp-json\/wp\/v2\/comments?post=1128"}],"version-history":[{"count":66,"href":"https:\/\/www.escapades-photographiques.ch\/Site\/blog\/wp-json\/wp\/v2\/posts\/1128\/revisions"}],"predecessor-version":[{"id":1669,"href":"https:\/\/www.escapades-photographiques.ch\/Site\/blog\/wp-json\/wp\/v2\/posts\/1128\/revisions\/1669"}],"wp:attachment":[{"href":"https:\/\/www.escapades-photographiques.ch\/Site\/blog\/wp-json\/wp\/v2\/media?parent=1128"}],"wp:term":[{"taxonomy":"category","embeddable":true,"href":"https:\/\/www.escapades-photographiques.ch\/Site\/blog\/wp-json\/wp\/v2\/categories?post=1128"},{"taxonomy":"post_tag","embeddable":true,"href":"https:\/\/www.escapades-photographiques.ch\/Site\/blog\/wp-json\/wp\/v2\/tags?post=1128"}],"curies":[{"name":"wp","href":"https:\/\/api.w.org\/{rel}","templated":true}]}}