{"id":1211,"date":"2013-01-04T01:04:04","date_gmt":"2013-01-03T23:04:04","guid":{"rendered":"http:\/\/www.escapades-photographiques.ch\/Site\/blog\/?p=1211"},"modified":"2014-03-15T09:20:15","modified_gmt":"2014-03-15T08:20:15","slug":"traversee_du_haut_atlas","status":"publish","type":"post","link":"https:\/\/www.escapades-photographiques.ch\/Site\/blog\/2013\/actualite\/traversee_du_haut_atlas\/","title":{"rendered":"Nouvel album photo"},"content":{"rendered":"<p>Un nouvel album photo a \u00e9t\u00e9 ajout\u00e9 dans la rubrique &laquo;&nbsp;<a href=\"\/Voyages_reportages\/Menu\" target=\"_blank\">Reportages photographiques<\/a>&nbsp;&raquo;.<br \/>\nIntitul\u00e9, &laquo;&nbsp;<a href=\"\/Voyages_reportages\/Maroc_2012\" target=\"_blank\">Travers\u00e9e du Haut-Atlas, Maroc<\/a>&nbsp;&raquo;, c&rsquo;est le carnet de voyage d&rsquo;un trek effectu\u00e9 dans le Haut-Atlas marocain \u00e0 la fin de l&rsquo;\u00e9t\u00e9 2012. D\u00e9part \u00e0 pied depuis la r\u00e9gion du Ighil M&rsquo;Goun jusqu&rsquo;au massif du Toubkal en dix-huit jours.<\/p>\n<p>Bonne visite et excellente nouvelle ann\u00e9e 2013.<\/p>\n<p>Alexandre.<\/p>\n<div id=\"attachment_1232\" style=\"width: 688px\" class=\"wp-caption alignleft\"><a href=\"\/Voyages_reportages\/Maroc_2012\" target=\"_blank\"><img aria-describedby=\"caption-attachment-1232\" decoding=\"async\" loading=\"lazy\" src=\"\/Site\/blog\/..\/blog.uploads\/2013\/01\/101_2012-08-30_5DmII-102_2012-08-30_5DmII_2-images.jpg\" alt=\"\" title=\"Plateau de Tarkedit: vue sur la cha\u00eene du Ighil M&#039;Goun\" width=\"678\" height=\"230\" class=\"size-full wp-image-1232\" srcset=\"https:\/\/www.escapades-photographiques.ch\/Site\/blog\/..\/blog.uploads\/2013\/01\/101_2012-08-30_5DmII-102_2012-08-30_5DmII_2-images.jpg 678w, https:\/\/www.escapades-photographiques.ch\/Site\/blog\/..\/blog.uploads\/2013\/01\/101_2012-08-30_5DmII-102_2012-08-30_5DmII_2-images-300x101.jpg 300w\" sizes=\"(max-width: 678px) 100vw, 678px\" \/><\/a><p id=\"caption-attachment-1232\" class=\"wp-caption-text\">Plateau de Tarkedit: vue sur la cha\u00eene du Ighil M&rsquo;Goun<\/p><\/div>\n","protected":false},"excerpt":{"rendered":"<p>Un nouvel album photo a \u00e9t\u00e9 ajout\u00e9 dans la rubrique &laquo;&nbsp;Reportages photographiques&nbsp;&raquo;. Intitul\u00e9, &laquo;&nbsp;Travers\u00e9e du Haut-Atlas, Maroc&nbsp;&raquo;, c&rsquo;est le carnet de voyage d&rsquo;un trek effectu\u00e9 dans le Haut-Atlas marocain \u00e0 la fin de l&rsquo;\u00e9t\u00e9 2012. D\u00e9part \u00e0 pied depuis la r\u00e9gion du Ighil M&rsquo;Goun jusqu&rsquo;au massif du Toubkal en dix-huit jours. Bonne visite et excellente <a href='https:\/\/www.escapades-photographiques.ch\/Site\/blog\/2013\/actualite\/traversee_du_haut_atlas\/' class='excerpt-more'>[&#8230;]<\/a><\/p>\n","protected":false},"author":1,"featured_media":0,"comment_status":"open","ping_status":"open","sticky":false,"template":"","format":"standard","meta":{"footnotes":""},"categories":[1,204],"tags":[270,263,258,273,261,259,265,267,268,266,271,272,264,262,260,269],"_links":{"self":[{"href":"https:\/\/www.escapades-photographiques.ch\/Site\/blog\/wp-json\/wp\/v2\/posts\/1211"}],"collection":[{"href":"https:\/\/www.escapades-photographiques.ch\/Site\/blog\/wp-json\/wp\/v2\/posts"}],"about":[{"href":"https:\/\/www.escapades-photographiques.ch\/Site\/blog\/wp-json\/wp\/v2\/types\/post"}],"author":[{"embeddable":true,"href":"https:\/\/www.escapades-photographiques.ch\/Site\/blog\/wp-json\/wp\/v2\/users\/1"}],"replies":[{"embeddable":true,"href":"https:\/\/www.escapades-photographiques.ch\/Site\/blog\/wp-json\/wp\/v2\/comments?post=1211"}],"version-history":[{"count":27,"href":"https:\/\/www.escapades-photographiques.ch\/Site\/blog\/wp-json\/wp\/v2\/posts\/1211\/revisions"}],"predecessor-version":[{"id":2004,"href":"https:\/\/www.escapades-photographiques.ch\/Site\/blog\/wp-json\/wp\/v2\/posts\/1211\/revisions\/2004"}],"wp:attachment":[{"href":"https:\/\/www.escapades-photographiques.ch\/Site\/blog\/wp-json\/wp\/v2\/media?parent=1211"}],"wp:term":[{"taxonomy":"category","embeddable":true,"href":"https:\/\/www.escapades-photographiques.ch\/Site\/blog\/wp-json\/wp\/v2\/categories?post=1211"},{"taxonomy":"post_tag","embeddable":true,"href":"https:\/\/www.escapades-photographiques.ch\/Site\/blog\/wp-json\/wp\/v2\/tags?post=1211"}],"curies":[{"name":"wp","href":"https:\/\/api.w.org\/{rel}","templated":true}]}}