{"id":1286,"date":"2013-02-03T14:32:25","date_gmt":"2013-02-03T12:32:25","guid":{"rendered":"http:\/\/www.escapades-photographiques.ch\/Site\/blog\/?p=1286"},"modified":"2013-02-03T14:55:33","modified_gmt":"2013-02-03T12:55:33","slug":"bivouac-de-lete-2012-variation-sur-le-theme-de-laube","status":"publish","type":"post","link":"https:\/\/www.escapades-photographiques.ch\/Site\/blog\/2013\/randonnee\/bivouac-de-lete-2012-variation-sur-le-theme-de-laube\/","title":{"rendered":"Bivouac de l&rsquo;\u00e9t\u00e9 2012: variation sur le th\u00e8me de l&rsquo;aube"},"content":{"rendered":"<p>Petit retour en arri\u00e8re sur des photographies r\u00e9alis\u00e9es \u00e0 l&rsquo;occasion d&rsquo;un bivouac effectu\u00e9 l&rsquo;\u00e9t\u00e9 pass\u00e9 entre le val d&rsquo;H\u00e9rens et le val de Moiry (ao\u00fbt 2012). Ce f\u00fbt l&rsquo;occasion de partir avec le tr\u00e9pied et un appareil argentique moyen-format 6x7cm pour saisir les premi\u00e8res lueurs de l&rsquo;aube.<\/p>\n<div id=\"attachment_1301\" style=\"width: 551px\" class=\"wp-caption aligncenter\"><img aria-describedby=\"caption-attachment-1301\" decoding=\"async\" loading=\"lazy\" title=\"Le lac de Moiry (premier jour)\" src=\"\/\/www.escapades-photographiques.ch\/Site\/blog\/..\/blog.uploads\/2013\/02\/F171_I021.jpg\" alt=\"Le lac de Moiry (premier jour)\" width=\"541\" height=\"678\" class=\"size-full wp-image-1301\" srcset=\"https:\/\/www.escapades-photographiques.ch\/Site\/blog\/..\/blog.uploads\/2013\/02\/F171_I021.jpg 541w, https:\/\/www.escapades-photographiques.ch\/Site\/blog\/..\/blog.uploads\/2013\/02\/F171_I021-239x300.jpg 239w\" sizes=\"(max-width: 541px) 100vw, 541px\" \/><p id=\"caption-attachment-1301\" class=\"wp-caption-text\">Le lac de Moiry (premier jour)<\/p><\/div>\n<div id=\"attachment_1298\" style=\"width: 688px\" class=\"wp-caption alignnone\"><img aria-describedby=\"caption-attachment-1298\" decoding=\"async\" loading=\"lazy\" title=\"Place de bivouac (le matin du deuxi\u00e8me jour)\" src=\"\/\/www.escapades-photographiques.ch\/Site\/blog\/..\/blog.uploads\/2013\/02\/F173_I03.jpg\" alt=\"Place de bivouac (le matin du deuxi\u00e8me jour)\" width=\"678\" height=\"542\" class=\"size-full wp-image-1298\" srcset=\"https:\/\/www.escapades-photographiques.ch\/Site\/blog\/..\/blog.uploads\/2013\/02\/F173_I03.jpg 678w, https:\/\/www.escapades-photographiques.ch\/Site\/blog\/..\/blog.uploads\/2013\/02\/F173_I03-300x239.jpg 300w\" sizes=\"(max-width: 678px) 100vw, 678px\" \/><p id=\"caption-attachment-1298\" class=\"wp-caption-text\">Place de bivouac (le matin du deuxi\u00e8me jour)<\/p><\/div>\n<div id=\"attachment_1291\" style=\"width: 688px\" class=\"wp-caption alignnone\"><img aria-describedby=\"caption-attachment-1291\" decoding=\"async\" loading=\"lazy\" title=\"Aube sur les Alpes valaisannes (phase 1)\" src=\"\/\/www.escapades-photographiques.ch\/Site\/blog\/..\/blog.uploads\/2013\/02\/F171_I06.jpg\" alt=\"Aube sur les Alpes valaisannes (phase 1)\" width=\"678\" height=\"539\" class=\"size-full wp-image-1291\" srcset=\"https:\/\/www.escapades-photographiques.ch\/Site\/blog\/..\/blog.uploads\/2013\/02\/F171_I06.jpg 678w, https:\/\/www.escapades-photographiques.ch\/Site\/blog\/..\/blog.uploads\/2013\/02\/F171_I06-300x238.jpg 300w\" sizes=\"(max-width: 678px) 100vw, 678px\" \/><p id=\"caption-attachment-1291\" class=\"wp-caption-text\">Aube sur les Alpes valaisannes (phase 1)<\/p><\/div>\n<div id=\"attachment_1292\" style=\"width: 688px\" class=\"wp-caption alignnone\"><img aria-describedby=\"caption-attachment-1292\" decoding=\"async\" loading=\"lazy\" title=\"Aube sur les Alpes valaisannes (phase 2)\" src=\"\/\/www.escapades-photographiques.ch\/Site\/blog\/..\/blog.uploads\/2013\/02\/F171_I08.jpg\" alt=\"Aube sur les Alpes valaisannes (phase 2)\" width=\"678\" height=\"534\" class=\"size-full wp-image-1292\" srcset=\"https:\/\/www.escapades-photographiques.ch\/Site\/blog\/..\/blog.uploads\/2013\/02\/F171_I08.jpg 678w, https:\/\/www.escapades-photographiques.ch\/Site\/blog\/..\/blog.uploads\/2013\/02\/F171_I08-300x236.jpg 300w\" sizes=\"(max-width: 678px) 100vw, 678px\" \/><p id=\"caption-attachment-1292\" class=\"wp-caption-text\">Aube sur les Alpes valaisannes (phase 2)<\/p><\/div>\n<div id=\"attachment_1293\" style=\"width: 688px\" class=\"wp-caption alignnone\"><img aria-describedby=\"caption-attachment-1293\" decoding=\"async\" loading=\"lazy\" title=\"Aube sur les Alpes valaisannes (phase 3)\" src=\"\/\/www.escapades-photographiques.ch\/Site\/blog\/..\/blog.uploads\/2013\/02\/F172_I01.jpg\" alt=\"Aube sur les Alpes valaisannes (phase 3)\" width=\"678\" height=\"533\" class=\"size-full wp-image-1293\" srcset=\"https:\/\/www.escapades-photographiques.ch\/Site\/blog\/..\/blog.uploads\/2013\/02\/F172_I01.jpg 678w, https:\/\/www.escapades-photographiques.ch\/Site\/blog\/..\/blog.uploads\/2013\/02\/F172_I01-300x235.jpg 300w\" sizes=\"(max-width: 678px) 100vw, 678px\" \/><p id=\"caption-attachment-1293\" class=\"wp-caption-text\">Aube sur les Alpes valaisannes (phase 3)<\/p><\/div>\n<div id=\"attachment_1294\" style=\"width: 688px\" class=\"wp-caption alignnone\"><img aria-describedby=\"caption-attachment-1294\" decoding=\"async\" loading=\"lazy\" title=\"Aube sur les Alpes valaisannes (phase 4)\" src=\"\/\/www.escapades-photographiques.ch\/Site\/blog\/..\/blog.uploads\/2013\/02\/F172_I02.jpg\" alt=\"Aube sur les Alpes valaisannes (phase 4)\" width=\"678\" height=\"537\" class=\"size-full wp-image-1294\" srcset=\"https:\/\/www.escapades-photographiques.ch\/Site\/blog\/..\/blog.uploads\/2013\/02\/F172_I02.jpg 678w, https:\/\/www.escapades-photographiques.ch\/Site\/blog\/..\/blog.uploads\/2013\/02\/F172_I02-300x237.jpg 300w\" sizes=\"(max-width: 678px) 100vw, 678px\" \/><p id=\"caption-attachment-1294\" class=\"wp-caption-text\">Aube sur les Alpes valaisannes (phase 4)<\/p><\/div>\n<div id=\"attachment_1295\" style=\"width: 688px\" class=\"wp-caption alignnone\"><img aria-describedby=\"caption-attachment-1295\" decoding=\"async\" loading=\"lazy\" title=\"Aube sur les Alpes valaisannes (phase 5)\" src=\"\/\/www.escapades-photographiques.ch\/Site\/blog\/..\/blog.uploads\/2013\/02\/F172_I04.jpg\" alt=\"Aube sur les Alpes valaisannes (phase 5)\" width=\"678\" height=\"542\" class=\"size-full wp-image-1295\" srcset=\"https:\/\/www.escapades-photographiques.ch\/Site\/blog\/..\/blog.uploads\/2013\/02\/F172_I04.jpg 678w, https:\/\/www.escapades-photographiques.ch\/Site\/blog\/..\/blog.uploads\/2013\/02\/F172_I04-300x239.jpg 300w\" sizes=\"(max-width: 678px) 100vw, 678px\" \/><p id=\"caption-attachment-1295\" class=\"wp-caption-text\">Aube sur les Alpes valaisannes (phase 5)<\/p><\/div>\n<div id=\"attachment_1296\" style=\"width: 688px\" class=\"wp-caption alignnone\"><img aria-describedby=\"caption-attachment-1296\" decoding=\"async\" loading=\"lazy\" title=\"Aurore sur les Alpes valaisannes (phase 6)\" src=\"\/\/www.escapades-photographiques.ch\/Site\/blog\/..\/blog.uploads\/2013\/02\/F172_I05.jpg\" alt=\"Aurore sur les Alpes valaisannes (phase 6)\" width=\"678\" height=\"544\" class=\"size-full wp-image-1296\" srcset=\"https:\/\/www.escapades-photographiques.ch\/Site\/blog\/..\/blog.uploads\/2013\/02\/F172_I05.jpg 678w, https:\/\/www.escapades-photographiques.ch\/Site\/blog\/..\/blog.uploads\/2013\/02\/F172_I05-300x240.jpg 300w\" sizes=\"(max-width: 678px) 100vw, 678px\" \/><p id=\"caption-attachment-1296\" class=\"wp-caption-text\">Aurore sur les Alpes valaisannes (phase 6)<\/p><\/div>\n<div id=\"attachment_1289\" style=\"width: 688px\" class=\"wp-caption alignnone\"><img aria-describedby=\"caption-attachment-1289\" decoding=\"async\" loading=\"lazy\" title=\"Aube sur les Alpes valaisannes (assemblage de trois photos)\" src=\"\/\/www.escapades-photographiques.ch\/Site\/blog\/..\/blog.uploads\/2013\/02\/F171_I08-F171_I10_3-images.jpg\" alt=\"Aube sur les Alpes valaisannes (assemblage de trois photos)\" width=\"678\" height=\"252\" class=\"size-full wp-image-1289\" srcset=\"https:\/\/www.escapades-photographiques.ch\/Site\/blog\/..\/blog.uploads\/2013\/02\/F171_I08-F171_I10_3-images.jpg 678w, https:\/\/www.escapades-photographiques.ch\/Site\/blog\/..\/blog.uploads\/2013\/02\/F171_I08-F171_I10_3-images-300x111.jpg 300w\" sizes=\"(max-width: 678px) 100vw, 678px\" \/><p id=\"caption-attachment-1289\" class=\"wp-caption-text\">Aube sur les Alpes valaisannes (assemblage de trois photos)<\/p><\/div>\n<div id=\"attachment_1297\" style=\"width: 688px\" class=\"wp-caption alignnone\"><img aria-describedby=\"caption-attachment-1297\" decoding=\"async\" loading=\"lazy\" title=\"Premiers rayons du soleil au-dessus du lac des Autannes (\u00e9ph\u00e9m\u00e8res avec l&#039;arriv\u00e9e des nuages par l&#039;ouest)\" src=\"\/\/www.escapades-photographiques.ch\/Site\/blog\/..\/blog.uploads\/2013\/02\/F172_I10.jpg\" alt=\"Premiers rayons du soleil au-dessus du lac des Autannes (\u00e9ph\u00e9m\u00e8res avec l&#039;arriv\u00e9e des nuages par l&#039;ouest)\" width=\"678\" height=\"539\" class=\"size-full wp-image-1297\" srcset=\"https:\/\/www.escapades-photographiques.ch\/Site\/blog\/..\/blog.uploads\/2013\/02\/F172_I10.jpg 678w, https:\/\/www.escapades-photographiques.ch\/Site\/blog\/..\/blog.uploads\/2013\/02\/F172_I10-300x238.jpg 300w\" sizes=\"(max-width: 678px) 100vw, 678px\" \/><p id=\"caption-attachment-1297\" class=\"wp-caption-text\">Premiers rayons du soleil au-dessus du lac des Autannes (\u00e9ph\u00e9m\u00e8res avec l&rsquo;arriv\u00e9e des nuages par l&rsquo;ouest)<\/p><\/div>\n<div id=\"attachment_1299\" style=\"width: 688px\" class=\"wp-caption alignnone\"><img aria-describedby=\"caption-attachment-1299\" decoding=\"async\" loading=\"lazy\" title=\"Petit lac \u00e0 c\u00f4t\u00e9 du lieu de bivouac\" src=\"\/\/www.escapades-photographiques.ch\/Site\/blog\/..\/blog.uploads\/2013\/02\/F173_I05.jpg\" alt=\"Petit lac \u00e0 c\u00f4t\u00e9 du lieu de bivouac\" width=\"678\" height=\"546\" class=\"size-full wp-image-1299\" srcset=\"https:\/\/www.escapades-photographiques.ch\/Site\/blog\/..\/blog.uploads\/2013\/02\/F173_I05.jpg 678w, https:\/\/www.escapades-photographiques.ch\/Site\/blog\/..\/blog.uploads\/2013\/02\/F173_I05-300x241.jpg 300w\" sizes=\"(max-width: 678px) 100vw, 678px\" \/><p id=\"caption-attachment-1299\" class=\"wp-caption-text\">Petit lac \u00e0 c\u00f4t\u00e9 du lieu de bivouac<\/p><\/div>\n<div id=\"attachment_1300\" style=\"width: 688px\" class=\"wp-caption alignnone\"><img aria-describedby=\"caption-attachment-1300\" decoding=\"async\" loading=\"lazy\" title=\"Petit lac \u00e0 c\u00f4t\u00e9 du lieu de bivouac (les nuages arrivent rapidement)\" src=\"\/\/www.escapades-photographiques.ch\/Site\/blog\/..\/blog.uploads\/2013\/02\/F173_I06.jpg\" alt=\"Petit lac \u00e0 c\u00f4t\u00e9 du lieu de bivouac (les nuages arrivent rapidement)\" width=\"678\" height=\"549\" class=\"size-full wp-image-1300\" srcset=\"https:\/\/www.escapades-photographiques.ch\/Site\/blog\/..\/blog.uploads\/2013\/02\/F173_I06.jpg 678w, https:\/\/www.escapades-photographiques.ch\/Site\/blog\/..\/blog.uploads\/2013\/02\/F173_I06-300x242.jpg 300w\" sizes=\"(max-width: 678px) 100vw, 678px\" \/><p id=\"caption-attachment-1300\" class=\"wp-caption-text\">Petit lac \u00e0 c\u00f4t\u00e9 du lieu de bivouac (les nuages arrivent rapidement)<\/p><\/div>\n<p><em>Note: photographies r\u00e9alis\u00e9es avec des films inversibles Fuji Velvia 50 et Velvia 100F.<\/em><\/p>\n","protected":false},"excerpt":{"rendered":"<p>Petit retour en arri\u00e8re sur des photographies r\u00e9alis\u00e9es \u00e0 l&rsquo;occasion d&rsquo;un bivouac effectu\u00e9 l&rsquo;\u00e9t\u00e9 pass\u00e9 entre le val d&rsquo;H\u00e9rens et le val de Moiry (ao\u00fbt 2012). Ce f\u00fbt l&rsquo;occasion de partir avec le tr\u00e9pied et un appareil argentique moyen-format 6x7cm pour saisir les premi\u00e8res lueurs de l&rsquo;aube. Note: photographies r\u00e9alis\u00e9es avec des films inversibles Fuji <a href='https:\/\/www.escapades-photographiques.ch\/Site\/blog\/2013\/randonnee\/bivouac-de-lete-2012-variation-sur-le-theme-de-laube\/' class='excerpt-more'>[&#8230;]<\/a><\/p>\n","protected":false},"author":1,"featured_media":0,"comment_status":"open","ping_status":"open","sticky":false,"template":"","format":"standard","meta":{"footnotes":""},"categories":[204],"tags":[281,279,280,277,276,275,278],"_links":{"self":[{"href":"https:\/\/www.escapades-photographiques.ch\/Site\/blog\/wp-json\/wp\/v2\/posts\/1286"}],"collection":[{"href":"https:\/\/www.escapades-photographiques.ch\/Site\/blog\/wp-json\/wp\/v2\/posts"}],"about":[{"href":"https:\/\/www.escapades-photographiques.ch\/Site\/blog\/wp-json\/wp\/v2\/types\/post"}],"author":[{"embeddable":true,"href":"https:\/\/www.escapades-photographiques.ch\/Site\/blog\/wp-json\/wp\/v2\/users\/1"}],"replies":[{"embeddable":true,"href":"https:\/\/www.escapades-photographiques.ch\/Site\/blog\/wp-json\/wp\/v2\/comments?post=1286"}],"version-history":[{"count":29,"href":"https:\/\/www.escapades-photographiques.ch\/Site\/blog\/wp-json\/wp\/v2\/posts\/1286\/revisions"}],"predecessor-version":[{"id":1328,"href":"https:\/\/www.escapades-photographiques.ch\/Site\/blog\/wp-json\/wp\/v2\/posts\/1286\/revisions\/1328"}],"wp:attachment":[{"href":"https:\/\/www.escapades-photographiques.ch\/Site\/blog\/wp-json\/wp\/v2\/media?parent=1286"}],"wp:term":[{"taxonomy":"category","embeddable":true,"href":"https:\/\/www.escapades-photographiques.ch\/Site\/blog\/wp-json\/wp\/v2\/categories?post=1286"},{"taxonomy":"post_tag","embeddable":true,"href":"https:\/\/www.escapades-photographiques.ch\/Site\/blog\/wp-json\/wp\/v2\/tags?post=1286"}],"curies":[{"name":"wp","href":"https:\/\/api.w.org\/{rel}","templated":true}]}}