{"id":1330,"date":"2013-02-11T20:26:07","date_gmt":"2013-02-11T18:26:07","guid":{"rendered":"http:\/\/www.escapades-photographiques.ch\/Site\/blog\/?p=1330"},"modified":"2013-02-11T20:26:07","modified_gmt":"2013-02-11T18:26:07","slug":"ski-de-randonnee-au-chasseron-jura-suisse","status":"publish","type":"post","link":"https:\/\/www.escapades-photographiques.ch\/Site\/blog\/2013\/randonnee\/ski-de-randonnee-au-chasseron-jura-suisse\/","title":{"rendered":"Ski de randonn\u00e9e au Chasseron (Jura suisse)"},"content":{"rendered":"<p>Ballade jurassienne le dimanche 10 f\u00e9vrier au Chasseron, pr\u00e8s de St-Croix, dans le Jura vaudois. Temp\u00e9rature de -10\u00b0C par fort vent de sud-est sur les cr\u00eates. Quelques images ci-dessous.<\/p>\n<div id=\"attachment_1333\" style=\"width: 462px\" class=\"wp-caption aligncenter\"><img aria-describedby=\"caption-attachment-1333\" decoding=\"async\" loading=\"lazy\" title=\"Dans la for\u00eat, versant sud-est du Chasseron\" src=\"\/\/www.escapades-photographiques.ch\/Site\/blog\/..\/blog.uploads\/2013\/02\/023_2013-02-10_5DmII.jpg\" alt=\"Dans la for\u00eat, versant sud-est du Chasseron\" width=\"452\" height=\"678\" class=\"size-full wp-image-1333\" srcset=\"https:\/\/www.escapades-photographiques.ch\/Site\/blog\/..\/blog.uploads\/2013\/02\/023_2013-02-10_5DmII.jpg 452w, https:\/\/www.escapades-photographiques.ch\/Site\/blog\/..\/blog.uploads\/2013\/02\/023_2013-02-10_5DmII-200x300.jpg 200w\" sizes=\"(max-width: 452px) 100vw, 452px\" \/><p id=\"caption-attachment-1333\" class=\"wp-caption-text\">Dans la for\u00eat, versant sud-est du Chasseron<\/p><\/div>\n<div id=\"attachment_1334\" style=\"width: 688px\" class=\"wp-caption aligncenter\"><img aria-describedby=\"caption-attachment-1334\" decoding=\"async\" loading=\"lazy\" title=\"Versant sud-est du Chasseron, peu avant le sommet vers 1500m\" src=\"\/\/www.escapades-photographiques.ch\/Site\/blog\/..\/blog.uploads\/2013\/02\/027_2013-02-10_5DmII.jpg\" alt=\"Versant sud-est du Chasseron, peu avant le sommet vers 1500m\" width=\"678\" height=\"452\" class=\"size-full wp-image-1334\" srcset=\"https:\/\/www.escapades-photographiques.ch\/Site\/blog\/..\/blog.uploads\/2013\/02\/027_2013-02-10_5DmII.jpg 678w, https:\/\/www.escapades-photographiques.ch\/Site\/blog\/..\/blog.uploads\/2013\/02\/027_2013-02-10_5DmII-300x200.jpg 300w\" sizes=\"(max-width: 678px) 100vw, 678px\" \/><p id=\"caption-attachment-1334\" class=\"wp-caption-text\">Versant sud-est du Chasseron, peu avant le sommet vers 1500m<\/p><\/div>\n<div id=\"attachment_1335\" style=\"width: 688px\" class=\"wp-caption aligncenter\"><img aria-describedby=\"caption-attachment-1335\" decoding=\"async\" loading=\"lazy\" title=\"Mont de la Maya (1465m)\" src=\"\/\/www.escapades-photographiques.ch\/Site\/blog\/..\/blog.uploads\/2013\/02\/038_2013-02-10_5DmII.jpg\" alt=\"Mont de la Maya (1465m)\" width=\"678\" height=\"452\" class=\"size-full wp-image-1335\" srcset=\"https:\/\/www.escapades-photographiques.ch\/Site\/blog\/..\/blog.uploads\/2013\/02\/038_2013-02-10_5DmII.jpg 678w, https:\/\/www.escapades-photographiques.ch\/Site\/blog\/..\/blog.uploads\/2013\/02\/038_2013-02-10_5DmII-300x200.jpg 300w\" sizes=\"(max-width: 678px) 100vw, 678px\" \/><p id=\"caption-attachment-1335\" class=\"wp-caption-text\">Mont de la Maya (1465m)<\/p><\/div>\n<div id=\"attachment_1336\" style=\"width: 688px\" class=\"wp-caption aligncenter\"><img aria-describedby=\"caption-attachment-1336\" decoding=\"async\" loading=\"lazy\" title=\"Roches blanches depuis La Merla\" src=\"\/\/www.escapades-photographiques.ch\/Site\/blog\/..\/blog.uploads\/2013\/02\/041_2013-02-10_5DmII.jpg\" alt=\"Roches blanches depuis La Merla\" width=\"678\" height=\"452\" class=\"size-full wp-image-1336\" srcset=\"https:\/\/www.escapades-photographiques.ch\/Site\/blog\/..\/blog.uploads\/2013\/02\/041_2013-02-10_5DmII.jpg 678w, https:\/\/www.escapades-photographiques.ch\/Site\/blog\/..\/blog.uploads\/2013\/02\/041_2013-02-10_5DmII-300x200.jpg 300w\" sizes=\"(max-width: 678px) 100vw, 678px\" \/><p id=\"caption-attachment-1336\" class=\"wp-caption-text\">Roches blanches depuis La Merla<\/p><\/div>\n<div id=\"attachment_1337\" style=\"width: 688px\" class=\"wp-caption aligncenter\"><img aria-describedby=\"caption-attachment-1337\" decoding=\"async\" loading=\"lazy\" title=\"Chalet de La D\u00e9n\u00e9riaz Dessus (1277m)\" src=\"\/\/www.escapades-photographiques.ch\/Site\/blog\/..\/blog.uploads\/2013\/02\/045_2013-02-10_5DmII.jpg\" alt=\"Chalet de La D\u00e9n\u00e9riaz Dessus (1277m)\" width=\"678\" height=\"452\" class=\"size-full wp-image-1337\" srcset=\"https:\/\/www.escapades-photographiques.ch\/Site\/blog\/..\/blog.uploads\/2013\/02\/045_2013-02-10_5DmII.jpg 678w, https:\/\/www.escapades-photographiques.ch\/Site\/blog\/..\/blog.uploads\/2013\/02\/045_2013-02-10_5DmII-300x200.jpg 300w\" sizes=\"(max-width: 678px) 100vw, 678px\" \/><p id=\"caption-attachment-1337\" class=\"wp-caption-text\">Chalet de La D\u00e9n\u00e9riaz Dessus (1277m)<\/p><\/div>\n<div id=\"attachment_1339\" style=\"width: 688px\" class=\"wp-caption aligncenter\"><img aria-describedby=\"caption-attachment-1339\" decoding=\"async\" loading=\"lazy\" title=\"Chalet des Roches Eboul\u00e9es (1356m): petite brise \u00e0 80 km\/h et -10\u00b0C...\" src=\"\/\/www.escapades-photographiques.ch\/Site\/blog\/..\/blog.uploads\/2013\/02\/054_2013-02-10_5DmII.jpg\" alt=\"Chalet des Roches Eboul\u00e9es (1356m): petite brise \u00e0 80 km\/h et -10\u00b0C...\" width=\"678\" height=\"452\" class=\"size-full wp-image-1339\" srcset=\"https:\/\/www.escapades-photographiques.ch\/Site\/blog\/..\/blog.uploads\/2013\/02\/054_2013-02-10_5DmII.jpg 678w, https:\/\/www.escapades-photographiques.ch\/Site\/blog\/..\/blog.uploads\/2013\/02\/054_2013-02-10_5DmII-300x200.jpg 300w\" sizes=\"(max-width: 678px) 100vw, 678px\" \/><p id=\"caption-attachment-1339\" class=\"wp-caption-text\">Chalet des Roches Eboul\u00e9es (1356m): petite brise \u00e0 80 km\/h et -10\u00b0C&#8230;<\/p><\/div>\n<div id=\"attachment_1338\" style=\"width: 688px\" class=\"wp-caption aligncenter\"><img aria-describedby=\"caption-attachment-1338\" decoding=\"async\" loading=\"lazy\" title=\"Sommet du Chasseron depuis le chalet des Roches Eboul\u00e9es\" src=\"\/\/www.escapades-photographiques.ch\/Site\/blog\/..\/blog.uploads\/2013\/02\/053_2013-02-10_5DmII.jpg\" alt=\"Sommet du Chasseron depuis le chalet des Roches Eboul\u00e9es\" width=\"678\" height=\"452\" class=\"size-full wp-image-1338\" srcset=\"https:\/\/www.escapades-photographiques.ch\/Site\/blog\/..\/blog.uploads\/2013\/02\/053_2013-02-10_5DmII.jpg 678w, https:\/\/www.escapades-photographiques.ch\/Site\/blog\/..\/blog.uploads\/2013\/02\/053_2013-02-10_5DmII-300x200.jpg 300w\" sizes=\"(max-width: 678px) 100vw, 678px\" \/><p id=\"caption-attachment-1338\" class=\"wp-caption-text\">Sommet du Chasseron depuis le chalet des Roches Eboul\u00e9es<\/p><\/div>\n<div id=\"attachment_1332\" style=\"width: 688px\" class=\"wp-caption aligncenter\"><img aria-describedby=\"caption-attachment-1332\" decoding=\"async\" loading=\"lazy\" title=\"En montant au dessus du chalet des Roches Eboul\u00e9es: vue sur le vallon de la D\u00e9n\u00e9riaz\" src=\"\/\/www.escapades-photographiques.ch\/Site\/blog\/..\/blog.uploads\/2013\/02\/066_2013-02-10_5DmII-068_2013-02-10_5DmII_3-images.jpg\" alt=\"En montant au dessus du chalet des Roches Eboul\u00e9es: vue sur le vallon de la D\u00e9n\u00e9riaz\" width=\"678\" height=\"193\" class=\"size-full wp-image-1332\" srcset=\"https:\/\/www.escapades-photographiques.ch\/Site\/blog\/..\/blog.uploads\/2013\/02\/066_2013-02-10_5DmII-068_2013-02-10_5DmII_3-images.jpg 678w, https:\/\/www.escapades-photographiques.ch\/Site\/blog\/..\/blog.uploads\/2013\/02\/066_2013-02-10_5DmII-068_2013-02-10_5DmII_3-images-300x85.jpg 300w\" sizes=\"(max-width: 678px) 100vw, 678px\" \/><p id=\"caption-attachment-1332\" class=\"wp-caption-text\">En montant au dessus du chalet des Roches Eboul\u00e9es: vue sur le vallon de la D\u00e9n\u00e9riaz<\/p><\/div>\n<div id=\"attachment_1340\" style=\"width: 688px\" class=\"wp-caption aligncenter\"><img aria-describedby=\"caption-attachment-1340\" decoding=\"async\" loading=\"lazy\" title=\"Arbuste gel\u00e9 vers La Grandsonne Dessus\" src=\"\/\/www.escapades-photographiques.ch\/Site\/blog\/..\/blog.uploads\/2013\/02\/082_2013-02-10_5DmII.jpg\" alt=\"Arbuste gel\u00e9 vers La Grandsonne Dessus\" width=\"678\" height=\"452\" class=\"size-full wp-image-1340\" srcset=\"https:\/\/www.escapades-photographiques.ch\/Site\/blog\/..\/blog.uploads\/2013\/02\/082_2013-02-10_5DmII.jpg 678w, https:\/\/www.escapades-photographiques.ch\/Site\/blog\/..\/blog.uploads\/2013\/02\/082_2013-02-10_5DmII-300x200.jpg 300w\" sizes=\"(max-width: 678px) 100vw, 678px\" \/><p id=\"caption-attachment-1340\" class=\"wp-caption-text\">Arbuste gel\u00e9 vers La Grandsonne Dessus<\/p><\/div>\n<div id=\"attachment_1341\" style=\"width: 688px\" class=\"wp-caption aligncenter\"><img aria-describedby=\"caption-attachment-1341\" decoding=\"async\" loading=\"lazy\" title=\"Arbres gel\u00e9s vers La Grandsonne Dessus\" src=\"\/\/www.escapades-photographiques.ch\/Site\/blog\/..\/blog.uploads\/2013\/02\/086_2013-02-10_5DmII.jpg\" alt=\"Arbres gel\u00e9s vers La Grandsonne Dessus\" width=\"678\" height=\"452\" class=\"size-full wp-image-1341\" srcset=\"https:\/\/www.escapades-photographiques.ch\/Site\/blog\/..\/blog.uploads\/2013\/02\/086_2013-02-10_5DmII.jpg 678w, https:\/\/www.escapades-photographiques.ch\/Site\/blog\/..\/blog.uploads\/2013\/02\/086_2013-02-10_5DmII-300x200.jpg 300w\" sizes=\"(max-width: 678px) 100vw, 678px\" \/><p id=\"caption-attachment-1341\" class=\"wp-caption-text\">Arbres gel\u00e9s vers La Grandsonne Dessus<\/p><\/div>\n<div id=\"attachment_1342\" style=\"width: 688px\" class=\"wp-caption aligncenter\"><img aria-describedby=\"caption-attachment-1342\" decoding=\"async\" loading=\"lazy\" title=\"Arbres gel\u00e9s vers La Bullatonne: vue sur les alpes bernoises et le lac de Neuch\u00e2tel\" src=\"\/\/www.escapades-photographiques.ch\/Site\/blog\/..\/blog.uploads\/2013\/02\/090_2013-02-10_5DmII.jpg\" alt=\"Arbres gel\u00e9s vers La Bullatonne: vue sur les alpes bernoises et le lac de Neuch\u00e2tel\" width=\"678\" height=\"452\" class=\"size-full wp-image-1342\" srcset=\"https:\/\/www.escapades-photographiques.ch\/Site\/blog\/..\/blog.uploads\/2013\/02\/090_2013-02-10_5DmII.jpg 678w, https:\/\/www.escapades-photographiques.ch\/Site\/blog\/..\/blog.uploads\/2013\/02\/090_2013-02-10_5DmII-300x200.jpg 300w\" sizes=\"(max-width: 678px) 100vw, 678px\" \/><p id=\"caption-attachment-1342\" class=\"wp-caption-text\">Arbres gel\u00e9s vers La Bullatonne: vue sur les alpes bernoises et le lac de Neuch\u00e2tel<\/p><\/div>\n","protected":false},"excerpt":{"rendered":"<p>Ballade jurassienne le dimanche 10 f\u00e9vrier au Chasseron, pr\u00e8s de St-Croix, dans le Jura vaudois. Temp\u00e9rature de -10\u00b0C par fort vent de sud-est sur les cr\u00eates. Quelques images ci-dessous.<\/p>\n","protected":false},"author":1,"featured_media":0,"comment_status":"open","ping_status":"open","sticky":false,"template":"","format":"standard","meta":{"footnotes":""},"categories":[204],"tags":[286,282,283,285,284],"_links":{"self":[{"href":"https:\/\/www.escapades-photographiques.ch\/Site\/blog\/wp-json\/wp\/v2\/posts\/1330"}],"collection":[{"href":"https:\/\/www.escapades-photographiques.ch\/Site\/blog\/wp-json\/wp\/v2\/posts"}],"about":[{"href":"https:\/\/www.escapades-photographiques.ch\/Site\/blog\/wp-json\/wp\/v2\/types\/post"}],"author":[{"embeddable":true,"href":"https:\/\/www.escapades-photographiques.ch\/Site\/blog\/wp-json\/wp\/v2\/users\/1"}],"replies":[{"embeddable":true,"href":"https:\/\/www.escapades-photographiques.ch\/Site\/blog\/wp-json\/wp\/v2\/comments?post=1330"}],"version-history":[{"count":12,"href":"https:\/\/www.escapades-photographiques.ch\/Site\/blog\/wp-json\/wp\/v2\/posts\/1330\/revisions"}],"predecessor-version":[{"id":1353,"href":"https:\/\/www.escapades-photographiques.ch\/Site\/blog\/wp-json\/wp\/v2\/posts\/1330\/revisions\/1353"}],"wp:attachment":[{"href":"https:\/\/www.escapades-photographiques.ch\/Site\/blog\/wp-json\/wp\/v2\/media?parent=1330"}],"wp:term":[{"taxonomy":"category","embeddable":true,"href":"https:\/\/www.escapades-photographiques.ch\/Site\/blog\/wp-json\/wp\/v2\/categories?post=1330"},{"taxonomy":"post_tag","embeddable":true,"href":"https:\/\/www.escapades-photographiques.ch\/Site\/blog\/wp-json\/wp\/v2\/tags?post=1330"}],"curies":[{"name":"wp","href":"https:\/\/api.w.org\/{rel}","templated":true}]}}