{"id":1354,"date":"2013-04-15T22:13:42","date_gmt":"2013-04-15T20:13:42","guid":{"rendered":"http:\/\/www.escapades-photographiques.ch\/Site\/blog\/?p=1354"},"modified":"2013-04-15T22:13:42","modified_gmt":"2013-04-15T20:13:42","slug":"vive-le-printemps","status":"publish","type":"post","link":"https:\/\/www.escapades-photographiques.ch\/Site\/blog\/2013\/flore\/vive-le-printemps\/","title":{"rendered":"Vive le printemps !"},"content":{"rendered":"<p>Petit reportage photographique effectu\u00e9 durant le week-end du 13 et 14 avril 2013.<\/p>\n<p><strong>Les Follat\u00e8res (Valais suisse)<\/strong> <\/p>\n<div id=\"attachment_1365\" style=\"width: 688px\" class=\"wp-caption alignnone\"><img aria-describedby=\"caption-attachment-1365\" decoding=\"async\" loading=\"lazy\" title=\"Pulsatilla montana (Pulsatille des montagnes)\" src=\"\/\/www.escapades-photographiques.ch\/Site\/blog\/..\/blog.uploads\/2013\/04\/2013-04-13_082_5DmII.jpg\" alt=\"Pulsatilla montana (Pulsatille des montagnes)\" width=\"678\" height=\"452\" class=\"size-full wp-image-1365\" srcset=\"https:\/\/www.escapades-photographiques.ch\/Site\/blog\/..\/blog.uploads\/2013\/04\/2013-04-13_082_5DmII.jpg 678w, https:\/\/www.escapades-photographiques.ch\/Site\/blog\/..\/blog.uploads\/2013\/04\/2013-04-13_082_5DmII-300x200.jpg 300w\" sizes=\"(max-width: 678px) 100vw, 678px\" \/><p id=\"caption-attachment-1365\" class=\"wp-caption-text\">Pulsatilla montana (Pulsatille des montagnes)<\/p><\/div>\n<div id=\"attachment_1356\" style=\"width: 688px\" class=\"wp-caption alignnone\"><img aria-describedby=\"caption-attachment-1356\" decoding=\"async\" loading=\"lazy\" title=\"Pulsatilla montana (Pulsatille des montagnes)\" src=\"\/\/www.escapades-photographiques.ch\/Site\/blog\/..\/blog.uploads\/2013\/04\/2013-04-13_018_5DmII.jpg\" alt=\"Pulsatilla montana (Pulsatille des montagnes)\" width=\"678\" height=\"452\" class=\"size-full wp-image-1356\" srcset=\"https:\/\/www.escapades-photographiques.ch\/Site\/blog\/..\/blog.uploads\/2013\/04\/2013-04-13_018_5DmII.jpg 678w, https:\/\/www.escapades-photographiques.ch\/Site\/blog\/..\/blog.uploads\/2013\/04\/2013-04-13_018_5DmII-300x200.jpg 300w\" sizes=\"(max-width: 678px) 100vw, 678px\" \/><p id=\"caption-attachment-1356\" class=\"wp-caption-text\">Pulsatilla montana (Pulsatille des montagnes)<\/p><\/div>\n<div id=\"attachment_1357\" style=\"width: 688px\" class=\"wp-caption alignnone\"><img aria-describedby=\"caption-attachment-1357\" decoding=\"async\" loading=\"lazy\" title=\"Adonis vernalis (Adonis du printemps)\" src=\"\/\/www.escapades-photographiques.ch\/Site\/blog\/..\/blog.uploads\/2013\/04\/2013-04-13_026_5DmII.jpg\" alt=\"Adonis vernalis (Adonis du printemps)\" width=\"678\" height=\"452\" class=\"size-full wp-image-1357\" srcset=\"https:\/\/www.escapades-photographiques.ch\/Site\/blog\/..\/blog.uploads\/2013\/04\/2013-04-13_026_5DmII.jpg 678w, https:\/\/www.escapades-photographiques.ch\/Site\/blog\/..\/blog.uploads\/2013\/04\/2013-04-13_026_5DmII-300x200.jpg 300w\" sizes=\"(max-width: 678px) 100vw, 678px\" \/><p id=\"caption-attachment-1357\" class=\"wp-caption-text\">Adonis vernalis (Adonis du printemps)<\/p><\/div>\n<div id=\"attachment_1359\" style=\"width: 688px\" class=\"wp-caption alignnone\"><img aria-describedby=\"caption-attachment-1359\" decoding=\"async\" loading=\"lazy\" title=\"Adonis vernalis (Adonis du printemps)\" src=\"\/\/www.escapades-photographiques.ch\/Site\/blog\/..\/blog.uploads\/2013\/04\/2013-04-13_039_5DmII.jpg\" alt=\"Adonis vernalis (Adonis du printemps)\" width=\"678\" height=\"452\" class=\"size-full wp-image-1359\" srcset=\"https:\/\/www.escapades-photographiques.ch\/Site\/blog\/..\/blog.uploads\/2013\/04\/2013-04-13_039_5DmII.jpg 678w, https:\/\/www.escapades-photographiques.ch\/Site\/blog\/..\/blog.uploads\/2013\/04\/2013-04-13_039_5DmII-300x200.jpg 300w\" sizes=\"(max-width: 678px) 100vw, 678px\" \/><p id=\"caption-attachment-1359\" class=\"wp-caption-text\">Adonis vernalis (Adonis du printemps)<\/p><\/div>\n<div id=\"attachment_1358\" style=\"width: 688px\" class=\"wp-caption alignnone\"><img aria-describedby=\"caption-attachment-1358\" decoding=\"async\" loading=\"lazy\" title=\"Adonis vernalis (Adonis du printemps) - d\u00e9tail\" src=\"\/\/www.escapades-photographiques.ch\/Site\/blog\/..\/blog.uploads\/2013\/04\/2013-04-13_037_5DmII.jpg\" alt=\"Adonis vernalis (Adonis du printemps) - d\u00e9tail\" width=\"678\" height=\"452\" class=\"size-full wp-image-1358\" srcset=\"https:\/\/www.escapades-photographiques.ch\/Site\/blog\/..\/blog.uploads\/2013\/04\/2013-04-13_037_5DmII.jpg 678w, https:\/\/www.escapades-photographiques.ch\/Site\/blog\/..\/blog.uploads\/2013\/04\/2013-04-13_037_5DmII-300x200.jpg 300w\" sizes=\"(max-width: 678px) 100vw, 678px\" \/><p id=\"caption-attachment-1358\" class=\"wp-caption-text\">Adonis vernalis (Adonis du printemps) &#8211; d\u00e9tail<\/p><\/div>\n<div id=\"attachment_1387\" style=\"width: 327px\" class=\"wp-caption alignleft\"><img aria-describedby=\"caption-attachment-1387\" decoding=\"async\" loading=\"lazy\" title=\"Anacamptis morio (Orchis bouffon)\" src=\"\/\/www.escapades-photographiques.ch\/Site\/blog\/..\/blog.uploads\/2013\/04\/2013-04-13_061_5DmII.jpg\" alt=\"Anacamptis morio (Orchis bouffon)\" width=\"317\" height=\"476\" class=\"size-full wp-image-1387\" srcset=\"https:\/\/www.escapades-photographiques.ch\/Site\/blog\/..\/blog.uploads\/2013\/04\/2013-04-13_061_5DmII.jpg 317w, https:\/\/www.escapades-photographiques.ch\/Site\/blog\/..\/blog.uploads\/2013\/04\/2013-04-13_061_5DmII-199x300.jpg 199w\" sizes=\"(max-width: 317px) 100vw, 317px\" \/><p id=\"caption-attachment-1387\" class=\"wp-caption-text\">Anacamptis morio (Orchis bouffon)<\/p><\/div>\n<div id=\"attachment_1388\" style=\"width: 327px\" class=\"wp-caption alignleft\"><img aria-describedby=\"caption-attachment-1388\" decoding=\"async\" loading=\"lazy\" title=\"Anacamptis morio (Orchis bouffon) - d\u00e9tail\" src=\"\/\/www.escapades-photographiques.ch\/Site\/blog\/..\/blog.uploads\/2013\/04\/2013-04-13_064_5DmII.jpg\" alt=\"Anacamptis morio (Orchis bouffon) - d\u00e9tail\" width=\"317\" height=\"476\" class=\"size-full wp-image-1388\" srcset=\"https:\/\/www.escapades-photographiques.ch\/Site\/blog\/..\/blog.uploads\/2013\/04\/2013-04-13_064_5DmII.jpg 317w, https:\/\/www.escapades-photographiques.ch\/Site\/blog\/..\/blog.uploads\/2013\/04\/2013-04-13_064_5DmII-199x300.jpg 199w\" sizes=\"(max-width: 317px) 100vw, 317px\" \/><p id=\"caption-attachment-1388\" class=\"wp-caption-text\">Anacamptis morio (Orchis bouffon) &#8211; d\u00e9tail<\/p><\/div>\n<div id=\"attachment_1389\" style=\"width: 327px\" class=\"wp-caption alignleft\"><img aria-describedby=\"caption-attachment-1389\" decoding=\"async\" loading=\"lazy\" title=\"Anacamptis morio (Orchis bouffon) - en bouton\" src=\"\/\/www.escapades-photographiques.ch\/Site\/blog\/..\/blog.uploads\/2013\/04\/2013-04-13_071_5DmII.jpg\" alt=\"Anacamptis morio (Orchis bouffon) - en bouton\" width=\"317\" height=\"476\" class=\"size-full wp-image-1389\" srcset=\"https:\/\/www.escapades-photographiques.ch\/Site\/blog\/..\/blog.uploads\/2013\/04\/2013-04-13_071_5DmII.jpg 317w, https:\/\/www.escapades-photographiques.ch\/Site\/blog\/..\/blog.uploads\/2013\/04\/2013-04-13_071_5DmII-199x300.jpg 199w\" sizes=\"(max-width: 317px) 100vw, 317px\" \/><p id=\"caption-attachment-1389\" class=\"wp-caption-text\">Anacamptis morio (Orchis bouffon) &#8211; en bouton<\/p><\/div>\n<div id=\"attachment_1386\" style=\"width: 327px\" class=\"wp-caption alignleft\"><img aria-describedby=\"caption-attachment-1386\" decoding=\"async\" loading=\"lazy\" title=\"Opuntia ? (figuier de barbarie)\" src=\"\/\/www.escapades-photographiques.ch\/Site\/blog\/..\/blog.uploads\/2013\/04\/2013-04-13_054_5DmII.jpg\" alt=\"Opuntia ? (figuier de barbarie)\" width=\"317\" height=\"476\" class=\"size-full wp-image-1386\" srcset=\"https:\/\/www.escapades-photographiques.ch\/Site\/blog\/..\/blog.uploads\/2013\/04\/2013-04-13_054_5DmII.jpg 317w, https:\/\/www.escapades-photographiques.ch\/Site\/blog\/..\/blog.uploads\/2013\/04\/2013-04-13_054_5DmII-199x300.jpg 199w\" sizes=\"(max-width: 317px) 100vw, 317px\" \/><p id=\"caption-attachment-1386\" class=\"wp-caption-text\">Opuntia ? (figuier de barbarie)<\/p><\/div>\n<div id=\"attachment_1385\" style=\"width: 688px\" class=\"wp-caption alignleft\"><img aria-describedby=\"caption-attachment-1385\" decoding=\"async\" loading=\"lazy\" title=\"Opuntia ? (figuier de barbarie)\" src=\"\/\/www.escapades-photographiques.ch\/Site\/blog\/..\/blog.uploads\/2013\/04\/2013-04-13_048_5DmII.jpg\" alt=\"Opuntia ? (figuier de barbarie)\" width=\"678\" height=\"452\" class=\"size-full wp-image-1385\" srcset=\"https:\/\/www.escapades-photographiques.ch\/Site\/blog\/..\/blog.uploads\/2013\/04\/2013-04-13_048_5DmII.jpg 678w, https:\/\/www.escapades-photographiques.ch\/Site\/blog\/..\/blog.uploads\/2013\/04\/2013-04-13_048_5DmII-300x200.jpg 300w\" sizes=\"(max-width: 678px) 100vw, 678px\" \/><p id=\"caption-attachment-1385\" class=\"wp-caption-text\">Opuntia ? (figuier de barbarie)<\/p><\/div>\n<p><strong>Dans le Chablais vaudois, d\u00e9but de floraison des ophrys araign\u00e9es<\/strong><\/p>\n<div id=\"attachment_1390\" style=\"width: 327px\" class=\"wp-caption alignleft\"><img aria-describedby=\"caption-attachment-1390\" decoding=\"async\" loading=\"lazy\" title=\"Ophrys sphegodes (Ophrys araign\u00e9e) - en bouton\" src=\"\/\/www.escapades-photographiques.ch\/Site\/blog\/..\/blog.uploads\/2013\/04\/2013-04-13_121_5DmII.jpg\" alt=\"Ophrys sphegodes (Ophrys araign\u00e9e) - en bouton\" width=\"317\" height=\"476\" class=\"size-full wp-image-1390\" srcset=\"https:\/\/www.escapades-photographiques.ch\/Site\/blog\/..\/blog.uploads\/2013\/04\/2013-04-13_121_5DmII.jpg 317w, https:\/\/www.escapades-photographiques.ch\/Site\/blog\/..\/blog.uploads\/2013\/04\/2013-04-13_121_5DmII-199x300.jpg 199w\" sizes=\"(max-width: 317px) 100vw, 317px\" \/><p id=\"caption-attachment-1390\" class=\"wp-caption-text\">Ophrys sphegodes (Ophrys araign\u00e9e) &#8211; en bouton<\/p><\/div>\n<div id=\"attachment_1393\" style=\"width: 327px\" class=\"wp-caption alignleft\"><img aria-describedby=\"caption-attachment-1393\" decoding=\"async\" loading=\"lazy\" title=\"Ophrys sphegodes (Ophrys araign\u00e9e) - sortant\" src=\"\/\/www.escapades-photographiques.ch\/Site\/blog\/..\/blog.uploads\/2013\/04\/2013-04-13_151_5DmII.jpg\" alt=\"Ophrys sphegodes (Ophrys araign\u00e9e) - sortant\" width=\"317\" height=\"476\" class=\"size-full wp-image-1393\" srcset=\"https:\/\/www.escapades-photographiques.ch\/Site\/blog\/..\/blog.uploads\/2013\/04\/2013-04-13_151_5DmII.jpg 317w, https:\/\/www.escapades-photographiques.ch\/Site\/blog\/..\/blog.uploads\/2013\/04\/2013-04-13_151_5DmII-199x300.jpg 199w\" sizes=\"(max-width: 317px) 100vw, 317px\" \/><p id=\"caption-attachment-1393\" class=\"wp-caption-text\">Ophrys sphegodes (Ophrys araign\u00e9e) &#8211; sortant<\/p><\/div>\n<div id=\"attachment_1395\" style=\"width: 327px\" class=\"wp-caption alignleft\"><img aria-describedby=\"caption-attachment-1395\" decoding=\"async\" loading=\"lazy\" title=\"Ophrys sphegodes (Ophrys araign\u00e9e) \" src=\"\/\/www.escapades-photographiques.ch\/Site\/blog\/..\/blog.uploads\/2013\/04\/2013-04-13_163_5DmII.jpg\" alt=\"Ophrys sphegodes (Ophrys araign\u00e9e) \" width=\"317\" height=\"476\" class=\"size-full wp-image-1395\" srcset=\"https:\/\/www.escapades-photographiques.ch\/Site\/blog\/..\/blog.uploads\/2013\/04\/2013-04-13_163_5DmII.jpg 317w, https:\/\/www.escapades-photographiques.ch\/Site\/blog\/..\/blog.uploads\/2013\/04\/2013-04-13_163_5DmII-199x300.jpg 199w\" sizes=\"(max-width: 317px) 100vw, 317px\" \/><p id=\"caption-attachment-1395\" class=\"wp-caption-text\">Ophrys sphegodes (Ophrys araign\u00e9e)<\/p><\/div>\n<div id=\"attachment_1399\" style=\"width: 327px\" class=\"wp-caption alignleft\"><img aria-describedby=\"caption-attachment-1399\" decoding=\"async\" loading=\"lazy\" title=\"Ophrys sphegodes (Ophrys araign\u00e9e) \" src=\"\/\/www.escapades-photographiques.ch\/Site\/blog\/..\/blog.uploads\/2013\/04\/2013-04-13_179_5DmII.jpg\" alt=\"Ophrys sphegodes (Ophrys araign\u00e9e) \" width=\"317\" height=\"476\" class=\"size-full wp-image-1399\" srcset=\"https:\/\/www.escapades-photographiques.ch\/Site\/blog\/..\/blog.uploads\/2013\/04\/2013-04-13_179_5DmII.jpg 317w, https:\/\/www.escapades-photographiques.ch\/Site\/blog\/..\/blog.uploads\/2013\/04\/2013-04-13_179_5DmII-199x300.jpg 199w\" sizes=\"(max-width: 317px) 100vw, 317px\" \/><p id=\"caption-attachment-1399\" class=\"wp-caption-text\">Ophrys sphegodes (Ophrys araign\u00e9e)<\/p><\/div>\n<div id=\"attachment_1394\" style=\"width: 327px\" class=\"wp-caption alignleft\"><img aria-describedby=\"caption-attachment-1394\" decoding=\"async\" loading=\"lazy\" title=\"Ophrys sphegodes (Ophrys araign\u00e9e) \" src=\"\/\/www.escapades-photographiques.ch\/Site\/blog\/..\/blog.uploads\/2013\/04\/2013-04-13_161_5DmII.jpg\" alt=\"Ophrys sphegodes (Ophrys araign\u00e9e) \" width=\"317\" height=\"476\" class=\"size-full wp-image-1394\" srcset=\"https:\/\/www.escapades-photographiques.ch\/Site\/blog\/..\/blog.uploads\/2013\/04\/2013-04-13_161_5DmII.jpg 317w, https:\/\/www.escapades-photographiques.ch\/Site\/blog\/..\/blog.uploads\/2013\/04\/2013-04-13_161_5DmII-199x300.jpg 199w\" sizes=\"(max-width: 317px) 100vw, 317px\" \/><p id=\"caption-attachment-1394\" class=\"wp-caption-text\">Ophrys sphegodes (Ophrys araign\u00e9e)<\/p><\/div>\n<div id=\"attachment_1398\" style=\"width: 327px\" class=\"wp-caption alignleft\"><img aria-describedby=\"caption-attachment-1398\" decoding=\"async\" loading=\"lazy\" title=\"Ophrys sphegodes (Ophrys araign\u00e9e) - d\u00e9tail\" src=\"\/\/www.escapades-photographiques.ch\/Site\/blog\/..\/blog.uploads\/2013\/04\/2013-04-13_174_5DmII.jpg\" alt=\"Ophrys sphegodes (Ophrys araign\u00e9e) - d\u00e9tail\" width=\"317\" height=\"476\" class=\"size-full wp-image-1398\" srcset=\"https:\/\/www.escapades-photographiques.ch\/Site\/blog\/..\/blog.uploads\/2013\/04\/2013-04-13_174_5DmII.jpg 317w, https:\/\/www.escapades-photographiques.ch\/Site\/blog\/..\/blog.uploads\/2013\/04\/2013-04-13_174_5DmII-199x300.jpg 199w\" sizes=\"(max-width: 317px) 100vw, 317px\" \/><p id=\"caption-attachment-1398\" class=\"wp-caption-text\">Ophrys sphegodes (Ophrys araign\u00e9e) &#8211; d\u00e9tail<\/p><\/div>\n<div id=\"attachment_1396\" style=\"width: 327px\" class=\"wp-caption alignleft\"><img aria-describedby=\"caption-attachment-1396\" decoding=\"async\" loading=\"lazy\" title=\"Ophrys sphegodes (Ophrys araign\u00e9e) - d\u00e9tail\" src=\"\/\/www.escapades-photographiques.ch\/Site\/blog\/..\/blog.uploads\/2013\/04\/2013-04-13_169_5DmII.jpg\" alt=\"Ophrys sphegodes (Ophrys araign\u00e9e) - d\u00e9tail\" width=\"317\" height=\"476\" class=\"size-full wp-image-1396\" srcset=\"https:\/\/www.escapades-photographiques.ch\/Site\/blog\/..\/blog.uploads\/2013\/04\/2013-04-13_169_5DmII.jpg 317w, https:\/\/www.escapades-photographiques.ch\/Site\/blog\/..\/blog.uploads\/2013\/04\/2013-04-13_169_5DmII-199x300.jpg 199w\" sizes=\"(max-width: 317px) 100vw, 317px\" \/><p id=\"caption-attachment-1396\" class=\"wp-caption-text\">Ophrys sphegodes (Ophrys araign\u00e9e) &#8211; d\u00e9tail<\/p><\/div>\n<div id=\"attachment_1397\" style=\"width: 327px\" class=\"wp-caption alignleft\"><img aria-describedby=\"caption-attachment-1397\" decoding=\"async\" loading=\"lazy\" title=\"Ophrys sphegodes (Ophrys araign\u00e9e) - d\u00e9tail\" src=\"\/\/www.escapades-photographiques.ch\/Site\/blog\/..\/blog.uploads\/2013\/04\/2013-04-13_170_5DmII.jpg\" alt=\"Ophrys sphegodes (Ophrys araign\u00e9e) - d\u00e9tail\" width=\"317\" height=\"476\" class=\"size-full wp-image-1397\" srcset=\"https:\/\/www.escapades-photographiques.ch\/Site\/blog\/..\/blog.uploads\/2013\/04\/2013-04-13_170_5DmII.jpg 317w, https:\/\/www.escapades-photographiques.ch\/Site\/blog\/..\/blog.uploads\/2013\/04\/2013-04-13_170_5DmII-199x300.jpg 199w\" sizes=\"(max-width: 317px) 100vw, 317px\" \/><p id=\"caption-attachment-1397\" class=\"wp-caption-text\">Ophrys sphegodes (Ophrys araign\u00e9e) &#8211; d\u00e9tail<\/p><\/div>\n<div id=\"attachment_1392\" style=\"width: 327px\" class=\"wp-caption alignleft\"><img aria-describedby=\"caption-attachment-1392\" decoding=\"async\" loading=\"lazy\" title=\"Ophrys sphegodes (Ophrys araign\u00e9e) - d\u00e9tail\" src=\"\/\/www.escapades-photographiques.ch\/Site\/blog\/..\/blog.uploads\/2013\/04\/2013-04-13_136_5DmII.jpg\" alt=\"Ophrys sphegodes (Ophrys araign\u00e9e) - d\u00e9tail\" width=\"317\" height=\"476\" class=\"size-full wp-image-1392\" srcset=\"https:\/\/www.escapades-photographiques.ch\/Site\/blog\/..\/blog.uploads\/2013\/04\/2013-04-13_136_5DmII.jpg 317w, https:\/\/www.escapades-photographiques.ch\/Site\/blog\/..\/blog.uploads\/2013\/04\/2013-04-13_136_5DmII-199x300.jpg 199w\" sizes=\"(max-width: 317px) 100vw, 317px\" \/><p id=\"caption-attachment-1392\" class=\"wp-caption-text\">Ophrys sphegodes (Ophrys araign\u00e9e) &#8211; d\u00e9tail<\/p><\/div>\n<div id=\"attachment_1391\" style=\"width: 327px\" class=\"wp-caption alignleft\"><img aria-describedby=\"caption-attachment-1391\" decoding=\"async\" loading=\"lazy\" title=\"Ophrys sphegodes (Ophrys araign\u00e9e) - d\u00e9tail\" src=\"\/\/www.escapades-photographiques.ch\/Site\/blog\/..\/blog.uploads\/2013\/04\/2013-04-13_134_5DmII.jpg\" alt=\"Ophrys sphegodes (Ophrys araign\u00e9e) - d\u00e9tail\" width=\"317\" height=\"476\" class=\"size-full wp-image-1391\" srcset=\"https:\/\/www.escapades-photographiques.ch\/Site\/blog\/..\/blog.uploads\/2013\/04\/2013-04-13_134_5DmII.jpg 317w, https:\/\/www.escapades-photographiques.ch\/Site\/blog\/..\/blog.uploads\/2013\/04\/2013-04-13_134_5DmII-199x300.jpg 199w\" sizes=\"(max-width: 317px) 100vw, 317px\" \/><p id=\"caption-attachment-1391\" class=\"wp-caption-text\">Ophrys sphegodes (Ophrys araign\u00e9e) &#8211; d\u00e9tail<\/p><\/div>\n<p><br style=\"clear: both;\" \/><\/p>\n<p><strong>Vue panoramique depuis la Tour de Gourze au dessus de Cully (canton de Vaud) en direction des Pr\u00e9alpes et Alpes encore bien enneig\u00e9es<\/strong><\/p>\n\n<!-- PanoPress [1.0] -->\n<p style=\"font-size: 12px;\" id=\"pp_410002_explain\"><code><em>Note: aucune animation panoramique possible car Javascript n'est pas activ\u00e9. Veuillez l'activer pour afficher les animations.<\/em><\/code><\/p>\n<div class=\"pp-embed\" id=\"pp_410002_embed\"><img src=\"\/\/www.escapades-photographiques.ch\/Site\/blog\/..\/blog.uploads\/panoramics\/%5B2013-04-14_001_5DmII%5D-%5B2013-04-14_013_5DmII%5D_(13%20images)\/image_blog\/%5B2013-04-14_001_5DmII%5D-%5B2013-04-14_013_5DmII%5D_(13%20images).jpg\" alt=\"Animation panoramique\" title=\"\" class=\"aligncenter size-full\" \/><\/div>\n<script type=\"text\/javascript\">\n  jQuery( function() { pano_display.pano_embed( {\"explain\":true,\"id\":\"pp_410002\",\"obj_panopress\":{\"id\":\"pp_410002\",\"type\":\"html\",\"version\":\"4.0\",\"viewer\":null,\"width\":\"690\",\"height\":\"460\",\"title\":null,\"alt\":null,\"button\":true,\"panobox\":false,\"preview\":\"\",\"file\":\"\/\/www.escapades-photographiques.ch\/Site\/blog\/..\/blog.uploads\/panoramics\/%5B2013-04-14_001_5DmII%5D-%5B2013-04-14_013_5DmII%5D_(13%20images)\/%5B2013-04-14_001_5DmII%5D-%5B2013-04-14_013_5DmII%5D_(13%20images).html\",\"button_img\":\"\/\/www.escapades-photographiques.ch\/Site\/blog\/..\/blog.uploads\/panoramics\/%5B2013-04-14_001_5DmII%5D-%5B2013-04-14_013_5DmII%5D_(13%20images)\/image_blog\/%5B2013-04-14_001_5DmII%5D-%5B2013-04-14_013_5DmII%5D_(13%20images).play.jpg\",\"params\":{\"base\":\"\/\/www.escapades-photographiques.ch\/Site\/blog\/..\/blog.uploads\/panoramics\/%5B2013-04-14_001_5DmII%5D-%5B2013-04-14_013_5DmII%5D_(13%20images)\/\"}},\"panobox\":false,\"settings_alt\":null,\"settings_preview\":\"\",\"width\":\"690\",\"height\":\"460\"}); } );\n<\/script>\n<!-- \/PanoPress -->\n\n","protected":false},"excerpt":{"rendered":"<p>Petit reportage photographique effectu\u00e9 durant le week-end du 13 et 14 avril 2013. Les Follat\u00e8res (Valais suisse) Dans le Chablais vaudois, d\u00e9but de floraison des ophrys araign\u00e9es Vue panoramique depuis la Tour de Gourze au dessus de Cully (canton de Vaud) en direction des Pr\u00e9alpes et Alpes encore bien enneig\u00e9es<\/p>\n","protected":false},"author":1,"featured_media":0,"comment_status":"open","ping_status":"open","sticky":false,"template":"","format":"standard","meta":{"footnotes":""},"categories":[41],"tags":[47,42,44,288,56,55,112,287,49,43,48],"_links":{"self":[{"href":"https:\/\/www.escapades-photographiques.ch\/Site\/blog\/wp-json\/wp\/v2\/posts\/1354"}],"collection":[{"href":"https:\/\/www.escapades-photographiques.ch\/Site\/blog\/wp-json\/wp\/v2\/posts"}],"about":[{"href":"https:\/\/www.escapades-photographiques.ch\/Site\/blog\/wp-json\/wp\/v2\/types\/post"}],"author":[{"embeddable":true,"href":"https:\/\/www.escapades-photographiques.ch\/Site\/blog\/wp-json\/wp\/v2\/users\/1"}],"replies":[{"embeddable":true,"href":"https:\/\/www.escapades-photographiques.ch\/Site\/blog\/wp-json\/wp\/v2\/comments?post=1354"}],"version-history":[{"count":34,"href":"https:\/\/www.escapades-photographiques.ch\/Site\/blog\/wp-json\/wp\/v2\/posts\/1354\/revisions"}],"predecessor-version":[{"id":1423,"href":"https:\/\/www.escapades-photographiques.ch\/Site\/blog\/wp-json\/wp\/v2\/posts\/1354\/revisions\/1423"}],"wp:attachment":[{"href":"https:\/\/www.escapades-photographiques.ch\/Site\/blog\/wp-json\/wp\/v2\/media?parent=1354"}],"wp:term":[{"taxonomy":"category","embeddable":true,"href":"https:\/\/www.escapades-photographiques.ch\/Site\/blog\/wp-json\/wp\/v2\/categories?post=1354"},{"taxonomy":"post_tag","embeddable":true,"href":"https:\/\/www.escapades-photographiques.ch\/Site\/blog\/wp-json\/wp\/v2\/tags?post=1354"}],"curies":[{"name":"wp","href":"https:\/\/api.w.org\/{rel}","templated":true}]}}