{"id":1442,"date":"2013-04-27T09:36:24","date_gmt":"2013-04-27T07:36:24","guid":{"rendered":"http:\/\/www.escapades-photographiques.ch\/Site\/blog\/?p=1442"},"modified":"2013-04-27T09:52:43","modified_gmt":"2013-04-27T07:52:43","slug":"ballade-en-franche-comte-et-dans-le-nord-vaudois","status":"publish","type":"post","link":"https:\/\/www.escapades-photographiques.ch\/Site\/blog\/2013\/flore\/ballade-en-franche-comte-et-dans-le-nord-vaudois\/","title":{"rendered":"Ballade en Franche-Comt\u00e9 et dans le Nord vaudois"},"content":{"rendered":"<p>Compte rendu de quelques escapades effectu\u00e9es le 25 avril 2013 en Franche-Comt\u00e9 (France) et dans le Nord vaudois (Suisse).<\/p>\n<p><strong>Quelques photos de la Fritillaire pintade en pleine floraison dans le Haut-Doubs, vers Frasne:<\/strong><\/p>\n<div id=\"attachment_1430\" style=\"width: 327px\" class=\"wp-caption alignleft\"><img aria-describedby=\"caption-attachment-1430\" decoding=\"async\" loading=\"lazy\" title=\"Fritillaria meleagris (Fritillaire pintade)\" src=\"\/\/www.escapades-photographiques.ch\/Site\/blog\/..\/blog.uploads\/2013\/04\/2013-04-25_044_5DmII.jpg\" alt=\"Fritillaria meleagris (Fritillaire pintade)\" width=\"317\" height=\"476\" class=\"size-full wp-image-1430\" srcset=\"https:\/\/www.escapades-photographiques.ch\/Site\/blog\/..\/blog.uploads\/2013\/04\/2013-04-25_044_5DmII.jpg 317w, https:\/\/www.escapades-photographiques.ch\/Site\/blog\/..\/blog.uploads\/2013\/04\/2013-04-25_044_5DmII-199x300.jpg 199w\" sizes=\"(max-width: 317px) 100vw, 317px\" \/><p id=\"caption-attachment-1430\" class=\"wp-caption-text\">Fritillaria meleagris (Fritillaire pintade)<\/p><\/div>\n<div id=\"attachment_1431\" style=\"width: 327px\" class=\"wp-caption alignleft\"><img aria-describedby=\"caption-attachment-1431\" decoding=\"async\" loading=\"lazy\" title=\"Fritillaria meleagris (Fritillaire pintade)\" src=\"\/\/www.escapades-photographiques.ch\/Site\/blog\/..\/blog.uploads\/2013\/04\/2013-04-25_052_5DmII.jpg\" alt=\"Fritillaria meleagris (Fritillaire pintade)\" width=\"317\" height=\"476\" class=\"size-full wp-image-1431\" srcset=\"https:\/\/www.escapades-photographiques.ch\/Site\/blog\/..\/blog.uploads\/2013\/04\/2013-04-25_052_5DmII.jpg 317w, https:\/\/www.escapades-photographiques.ch\/Site\/blog\/..\/blog.uploads\/2013\/04\/2013-04-25_052_5DmII-199x300.jpg 199w\" sizes=\"(max-width: 317px) 100vw, 317px\" \/><p id=\"caption-attachment-1431\" class=\"wp-caption-text\">Fritillaria meleagris (Fritillaire pintade)<\/p><\/div>\n<div id=\"attachment_1432\" style=\"width: 327px\" class=\"wp-caption alignleft\"><img aria-describedby=\"caption-attachment-1432\" decoding=\"async\" loading=\"lazy\" title=\"Fritillaria meleagris (Fritillaire pintade)\" src=\"\/\/www.escapades-photographiques.ch\/Site\/blog\/..\/blog.uploads\/2013\/04\/2013-04-25_066_5DmII.jpg\" alt=\"Fritillaria meleagris (Fritillaire pintade)\" width=\"317\" height=\"476\" class=\"size-full wp-image-1432\" srcset=\"https:\/\/www.escapades-photographiques.ch\/Site\/blog\/..\/blog.uploads\/2013\/04\/2013-04-25_066_5DmII.jpg 317w, https:\/\/www.escapades-photographiques.ch\/Site\/blog\/..\/blog.uploads\/2013\/04\/2013-04-25_066_5DmII-199x300.jpg 199w\" sizes=\"(max-width: 317px) 100vw, 317px\" \/><p id=\"caption-attachment-1432\" class=\"wp-caption-text\">Fritillaria meleagris (Fritillaire pintade)<\/p><\/div>\n<div id=\"attachment_1433\" style=\"width: 327px\" class=\"wp-caption alignleft\"><img aria-describedby=\"caption-attachment-1433\" decoding=\"async\" loading=\"lazy\" title=\"Fritillaria meleagris (Fritillaire pintade) - d\u00e9tail\" src=\"\/\/www.escapades-photographiques.ch\/Site\/blog\/..\/blog.uploads\/2013\/04\/2013-04-25_071_5DmII.jpg\" alt=\"Fritillaria meleagris (Fritillaire pintade) - d\u00e9tail\" width=\"317\" height=\"476\" class=\"size-full wp-image-1433\" srcset=\"https:\/\/www.escapades-photographiques.ch\/Site\/blog\/..\/blog.uploads\/2013\/04\/2013-04-25_071_5DmII.jpg 317w, https:\/\/www.escapades-photographiques.ch\/Site\/blog\/..\/blog.uploads\/2013\/04\/2013-04-25_071_5DmII-199x300.jpg 199w\" sizes=\"(max-width: 317px) 100vw, 317px\" \/><p id=\"caption-attachment-1433\" class=\"wp-caption-text\">Fritillaria meleagris (Fritillaire pintade) &#8211; d\u00e9tail<\/p><\/div>\n<div id=\"attachment_1435\" style=\"width: 688px\" class=\"wp-caption alignnone\"><img aria-describedby=\"caption-attachment-1435\" decoding=\"async\" loading=\"lazy\" title=\"Fritillaria meleagris (Fritillaire pintade)\" src=\"\/\/www.escapades-photographiques.ch\/Site\/blog\/..\/blog.uploads\/2013\/04\/2013-04-25_091_5DmII.jpg\" alt=\"Fritillaria meleagris (Fritillaire pintade)\" width=\"678\" height=\"452\" class=\"size-full wp-image-1435\" srcset=\"https:\/\/www.escapades-photographiques.ch\/Site\/blog\/..\/blog.uploads\/2013\/04\/2013-04-25_091_5DmII.jpg 678w, https:\/\/www.escapades-photographiques.ch\/Site\/blog\/..\/blog.uploads\/2013\/04\/2013-04-25_091_5DmII-300x200.jpg 300w\" sizes=\"(max-width: 678px) 100vw, 678px\" \/><p id=\"caption-attachment-1435\" class=\"wp-caption-text\">Fritillaria meleagris (Fritillaire pintade)<\/p><\/div>\n<div id=\"attachment_1434\" style=\"width: 688px\" class=\"wp-caption alignnone\"><img aria-describedby=\"caption-attachment-1434\" decoding=\"async\" loading=\"lazy\" title=\"Fritillaria meleagris (Fritillaire pintade) - aper\u00e7u du site\" src=\"\/\/www.escapades-photographiques.ch\/Site\/blog\/..\/blog.uploads\/2013\/04\/2013-04-25_086_5DmII.jpg\" alt=\"Fritillaria meleagris (Fritillaire pintade) - aper\u00e7u du site\" width=\"678\" height=\"452\" class=\"size-full wp-image-1434\" srcset=\"https:\/\/www.escapades-photographiques.ch\/Site\/blog\/..\/blog.uploads\/2013\/04\/2013-04-25_086_5DmII.jpg 678w, https:\/\/www.escapades-photographiques.ch\/Site\/blog\/..\/blog.uploads\/2013\/04\/2013-04-25_086_5DmII-300x200.jpg 300w\" sizes=\"(max-width: 678px) 100vw, 678px\" \/><p id=\"caption-attachment-1434\" class=\"wp-caption-text\">Fritillaria meleagris (Fritillaire pintade) &#8211; aper\u00e7u du site<\/p><\/div>\n<p><br style=\"clear: both;\" \/><br \/>\n<strong>Ballade vers Baume-les-Messieurs dans le d\u00e9partement du Jura:<\/strong><\/p>\n<div id=\"attachment_1429\" style=\"width: 688px\" class=\"wp-caption alignnone\"><img aria-describedby=\"caption-attachment-1429\" decoding=\"async\" loading=\"lazy\" title=\"Village de Baume-les-Messieurs depuis le sud-est\" src=\"\/\/www.escapades-photographiques.ch\/Site\/blog\/..\/blog.uploads\/2013\/04\/2013-04-25_038_5DmII.jpg\" alt=\"Village de Baume-les-Messieurs depuis le sud-est avec l&#039;Abbaye Saint-Pierre de Baume-les-Messieurs\" width=\"678\" height=\"452\" class=\"size-full wp-image-1429\" srcset=\"https:\/\/www.escapades-photographiques.ch\/Site\/blog\/..\/blog.uploads\/2013\/04\/2013-04-25_038_5DmII.jpg 678w, https:\/\/www.escapades-photographiques.ch\/Site\/blog\/..\/blog.uploads\/2013\/04\/2013-04-25_038_5DmII-300x200.jpg 300w\" sizes=\"(max-width: 678px) 100vw, 678px\" \/><p id=\"caption-attachment-1429\" class=\"wp-caption-text\">Village de Baume-les-Messieurs depuis le sud-est avec l&rsquo;<a href=\"http:\/\/fr.wikipedia.org\/wiki\/Abbaye_Saint-Pierre_de_Baume-les-Messieurs\" target=\"_blank\">Abbaye Saint-Pierre de Baume-les-Messieurs<\/a><\/p><\/div>\n<div id=\"attachment_1425\" style=\"width: 327px\" class=\"wp-caption alignleft\"><img aria-describedby=\"caption-attachment-1425\" decoding=\"async\" loading=\"lazy\" title=\"Premiers Orchis m\u00e2le (Orchis mascula)\" src=\"\/\/www.escapades-photographiques.ch\/Site\/blog\/..\/blog.uploads\/2013\/04\/2013-04-25_004_5DmII.jpg\" alt=\"Premiers Orchis m\u00e2le (Orchis mascula)\" width=\"317\" height=\"476\" class=\"size-full wp-image-1425\" srcset=\"https:\/\/www.escapades-photographiques.ch\/Site\/blog\/..\/blog.uploads\/2013\/04\/2013-04-25_004_5DmII.jpg 317w, https:\/\/www.escapades-photographiques.ch\/Site\/blog\/..\/blog.uploads\/2013\/04\/2013-04-25_004_5DmII-199x300.jpg 199w\" sizes=\"(max-width: 317px) 100vw, 317px\" \/><p id=\"caption-attachment-1425\" class=\"wp-caption-text\">Premiers Orchis m\u00e2le (Orchis mascula)<\/p><\/div>\n<div id=\"attachment_1424\" style=\"width: 327px\" class=\"wp-caption alignleft\"><img aria-describedby=\"caption-attachment-1424\" decoding=\"async\" loading=\"lazy\" title=\"Orchis mascula (Orchis m\u00e2le)\" src=\"\/\/www.escapades-photographiques.ch\/Site\/blog\/..\/blog.uploads\/2013\/04\/2013-04-25_002_5DmII.jpg\" alt=\"Orchis mascula (Orchis m\u00e2le)\" width=\"317\" height=\"476\" class=\"size-full wp-image-1424\" srcset=\"https:\/\/www.escapades-photographiques.ch\/Site\/blog\/..\/blog.uploads\/2013\/04\/2013-04-25_002_5DmII.jpg 317w, https:\/\/www.escapades-photographiques.ch\/Site\/blog\/..\/blog.uploads\/2013\/04\/2013-04-25_002_5DmII-199x300.jpg 199w\" sizes=\"(max-width: 317px) 100vw, 317px\" \/><p id=\"caption-attachment-1424\" class=\"wp-caption-text\">Orchis mascula (Orchis m\u00e2le)<\/p><\/div>\n<div id=\"attachment_1428\" style=\"width: 327px\" class=\"wp-caption alignleft\"><img aria-describedby=\"caption-attachment-1428\" decoding=\"async\" loading=\"lazy\" title=\"Bois de Romboin\" src=\"\/\/www.escapades-photographiques.ch\/Site\/blog\/..\/blog.uploads\/2013\/04\/2013-04-25_037_5DmII.jpg\" alt=\"Bois de Romboin\" width=\"317\" height=\"476\" class=\"size-full wp-image-1428\" srcset=\"https:\/\/www.escapades-photographiques.ch\/Site\/blog\/..\/blog.uploads\/2013\/04\/2013-04-25_037_5DmII.jpg 317w, https:\/\/www.escapades-photographiques.ch\/Site\/blog\/..\/blog.uploads\/2013\/04\/2013-04-25_037_5DmII-199x300.jpg 199w\" sizes=\"(max-width: 317px) 100vw, 317px\" \/><p id=\"caption-attachment-1428\" class=\"wp-caption-text\">Bois de Romboin<\/p><\/div>\n<div id=\"attachment_1426\" style=\"width: 327px\" class=\"wp-caption alignleft\"><img aria-describedby=\"caption-attachment-1426\" decoding=\"async\" loading=\"lazy\" title=\"Bois de Romboin\" src=\"\/\/www.escapades-photographiques.ch\/Site\/blog\/..\/blog.uploads\/2013\/04\/2013-04-25_011_5DmII.jpg\" alt=\"Bois de Romboin\" width=\"317\" height=\"476\" class=\"size-full wp-image-1426\" srcset=\"https:\/\/www.escapades-photographiques.ch\/Site\/blog\/..\/blog.uploads\/2013\/04\/2013-04-25_011_5DmII.jpg 317w, https:\/\/www.escapades-photographiques.ch\/Site\/blog\/..\/blog.uploads\/2013\/04\/2013-04-25_011_5DmII-199x300.jpg 199w\" sizes=\"(max-width: 317px) 100vw, 317px\" \/><p id=\"caption-attachment-1426\" class=\"wp-caption-text\">Bois de Romboin<\/p><\/div>\n<div id=\"attachment_1427\" style=\"width: 688px\" class=\"wp-caption alignnone\"><img aria-describedby=\"caption-attachment-1427\" decoding=\"async\" loading=\"lazy\" title=\"Bois de Romboin\" src=\"\/\/www.escapades-photographiques.ch\/Site\/blog\/..\/blog.uploads\/2013\/04\/2013-04-25_029_5DmII.jpg\" alt=\"Bois de Romboin\" width=\"678\" height=\"452\" class=\"size-full wp-image-1427\" srcset=\"https:\/\/www.escapades-photographiques.ch\/Site\/blog\/..\/blog.uploads\/2013\/04\/2013-04-25_029_5DmII.jpg 678w, https:\/\/www.escapades-photographiques.ch\/Site\/blog\/..\/blog.uploads\/2013\/04\/2013-04-25_029_5DmII-300x200.jpg 300w\" sizes=\"(max-width: 678px) 100vw, 678px\" \/><p id=\"caption-attachment-1427\" class=\"wp-caption-text\">Bois de Romboin<\/p><\/div>\n<p><br style=\"clear: both;\" \/><br \/>\n<strong>Quelques images de la Tulipe sauvage en pleine floraison vers La Sarraz (canton de Vaud):<\/strong><\/p>\n<div id=\"attachment_1439\" style=\"width: 327px\" class=\"wp-caption alignleft\"><img aria-describedby=\"caption-attachment-1439\" decoding=\"async\" loading=\"lazy\" title=\"Tulipa sylvestris (Tulipe sauvage)\" src=\"\/\/www.escapades-photographiques.ch\/Site\/blog\/..\/blog.uploads\/2013\/04\/2013-04-25_110_5DmII.jpg\" alt=\"Tulipa sylvestris (Tulipe sauvage)\" width=\"317\" height=\"476\" class=\"size-full wp-image-1439\" srcset=\"https:\/\/www.escapades-photographiques.ch\/Site\/blog\/..\/blog.uploads\/2013\/04\/2013-04-25_110_5DmII.jpg 317w, https:\/\/www.escapades-photographiques.ch\/Site\/blog\/..\/blog.uploads\/2013\/04\/2013-04-25_110_5DmII-199x300.jpg 199w\" sizes=\"(max-width: 317px) 100vw, 317px\" \/><p id=\"caption-attachment-1439\" class=\"wp-caption-text\">Tulipa sylvestris (Tulipe sauvage)<\/p><\/div>\n<div id=\"attachment_1438\" style=\"width: 327px\" class=\"wp-caption alignleft\"><img aria-describedby=\"caption-attachment-1438\" decoding=\"async\" loading=\"lazy\" title=\"Tulipa sylvestris (Tulipe sauvage)\" src=\"\/\/www.escapades-photographiques.ch\/Site\/blog\/..\/blog.uploads\/2013\/04\/2013-04-25_105_5DmII.jpg\" alt=\"Tulipa sylvestris (Tulipe sauvage)\" width=\"317\" height=\"476\" class=\"size-full wp-image-1438\" srcset=\"https:\/\/www.escapades-photographiques.ch\/Site\/blog\/..\/blog.uploads\/2013\/04\/2013-04-25_105_5DmII.jpg 317w, https:\/\/www.escapades-photographiques.ch\/Site\/blog\/..\/blog.uploads\/2013\/04\/2013-04-25_105_5DmII-199x300.jpg 199w\" sizes=\"(max-width: 317px) 100vw, 317px\" \/><p id=\"caption-attachment-1438\" class=\"wp-caption-text\">Tulipa sylvestris (Tulipe sauvage)<\/p><\/div>\n<div id=\"attachment_1437\" style=\"width: 688px\" class=\"wp-caption alignnone\"><img aria-describedby=\"caption-attachment-1437\" decoding=\"async\" loading=\"lazy\" title=\"Tulipa sylvestris (Tulipe sauvage)\" src=\"\/\/www.escapades-photographiques.ch\/Site\/blog\/..\/blog.uploads\/2013\/04\/2013-04-25_102_5DmII.jpg\" alt=\"Tulipa sylvestris (Tulipe sauvage)\" width=\"678\" height=\"452\" class=\"size-full wp-image-1437\" srcset=\"https:\/\/www.escapades-photographiques.ch\/Site\/blog\/..\/blog.uploads\/2013\/04\/2013-04-25_102_5DmII.jpg 678w, https:\/\/www.escapades-photographiques.ch\/Site\/blog\/..\/blog.uploads\/2013\/04\/2013-04-25_102_5DmII-300x200.jpg 300w\" sizes=\"(max-width: 678px) 100vw, 678px\" \/><p id=\"caption-attachment-1437\" class=\"wp-caption-text\">Tulipa sylvestris (Tulipe sauvage)<\/p><\/div>\n<div id=\"attachment_1441\" style=\"width: 688px\" class=\"wp-caption alignnone\"><img aria-describedby=\"caption-attachment-1441\" decoding=\"async\" loading=\"lazy\" title=\"Tulipa sylvestris (Tulipe sauvage) - gros plan\" src=\"\/\/www.escapades-photographiques.ch\/Site\/blog\/..\/blog.uploads\/2013\/04\/2013-04-25_124_5DmII.jpg\" alt=\"Tulipa sylvestris (Tulipe sauvage) - gros plan\" width=\"678\" height=\"452\" class=\"size-full wp-image-1441\" srcset=\"https:\/\/www.escapades-photographiques.ch\/Site\/blog\/..\/blog.uploads\/2013\/04\/2013-04-25_124_5DmII.jpg 678w, https:\/\/www.escapades-photographiques.ch\/Site\/blog\/..\/blog.uploads\/2013\/04\/2013-04-25_124_5DmII-300x200.jpg 300w\" sizes=\"(max-width: 678px) 100vw, 678px\" \/><p id=\"caption-attachment-1441\" class=\"wp-caption-text\">Tulipa sylvestris (Tulipe sauvage) &#8211; gros plan<\/p><\/div>\n<div id=\"attachment_1440\" style=\"width: 688px\" class=\"wp-caption alignnone\"><img aria-describedby=\"caption-attachment-1440\" decoding=\"async\" loading=\"lazy\" title=\"Tulipa sylvestris (Tulipe sauvage) - d\u00e9tail\" src=\"\/\/www.escapades-photographiques.ch\/Site\/blog\/..\/blog.uploads\/2013\/04\/2013-04-25_112_5DmII.jpg\" alt=\"Tulipa sylvestris (Tulipe sauvage) - d\u00e9tail\" width=\"678\" height=\"452\" class=\"size-full wp-image-1440\" srcset=\"https:\/\/www.escapades-photographiques.ch\/Site\/blog\/..\/blog.uploads\/2013\/04\/2013-04-25_112_5DmII.jpg 678w, https:\/\/www.escapades-photographiques.ch\/Site\/blog\/..\/blog.uploads\/2013\/04\/2013-04-25_112_5DmII-300x200.jpg 300w\" sizes=\"(max-width: 678px) 100vw, 678px\" \/><p id=\"caption-attachment-1440\" class=\"wp-caption-text\">Tulipa sylvestris (Tulipe sauvage) &#8211; d\u00e9tail<\/p><\/div>\n","protected":false},"excerpt":{"rendered":"<p>Compte rendu de quelques escapades effectu\u00e9es le 25 avril 2013 en Franche-Comt\u00e9 (France) et dans le Nord vaudois (Suisse). Quelques photos de la Fritillaire pintade en pleine floraison dans le Haut-Doubs, vers Frasne: Ballade vers Baume-les-Messieurs dans le d\u00e9partement du Jura: Quelques images de la Tulipe sauvage en pleine floraison vers La Sarraz (canton de <a href='https:\/\/www.escapades-photographiques.ch\/Site\/blog\/2013\/flore\/ballade-en-franche-comte-et-dans-le-nord-vaudois\/' class='excerpt-more'>[&#8230;]<\/a><\/p>\n","protected":false},"author":1,"featured_media":0,"comment_status":"open","ping_status":"open","sticky":false,"template":"","format":"standard","meta":{"footnotes":""},"categories":[41,204],"tags":[290,294,293,289,92,91,291,292],"_links":{"self":[{"href":"https:\/\/www.escapades-photographiques.ch\/Site\/blog\/wp-json\/wp\/v2\/posts\/1442"}],"collection":[{"href":"https:\/\/www.escapades-photographiques.ch\/Site\/blog\/wp-json\/wp\/v2\/posts"}],"about":[{"href":"https:\/\/www.escapades-photographiques.ch\/Site\/blog\/wp-json\/wp\/v2\/types\/post"}],"author":[{"embeddable":true,"href":"https:\/\/www.escapades-photographiques.ch\/Site\/blog\/wp-json\/wp\/v2\/users\/1"}],"replies":[{"embeddable":true,"href":"https:\/\/www.escapades-photographiques.ch\/Site\/blog\/wp-json\/wp\/v2\/comments?post=1442"}],"version-history":[{"count":33,"href":"https:\/\/www.escapades-photographiques.ch\/Site\/blog\/wp-json\/wp\/v2\/posts\/1442\/revisions"}],"predecessor-version":[{"id":1475,"href":"https:\/\/www.escapades-photographiques.ch\/Site\/blog\/wp-json\/wp\/v2\/posts\/1442\/revisions\/1475"}],"wp:attachment":[{"href":"https:\/\/www.escapades-photographiques.ch\/Site\/blog\/wp-json\/wp\/v2\/media?parent=1442"}],"wp:term":[{"taxonomy":"category","embeddable":true,"href":"https:\/\/www.escapades-photographiques.ch\/Site\/blog\/wp-json\/wp\/v2\/categories?post=1442"},{"taxonomy":"post_tag","embeddable":true,"href":"https:\/\/www.escapades-photographiques.ch\/Site\/blog\/wp-json\/wp\/v2\/tags?post=1442"}],"curies":[{"name":"wp","href":"https:\/\/api.w.org\/{rel}","templated":true}]}}