{"id":1512,"date":"2013-05-12T12:10:25","date_gmt":"2013-05-12T10:10:25","guid":{"rendered":"http:\/\/www.escapades-photographiques.ch\/Site\/blog\/?p=1512"},"modified":"2013-05-12T12:10:25","modified_gmt":"2013-05-12T10:10:25","slug":"florilege-des-dernieres-sorties","status":"publish","type":"post","link":"https:\/\/www.escapades-photographiques.ch\/Site\/blog\/2013\/flore\/florilege-des-dernieres-sorties\/","title":{"rendered":"Floril\u00e8ge des derni\u00e8res sorties"},"content":{"rendered":"<p>Petit r\u00e9sum\u00e9 en images de photos d&rsquo;orchid\u00e9es effectu\u00e9es r\u00e9cemment (dans l&rsquo;ordre chronologique).<\/p>\n<p><strong>Vers Chancy (canton de Gen\u00e8ve), le 28 avril<\/strong><\/p>\n<div id=\"attachment_1476\" style=\"width: 327px\" class=\"wp-caption alignleft\"><img aria-describedby=\"caption-attachment-1476\" decoding=\"async\" loading=\"lazy\" title=\"Anacamptis morio (Orchis bouffon)\" src=\"\/\/www.escapades-photographiques.ch\/Site\/blog\/..\/blog.uploads\/2013\/05\/2013-04-28_105_5DmII.jpg\" alt=\"Anacamptis morio (Orchis bouffon)\" width=\"317\" height=\"476\" class=\"size-full wp-image-1476\" srcset=\"https:\/\/www.escapades-photographiques.ch\/Site\/blog\/..\/blog.uploads\/2013\/05\/2013-04-28_105_5DmII.jpg 317w, https:\/\/www.escapades-photographiques.ch\/Site\/blog\/..\/blog.uploads\/2013\/05\/2013-04-28_105_5DmII-199x300.jpg 199w\" sizes=\"(max-width: 317px) 100vw, 317px\" \/><p id=\"caption-attachment-1476\" class=\"wp-caption-text\">Anacamptis morio (Orchis bouffon)<\/p><\/div>\n<div id=\"attachment_1477\" style=\"width: 327px\" class=\"wp-caption alignleft\"><img aria-describedby=\"caption-attachment-1477\" decoding=\"async\" loading=\"lazy\" title=\"Anacamptis morio (Orchis bouffon)\" src=\"\/\/www.escapades-photographiques.ch\/Site\/blog\/..\/blog.uploads\/2013\/05\/2013-04-28_111_5DmII.jpg\" alt=\"Anacamptis morio (Orchis bouffon)\" width=\"317\" height=\"476\" class=\"size-full wp-image-1477\" srcset=\"https:\/\/www.escapades-photographiques.ch\/Site\/blog\/..\/blog.uploads\/2013\/05\/2013-04-28_111_5DmII.jpg 317w, https:\/\/www.escapades-photographiques.ch\/Site\/blog\/..\/blog.uploads\/2013\/05\/2013-04-28_111_5DmII-199x300.jpg 199w\" sizes=\"(max-width: 317px) 100vw, 317px\" \/><p id=\"caption-attachment-1477\" class=\"wp-caption-text\">Anacamptis morio (Orchis bouffon)<\/p><\/div>\n<div id=\"attachment_1478\" style=\"width: 327px\" class=\"wp-caption alignleft\"><img aria-describedby=\"caption-attachment-1478\" decoding=\"async\" loading=\"lazy\" title=\"Anacamptis morio (Orchis bouffon)\" src=\"\/\/www.escapades-photographiques.ch\/Site\/blog\/..\/blog.uploads\/2013\/05\/2013-04-28_113_5DmII.jpg\" alt=\"Anacamptis morio (Orchis bouffon)\" width=\"317\" height=\"476\" class=\"size-full wp-image-1478\" srcset=\"https:\/\/www.escapades-photographiques.ch\/Site\/blog\/..\/blog.uploads\/2013\/05\/2013-04-28_113_5DmII.jpg 317w, https:\/\/www.escapades-photographiques.ch\/Site\/blog\/..\/blog.uploads\/2013\/05\/2013-04-28_113_5DmII-199x300.jpg 199w\" sizes=\"(max-width: 317px) 100vw, 317px\" \/><p id=\"caption-attachment-1478\" class=\"wp-caption-text\">Anacamptis morio (Orchis bouffon)<\/p><\/div>\n<div id=\"attachment_1479\" style=\"width: 327px\" class=\"wp-caption alignleft\"><img aria-describedby=\"caption-attachment-1479\" decoding=\"async\" loading=\"lazy\" title=\"Anacamptis morio (Orchis bouffon)\" src=\"\/\/www.escapades-photographiques.ch\/Site\/blog\/..\/blog.uploads\/2013\/05\/2013-04-28_118_5DmII.jpg\" alt=\"Anacamptis morio (Orchis bouffon)\" width=\"317\" height=\"476\" class=\"size-full wp-image-1479\" srcset=\"https:\/\/www.escapades-photographiques.ch\/Site\/blog\/..\/blog.uploads\/2013\/05\/2013-04-28_118_5DmII.jpg 317w, https:\/\/www.escapades-photographiques.ch\/Site\/blog\/..\/blog.uploads\/2013\/05\/2013-04-28_118_5DmII-199x300.jpg 199w\" sizes=\"(max-width: 317px) 100vw, 317px\" \/><p id=\"caption-attachment-1479\" class=\"wp-caption-text\">Anacamptis morio (Orchis bouffon)<\/p><\/div>\n<p><br style=\"clear: both;\" \/><br \/>\n<strong>Aux Follat\u00e8res (vers Martigny), le 1er mai<\/strong><\/p>\n<div id=\"attachment_1480\" style=\"width: 327px\" class=\"wp-caption alignleft\"><img aria-describedby=\"caption-attachment-1480\" decoding=\"async\" loading=\"lazy\" title=\"Dactylorhiza sambucina et Anacamptis morio (Orchis sureau et Orchis bouffon)\" src=\"\/\/www.escapades-photographiques.ch\/Site\/blog\/..\/blog.uploads\/2013\/05\/2013-05-01_022_5DmII.jpg\" alt=\"Dactylorhiza sambucina et Anacamptis morio (Orchis sureau et Orchis bouffon)\" width=\"317\" height=\"476\" class=\"size-full wp-image-1480\" srcset=\"https:\/\/www.escapades-photographiques.ch\/Site\/blog\/..\/blog.uploads\/2013\/05\/2013-05-01_022_5DmII.jpg 317w, https:\/\/www.escapades-photographiques.ch\/Site\/blog\/..\/blog.uploads\/2013\/05\/2013-05-01_022_5DmII-199x300.jpg 199w\" sizes=\"(max-width: 317px) 100vw, 317px\" \/><p id=\"caption-attachment-1480\" class=\"wp-caption-text\">Dactylorhiza sambucina et Anacamptis morio (Orchis sureau et Orchis bouffon)<\/p><\/div>\n<div id=\"attachment_1482\" style=\"width: 327px\" class=\"wp-caption alignleft\"><img aria-describedby=\"caption-attachment-1482\" decoding=\"async\" loading=\"lazy\" title=\"Dactylorhiza sambucina (Orchis sureau)\" src=\"\/\/www.escapades-photographiques.ch\/Site\/blog\/..\/blog.uploads\/2013\/05\/2013-05-01_045_5DmII.jpg\" alt=\"Dactylorhiza sambucina (Orchis sureau)\" width=\"317\" height=\"476\" class=\"size-full wp-image-1482\" srcset=\"https:\/\/www.escapades-photographiques.ch\/Site\/blog\/..\/blog.uploads\/2013\/05\/2013-05-01_045_5DmII.jpg 317w, https:\/\/www.escapades-photographiques.ch\/Site\/blog\/..\/blog.uploads\/2013\/05\/2013-05-01_045_5DmII-199x300.jpg 199w\" sizes=\"(max-width: 317px) 100vw, 317px\" \/><p id=\"caption-attachment-1482\" class=\"wp-caption-text\">Dactylorhiza sambucina (Orchis sureau)<\/p><\/div>\n<div id=\"attachment_1536\" style=\"width: 688px\" class=\"wp-caption alignnone\"><img aria-describedby=\"caption-attachment-1536\" decoding=\"async\" loading=\"lazy\" title=\"Dactylorhiza sambucina (Orchis sureau)\" src=\"\/\/www.escapades-photographiques.ch\/Site\/blog\/..\/blog.uploads\/2013\/05\/2013-05-01_108_5DmII.jpg\" alt=\"Dactylorhiza sambucina (Orchis sureau)\" width=\"678\" height=\"452\" class=\"size-full wp-image-1536\" srcset=\"https:\/\/www.escapades-photographiques.ch\/Site\/blog\/..\/blog.uploads\/2013\/05\/2013-05-01_108_5DmII.jpg 678w, https:\/\/www.escapades-photographiques.ch\/Site\/blog\/..\/blog.uploads\/2013\/05\/2013-05-01_108_5DmII-300x200.jpg 300w\" sizes=\"(max-width: 678px) 100vw, 678px\" \/><p id=\"caption-attachment-1536\" class=\"wp-caption-text\">Dactylorhiza sambucina (Orchis sureau)<\/p><\/div>\n<div id=\"attachment_1485\" style=\"width: 327px\" class=\"wp-caption alignleft\"><img aria-describedby=\"caption-attachment-1485\" decoding=\"async\" loading=\"lazy\" title=\"Dactylorhiza sambucina var. zimmermanii (Orchis sureau &quot;rose saumon&quot;)\" src=\"\/\/www.escapades-photographiques.ch\/Site\/blog\/..\/blog.uploads\/2013\/05\/2013-05-01_096_5DmII.jpg\" alt=\"Dactylorhiza sambucina var. zimmermanii (Orchis sureau &quot;rose saumon&quot;)\" width=\"317\" height=\"476\" class=\"size-full wp-image-1485\" srcset=\"https:\/\/www.escapades-photographiques.ch\/Site\/blog\/..\/blog.uploads\/2013\/05\/2013-05-01_096_5DmII.jpg 317w, https:\/\/www.escapades-photographiques.ch\/Site\/blog\/..\/blog.uploads\/2013\/05\/2013-05-01_096_5DmII-199x300.jpg 199w\" sizes=\"(max-width: 317px) 100vw, 317px\" \/><p id=\"caption-attachment-1485\" class=\"wp-caption-text\">Dactylorhiza sambucina var. zimmermanii (Orchis sureau \u00ab\u00a0rose saumon\u00a0\u00bb)<\/p><\/div>\n<div id=\"attachment_1484\" style=\"width: 327px\" class=\"wp-caption alignleft\"><img aria-describedby=\"caption-attachment-1484\" decoding=\"async\" loading=\"lazy\" title=\"Dactylorhiza sambucina var. zimmermanii (Orchis sureau &quot;rose saumon&quot;)\" src=\"\/\/www.escapades-photographiques.ch\/Site\/blog\/..\/blog.uploads\/2013\/05\/2013-05-01_085_5DmII.jpg\" alt=\"Dactylorhiza sambucina var. zimmermanii (Orchis sureau &quot;rose saumon&quot;)\" width=\"317\" height=\"476\" class=\"size-full wp-image-1484\" srcset=\"https:\/\/www.escapades-photographiques.ch\/Site\/blog\/..\/blog.uploads\/2013\/05\/2013-05-01_085_5DmII.jpg 317w, https:\/\/www.escapades-photographiques.ch\/Site\/blog\/..\/blog.uploads\/2013\/05\/2013-05-01_085_5DmII-199x300.jpg 199w\" sizes=\"(max-width: 317px) 100vw, 317px\" \/><p id=\"caption-attachment-1484\" class=\"wp-caption-text\">Dactylorhiza sambucina var. zimmermanii (Orchis sureau \u00ab\u00a0rose saumon\u00a0\u00bb)<\/p><\/div>\n<div id=\"attachment_1483\" style=\"width: 688px\" class=\"wp-caption alignnone\"><img aria-describedby=\"caption-attachment-1483\" decoding=\"async\" loading=\"lazy\" title=\"Dactylorhiza sambucina et Anacamptis morio (Orchis sureau et Orchis bouffon)\" src=\"\/\/www.escapades-photographiques.ch\/Site\/blog\/..\/blog.uploads\/2013\/05\/2013-05-01_049_5DmII.jpg\" alt=\"Dactylorhiza sambucina et Anacamptis morio (Orchis sureau et Orchis bouffon)\" width=\"678\" height=\"452\" class=\"size-full wp-image-1483\" srcset=\"https:\/\/www.escapades-photographiques.ch\/Site\/blog\/..\/blog.uploads\/2013\/05\/2013-05-01_049_5DmII.jpg 678w, https:\/\/www.escapades-photographiques.ch\/Site\/blog\/..\/blog.uploads\/2013\/05\/2013-05-01_049_5DmII-300x200.jpg 300w\" sizes=\"(max-width: 678px) 100vw, 678px\" \/><p id=\"caption-attachment-1483\" class=\"wp-caption-text\">Dactylorhiza sambucina et Anacamptis morio (Orchis sureau et Orchis bouffon)<\/p><\/div>\n<div id=\"attachment_1488\" style=\"width: 327px\" class=\"wp-caption alignleft\"><img aria-describedby=\"caption-attachment-1488\" decoding=\"async\" loading=\"lazy\" title=\"Anacamptis morio (Orchis bouffon)\" src=\"\/\/www.escapades-photographiques.ch\/Site\/blog\/..\/blog.uploads\/2013\/05\/2013-05-01_146_5DmII.jpg\" alt=\"Anacamptis morio (Orchis bouffon)\" width=\"317\" height=\"476\" class=\"size-full wp-image-1488\" srcset=\"https:\/\/www.escapades-photographiques.ch\/Site\/blog\/..\/blog.uploads\/2013\/05\/2013-05-01_146_5DmII.jpg 317w, https:\/\/www.escapades-photographiques.ch\/Site\/blog\/..\/blog.uploads\/2013\/05\/2013-05-01_146_5DmII-199x300.jpg 199w\" sizes=\"(max-width: 317px) 100vw, 317px\" \/><p id=\"caption-attachment-1488\" class=\"wp-caption-text\">Anacamptis morio (Orchis bouffon)<\/p><\/div>\n<div id=\"attachment_1489\" style=\"width: 327px\" class=\"wp-caption alignleft\"><img aria-describedby=\"caption-attachment-1489\" decoding=\"async\" loading=\"lazy\" title=\"Anacamptis morio (Orchis bouffon) - d\u00e9tail\" src=\"\/\/www.escapades-photographiques.ch\/Site\/blog\/..\/blog.uploads\/2013\/05\/2013-05-01_152_5DmII.jpg\" alt=\"Anacamptis morio (Orchis bouffon) - d\u00e9tail\" width=\"317\" height=\"476\" class=\"size-full wp-image-1489\" srcset=\"https:\/\/www.escapades-photographiques.ch\/Site\/blog\/..\/blog.uploads\/2013\/05\/2013-05-01_152_5DmII.jpg 317w, https:\/\/www.escapades-photographiques.ch\/Site\/blog\/..\/blog.uploads\/2013\/05\/2013-05-01_152_5DmII-199x300.jpg 199w\" sizes=\"(max-width: 317px) 100vw, 317px\" \/><p id=\"caption-attachment-1489\" class=\"wp-caption-text\">Anacamptis morio (Orchis bouffon) &#8211; d\u00e9tail<\/p><\/div>\n<div id=\"attachment_1491\" style=\"width: 327px\" class=\"wp-caption alignleft\"><img aria-describedby=\"caption-attachment-1491\" decoding=\"async\" loading=\"lazy\" title=\"Orchis pallens (Orchis p\u00e2le)\" src=\"\/\/www.escapades-photographiques.ch\/Site\/blog\/..\/blog.uploads\/2013\/05\/2013-05-01_201_5DmII.jpg\" alt=\"Orchis pallens (Orchis p\u00e2le)\" width=\"317\" height=\"476\" class=\"size-full wp-image-1491\" srcset=\"https:\/\/www.escapades-photographiques.ch\/Site\/blog\/..\/blog.uploads\/2013\/05\/2013-05-01_201_5DmII.jpg 317w, https:\/\/www.escapades-photographiques.ch\/Site\/blog\/..\/blog.uploads\/2013\/05\/2013-05-01_201_5DmII-199x300.jpg 199w\" sizes=\"(max-width: 317px) 100vw, 317px\" \/><p id=\"caption-attachment-1491\" class=\"wp-caption-text\">Orchis pallens (Orchis p\u00e2le)<\/p><\/div>\n<div id=\"attachment_1490\" style=\"width: 327px\" class=\"wp-caption alignleft\"><img aria-describedby=\"caption-attachment-1490\" decoding=\"async\" loading=\"lazy\" title=\"Orchis pallens (Orchis p\u00e2le)\" src=\"\/\/www.escapades-photographiques.ch\/Site\/blog\/..\/blog.uploads\/2013\/05\/2013-05-01_187_5DmII.jpg\" alt=\"Orchis pallens (Orchis p\u00e2le)\" width=\"317\" height=\"476\" class=\"size-full wp-image-1490\" srcset=\"https:\/\/www.escapades-photographiques.ch\/Site\/blog\/..\/blog.uploads\/2013\/05\/2013-05-01_187_5DmII.jpg 317w, https:\/\/www.escapades-photographiques.ch\/Site\/blog\/..\/blog.uploads\/2013\/05\/2013-05-01_187_5DmII-199x300.jpg 199w\" sizes=\"(max-width: 317px) 100vw, 317px\" \/><p id=\"caption-attachment-1490\" class=\"wp-caption-text\">Orchis pallens (Orchis p\u00e2le)<\/p><\/div>\n<div id=\"attachment_1493\" style=\"width: 327px\" class=\"wp-caption alignleft\"><img aria-describedby=\"caption-attachment-1493\" decoding=\"async\" loading=\"lazy\" title=\"Orchis pallens (Orchis p\u00e2le)\" src=\"\/\/www.escapades-photographiques.ch\/Site\/blog\/..\/blog.uploads\/2013\/05\/2013-05-01_223_5DmII.jpg\" alt=\"Orchis pallens (Orchis p\u00e2le)\" width=\"317\" height=\"476\" class=\"size-full wp-image-1493\" srcset=\"https:\/\/www.escapades-photographiques.ch\/Site\/blog\/..\/blog.uploads\/2013\/05\/2013-05-01_223_5DmII.jpg 317w, https:\/\/www.escapades-photographiques.ch\/Site\/blog\/..\/blog.uploads\/2013\/05\/2013-05-01_223_5DmII-199x300.jpg 199w\" sizes=\"(max-width: 317px) 100vw, 317px\" \/><p id=\"caption-attachment-1493\" class=\"wp-caption-text\">Orchis pallens (Orchis p\u00e2le)<\/p><\/div>\n<div id=\"attachment_1492\" style=\"width: 327px\" class=\"wp-caption alignleft\"><img aria-describedby=\"caption-attachment-1492\" decoding=\"async\" loading=\"lazy\" title=\"Orchis pallens (Orchis p\u00e2le) - d\u00e9tail\" src=\"\/\/www.escapades-photographiques.ch\/Site\/blog\/..\/blog.uploads\/2013\/05\/2013-05-01_205_5DmII.jpg\" alt=\"Orchis pallens (Orchis p\u00e2le) - d\u00e9tail\" width=\"317\" height=\"476\" class=\"size-full wp-image-1492\" srcset=\"https:\/\/www.escapades-photographiques.ch\/Site\/blog\/..\/blog.uploads\/2013\/05\/2013-05-01_205_5DmII.jpg 317w, https:\/\/www.escapades-photographiques.ch\/Site\/blog\/..\/blog.uploads\/2013\/05\/2013-05-01_205_5DmII-199x300.jpg 199w\" sizes=\"(max-width: 317px) 100vw, 317px\" \/><p id=\"caption-attachment-1492\" class=\"wp-caption-text\">Orchis pallens (Orchis p\u00e2le) &#8211; d\u00e9tail<\/p><\/div>\n<p><br style=\"clear: both;\" \/><br \/>\n<strong>Vers Chancy (canton de Gen\u00e8ve), le 4 mai<\/strong><\/p>\n<div id=\"attachment_1494\" style=\"width: 327px\" class=\"wp-caption alignleft\"><img aria-describedby=\"caption-attachment-1494\" decoding=\"async\" loading=\"lazy\" title=\"Orchis simia (Orchis singe)\" src=\"\/\/www.escapades-photographiques.ch\/Site\/blog\/..\/blog.uploads\/2013\/05\/2013-05-04_028_5DmII.jpg\" alt=\"Orchis simia (Orchis singe)\" width=\"317\" height=\"476\" class=\"size-full wp-image-1494\" srcset=\"https:\/\/www.escapades-photographiques.ch\/Site\/blog\/..\/blog.uploads\/2013\/05\/2013-05-04_028_5DmII.jpg 317w, https:\/\/www.escapades-photographiques.ch\/Site\/blog\/..\/blog.uploads\/2013\/05\/2013-05-04_028_5DmII-199x300.jpg 199w\" sizes=\"(max-width: 317px) 100vw, 317px\" \/><p id=\"caption-attachment-1494\" class=\"wp-caption-text\">Orchis simia (Orchis singe)<\/p><\/div>\n<div id=\"attachment_1495\" style=\"width: 327px\" class=\"wp-caption alignleft\"><img aria-describedby=\"caption-attachment-1495\" decoding=\"async\" loading=\"lazy\" title=\"Orchis simia (Orchis singe)\" src=\"\/\/www.escapades-photographiques.ch\/Site\/blog\/..\/blog.uploads\/2013\/05\/2013-05-04_034_5DmII.jpg\" alt=\"Orchis simia (Orchis singe)\" width=\"317\" height=\"476\" class=\"size-full wp-image-1495\" srcset=\"https:\/\/www.escapades-photographiques.ch\/Site\/blog\/..\/blog.uploads\/2013\/05\/2013-05-04_034_5DmII.jpg 317w, https:\/\/www.escapades-photographiques.ch\/Site\/blog\/..\/blog.uploads\/2013\/05\/2013-05-04_034_5DmII-199x300.jpg 199w\" sizes=\"(max-width: 317px) 100vw, 317px\" \/><p id=\"caption-attachment-1495\" class=\"wp-caption-text\">Orchis simia (Orchis singe)<\/p><\/div>\n<div id=\"attachment_1496\" style=\"width: 327px\" class=\"wp-caption alignleft\"><img aria-describedby=\"caption-attachment-1496\" decoding=\"async\" loading=\"lazy\" title=\"Orchis simia (Orchis singe) - d\u00e9tail\" src=\"\/\/www.escapades-photographiques.ch\/Site\/blog\/..\/blog.uploads\/2013\/05\/2013-05-04_041_5DmII_2.jpg\" alt=\"Orchis simia (Orchis singe) - d\u00e9tail\" width=\"317\" height=\"476\" class=\"size-full wp-image-1496\" srcset=\"https:\/\/www.escapades-photographiques.ch\/Site\/blog\/..\/blog.uploads\/2013\/05\/2013-05-04_041_5DmII_2.jpg 317w, https:\/\/www.escapades-photographiques.ch\/Site\/blog\/..\/blog.uploads\/2013\/05\/2013-05-04_041_5DmII_2-199x300.jpg 199w\" sizes=\"(max-width: 317px) 100vw, 317px\" \/><p id=\"caption-attachment-1496\" class=\"wp-caption-text\">Orchis simia (Orchis singe) &#8211; d\u00e9tail<\/p><\/div>\n<p><br style=\"clear: both;\" \/><br \/>\n<strong>Vallon de l&rsquo;Aubonne (canton de Vaud), le 9 mai<\/strong><\/p>\n<div id=\"attachment_1497\" style=\"width: 327px\" class=\"wp-caption alignleft\"><img aria-describedby=\"caption-attachment-1497\" decoding=\"async\" loading=\"lazy\" title=\"Orchis purpurea x militaris (Orchis pourpre x militaire)\" src=\"\/\/www.escapades-photographiques.ch\/Site\/blog\/..\/blog.uploads\/2013\/05\/2013-05-09_016_5DmII.jpg\" alt=\"Orchis purpurea x militaris (Orchis pourpre x militaire)\" width=\"317\" height=\"476\" class=\"size-full wp-image-1497\" srcset=\"https:\/\/www.escapades-photographiques.ch\/Site\/blog\/..\/blog.uploads\/2013\/05\/2013-05-09_016_5DmII.jpg 317w, https:\/\/www.escapades-photographiques.ch\/Site\/blog\/..\/blog.uploads\/2013\/05\/2013-05-09_016_5DmII-199x300.jpg 199w\" sizes=\"(max-width: 317px) 100vw, 317px\" \/><p id=\"caption-attachment-1497\" class=\"wp-caption-text\">Orchis purpurea x militaris (Orchis pourpre x militaire)<\/p><\/div>\n<div id=\"attachment_1498\" style=\"width: 327px\" class=\"wp-caption alignleft\"><img aria-describedby=\"caption-attachment-1498\" decoding=\"async\" loading=\"lazy\" title=\"Orchis purpurea x militaris (Orchis pourpre x militaire) - d\u00e9tail\" src=\"\/\/www.escapades-photographiques.ch\/Site\/blog\/..\/blog.uploads\/2013\/05\/2013-05-09_017_5DmII.jpg\" alt=\"Orchis purpurea x militaris (Orchis pourpre x militaire) - d\u00e9tail\" width=\"317\" height=\"476\" class=\"size-full wp-image-1498\" srcset=\"https:\/\/www.escapades-photographiques.ch\/Site\/blog\/..\/blog.uploads\/2013\/05\/2013-05-09_017_5DmII.jpg 317w, https:\/\/www.escapades-photographiques.ch\/Site\/blog\/..\/blog.uploads\/2013\/05\/2013-05-09_017_5DmII-199x300.jpg 199w\" sizes=\"(max-width: 317px) 100vw, 317px\" \/><p id=\"caption-attachment-1498\" class=\"wp-caption-text\">Orchis purpurea x militaris (Orchis pourpre x militaire) &#8211; d\u00e9tail<\/p><\/div>\n<div id=\"attachment_1501\" style=\"width: 327px\" class=\"wp-caption alignleft\"><img aria-describedby=\"caption-attachment-1501\" decoding=\"async\" loading=\"lazy\" title=\"Orchis militaris x simia (Orchis militaire x singe)\" src=\"\/\/www.escapades-photographiques.ch\/Site\/blog\/..\/blog.uploads\/2013\/05\/2013-05-09_045_5DmII.jpg\" alt=\"Orchis militaris x simia (Orchis militaire x singe)\" width=\"317\" height=\"476\" class=\"size-full wp-image-1501\" srcset=\"https:\/\/www.escapades-photographiques.ch\/Site\/blog\/..\/blog.uploads\/2013\/05\/2013-05-09_045_5DmII.jpg 317w, https:\/\/www.escapades-photographiques.ch\/Site\/blog\/..\/blog.uploads\/2013\/05\/2013-05-09_045_5DmII-199x300.jpg 199w\" sizes=\"(max-width: 317px) 100vw, 317px\" \/><p id=\"caption-attachment-1501\" class=\"wp-caption-text\">Orchis militaris x simia (Orchis militaire x singe)<\/p><\/div>\n<div id=\"attachment_1500\" style=\"width: 327px\" class=\"wp-caption alignleft\"><img aria-describedby=\"caption-attachment-1500\" decoding=\"async\" loading=\"lazy\" title=\"Orchis militaris x simia (Orchis militaire x singe) - d\u00e9tail\" src=\"\/\/www.escapades-photographiques.ch\/Site\/blog\/..\/blog.uploads\/2013\/05\/2013-05-09_043_5DmII.jpg\" alt=\"Orchis militaris x simia (Orchis militaire x singe) - d\u00e9tail\" width=\"317\" height=\"476\" class=\"size-full wp-image-1500\" srcset=\"https:\/\/www.escapades-photographiques.ch\/Site\/blog\/..\/blog.uploads\/2013\/05\/2013-05-09_043_5DmII.jpg 317w, https:\/\/www.escapades-photographiques.ch\/Site\/blog\/..\/blog.uploads\/2013\/05\/2013-05-09_043_5DmII-199x300.jpg 199w\" sizes=\"(max-width: 317px) 100vw, 317px\" \/><p id=\"caption-attachment-1500\" class=\"wp-caption-text\">Orchis militaris x simia (Orchis militaire x singe) &#8211; d\u00e9tail<\/p><\/div>\n<p><br style=\"clear: both;\" \/><br \/>\n<strong>Les Cl\u00e9es (canton de Vaud), le 9 mai<\/strong><\/p>\n<div id=\"attachment_1502\" style=\"width: 327px\" class=\"wp-caption alignleft\"><img aria-describedby=\"caption-attachment-1502\" decoding=\"async\" loading=\"lazy\" title=\"Ophrys araneola (Ophrys petite araign\u00e9e)\" src=\"\/\/www.escapades-photographiques.ch\/Site\/blog\/..\/blog.uploads\/2013\/05\/2013-05-09_068_5DmII.jpg\" alt=\"Ophrys araneola (Ophrys petite araign\u00e9e)\" width=\"317\" height=\"476\" class=\"size-full wp-image-1502\" srcset=\"https:\/\/www.escapades-photographiques.ch\/Site\/blog\/..\/blog.uploads\/2013\/05\/2013-05-09_068_5DmII.jpg 317w, https:\/\/www.escapades-photographiques.ch\/Site\/blog\/..\/blog.uploads\/2013\/05\/2013-05-09_068_5DmII-199x300.jpg 199w\" sizes=\"(max-width: 317px) 100vw, 317px\" \/><p id=\"caption-attachment-1502\" class=\"wp-caption-text\">Ophrys araneola (Ophrys petite araign\u00e9e)<\/p><\/div>\n<div id=\"attachment_1505\" style=\"width: 327px\" class=\"wp-caption alignleft\"><img aria-describedby=\"caption-attachment-1505\" decoding=\"async\" loading=\"lazy\" title=\"Ophrys araneola (Ophrys petite araign\u00e9e) - d\u00e9tail\" src=\"\/\/www.escapades-photographiques.ch\/Site\/blog\/..\/blog.uploads\/2013\/05\/2013-05-09_079_5DmII.jpg\" alt=\"Ophrys araneola (Ophrys petite araign\u00e9e) - d\u00e9tail\" width=\"317\" height=\"476\" class=\"size-full wp-image-1505\" srcset=\"https:\/\/www.escapades-photographiques.ch\/Site\/blog\/..\/blog.uploads\/2013\/05\/2013-05-09_079_5DmII.jpg 317w, https:\/\/www.escapades-photographiques.ch\/Site\/blog\/..\/blog.uploads\/2013\/05\/2013-05-09_079_5DmII-199x300.jpg 199w\" sizes=\"(max-width: 317px) 100vw, 317px\" \/><p id=\"caption-attachment-1505\" class=\"wp-caption-text\">Ophrys araneola (Ophrys petite araign\u00e9e) &#8211; d\u00e9tail<\/p><\/div>\n<div id=\"attachment_1503\" style=\"width: 327px\" class=\"wp-caption alignleft\"><img aria-describedby=\"caption-attachment-1503\" decoding=\"async\" loading=\"lazy\" title=\"Ophrys insectifera (Ophrys mouche)\" src=\"\/\/www.escapades-photographiques.ch\/Site\/blog\/..\/blog.uploads\/2013\/05\/2013-05-09_070_5DmII.jpg\" alt=\"Ophrys insectifera (Ophrys mouche)\" width=\"317\" height=\"476\" class=\"size-full wp-image-1503\" srcset=\"https:\/\/www.escapades-photographiques.ch\/Site\/blog\/..\/blog.uploads\/2013\/05\/2013-05-09_070_5DmII.jpg 317w, https:\/\/www.escapades-photographiques.ch\/Site\/blog\/..\/blog.uploads\/2013\/05\/2013-05-09_070_5DmII-199x300.jpg 199w\" sizes=\"(max-width: 317px) 100vw, 317px\" \/><p id=\"caption-attachment-1503\" class=\"wp-caption-text\">Ophrys insectifera (Ophrys mouche)<\/p><\/div>\n<div id=\"attachment_1504\" style=\"width: 327px\" class=\"wp-caption alignleft\"><img aria-describedby=\"caption-attachment-1504\" decoding=\"async\" loading=\"lazy\" title=\"Ophrys insectifera (Ophrys mouche) - d\u00e9tail\" src=\"\/\/www.escapades-photographiques.ch\/Site\/blog\/..\/blog.uploads\/2013\/05\/2013-05-09_073_5DmII.jpg\" alt=\"Ophrys insectifera (Ophrys mouche) - d\u00e9tail\" width=\"317\" height=\"476\" class=\"size-full wp-image-1504\" srcset=\"https:\/\/www.escapades-photographiques.ch\/Site\/blog\/..\/blog.uploads\/2013\/05\/2013-05-09_073_5DmII.jpg 317w, https:\/\/www.escapades-photographiques.ch\/Site\/blog\/..\/blog.uploads\/2013\/05\/2013-05-09_073_5DmII-199x300.jpg 199w\" sizes=\"(max-width: 317px) 100vw, 317px\" \/><p id=\"caption-attachment-1504\" class=\"wp-caption-text\">Ophrys insectifera (Ophrys mouche) &#8211; d\u00e9tail<\/p><\/div>\n<p><br style=\"clear: both;\" \/><br \/>\n<strong>Vers la Sarraz (nord-vaudois), le 9 mai<\/strong><\/p>\n<div id=\"attachment_1507\" style=\"width: 327px\" class=\"wp-caption alignleft\"><img aria-describedby=\"caption-attachment-1507\" decoding=\"async\" loading=\"lazy\" title=\"Anacamptis morio (Orchis bouffon)\" src=\"\/\/www.escapades-photographiques.ch\/Site\/blog\/..\/blog.uploads\/2013\/05\/2013-05-09_120_5DmII.jpg\" alt=\"Anacamptis morio (Orchis bouffon)\" width=\"317\" height=\"476\" class=\"size-full wp-image-1507\" srcset=\"https:\/\/www.escapades-photographiques.ch\/Site\/blog\/..\/blog.uploads\/2013\/05\/2013-05-09_120_5DmII.jpg 317w, https:\/\/www.escapades-photographiques.ch\/Site\/blog\/..\/blog.uploads\/2013\/05\/2013-05-09_120_5DmII-199x300.jpg 199w\" sizes=\"(max-width: 317px) 100vw, 317px\" \/><p id=\"caption-attachment-1507\" class=\"wp-caption-text\">Anacamptis morio (Orchis bouffon)<\/p><\/div>\n<div id=\"attachment_1506\" style=\"width: 327px\" class=\"wp-caption alignleft\"><img aria-describedby=\"caption-attachment-1506\" decoding=\"async\" loading=\"lazy\" title=\"Anacamptis morio (Orchis bouffon)\" src=\"\/\/www.escapades-photographiques.ch\/Site\/blog\/..\/blog.uploads\/2013\/05\/2013-05-09_112_5DmII.jpg\" alt=\"Anacamptis morio (Orchis bouffon)\" width=\"317\" height=\"476\" class=\"size-full wp-image-1506\" srcset=\"https:\/\/www.escapades-photographiques.ch\/Site\/blog\/..\/blog.uploads\/2013\/05\/2013-05-09_112_5DmII.jpg 317w, https:\/\/www.escapades-photographiques.ch\/Site\/blog\/..\/blog.uploads\/2013\/05\/2013-05-09_112_5DmII-199x300.jpg 199w\" sizes=\"(max-width: 317px) 100vw, 317px\" \/><p id=\"caption-attachment-1506\" class=\"wp-caption-text\">Anacamptis morio (Orchis bouffon)<\/p><\/div>\n<div id=\"attachment_1508\" style=\"width: 327px\" class=\"wp-caption alignleft\"><img aria-describedby=\"caption-attachment-1508\" decoding=\"async\" loading=\"lazy\" title=\"Anacamptis morio (Orchis bouffon)\" src=\"\/\/www.escapades-photographiques.ch\/Site\/blog\/..\/blog.uploads\/2013\/05\/2013-05-09_138_5DmII.jpg\" alt=\"Anacamptis morio (Orchis bouffon)\" width=\"317\" height=\"476\" class=\"size-full wp-image-1508\" srcset=\"https:\/\/www.escapades-photographiques.ch\/Site\/blog\/..\/blog.uploads\/2013\/05\/2013-05-09_138_5DmII.jpg 317w, https:\/\/www.escapades-photographiques.ch\/Site\/blog\/..\/blog.uploads\/2013\/05\/2013-05-09_138_5DmII-199x300.jpg 199w\" sizes=\"(max-width: 317px) 100vw, 317px\" \/><p id=\"caption-attachment-1508\" class=\"wp-caption-text\">Anacamptis morio (Orchis bouffon)<\/p><\/div>\n<div id=\"attachment_1509\" style=\"width: 327px\" class=\"wp-caption alignleft\"><img aria-describedby=\"caption-attachment-1509\" decoding=\"async\" loading=\"lazy\" title=\"Anacamptis morio (Orchis bouffon)\" src=\"\/\/www.escapades-photographiques.ch\/Site\/blog\/..\/blog.uploads\/2013\/05\/2013-05-09_145_5DmII.jpg\" alt=\"Anacamptis morio (Orchis bouffon)\" width=\"317\" height=\"476\" class=\"size-full wp-image-1509\" srcset=\"https:\/\/www.escapades-photographiques.ch\/Site\/blog\/..\/blog.uploads\/2013\/05\/2013-05-09_145_5DmII.jpg 317w, https:\/\/www.escapades-photographiques.ch\/Site\/blog\/..\/blog.uploads\/2013\/05\/2013-05-09_145_5DmII-199x300.jpg 199w\" sizes=\"(max-width: 317px) 100vw, 317px\" \/><p id=\"caption-attachment-1509\" class=\"wp-caption-text\">Anacamptis morio (Orchis bouffon)<\/p><\/div>\n<div id=\"attachment_1511\" style=\"width: 327px\" class=\"wp-caption alignleft\"><img aria-describedby=\"caption-attachment-1511\" decoding=\"async\" loading=\"lazy\" title=\"Anacamptis morio (Orchis bouffon)\" src=\"\/\/www.escapades-photographiques.ch\/Site\/blog\/..\/blog.uploads\/2013\/05\/2013-05-09_158_5DmII.jpg\" alt=\"Anacamptis morio (Orchis bouffon)\" width=\"317\" height=\"476\" class=\"size-full wp-image-1511\" srcset=\"https:\/\/www.escapades-photographiques.ch\/Site\/blog\/..\/blog.uploads\/2013\/05\/2013-05-09_158_5DmII.jpg 317w, https:\/\/www.escapades-photographiques.ch\/Site\/blog\/..\/blog.uploads\/2013\/05\/2013-05-09_158_5DmII-199x300.jpg 199w\" sizes=\"(max-width: 317px) 100vw, 317px\" \/><p id=\"caption-attachment-1511\" class=\"wp-caption-text\">Anacamptis morio (Orchis bouffon)<\/p><\/div>\n<div id=\"attachment_1510\" style=\"width: 327px\" class=\"wp-caption alignleft\"><img aria-describedby=\"caption-attachment-1510\" decoding=\"async\" loading=\"lazy\" title=\"Anacamptis morio (Orchis bouffon)\" src=\"\/\/www.escapades-photographiques.ch\/Site\/blog\/..\/blog.uploads\/2013\/05\/2013-05-09_150_5DmII.jpg\" alt=\"Anacamptis morio (Orchis bouffon)\" width=\"317\" height=\"476\" class=\"size-full wp-image-1510\" srcset=\"https:\/\/www.escapades-photographiques.ch\/Site\/blog\/..\/blog.uploads\/2013\/05\/2013-05-09_150_5DmII.jpg 317w, https:\/\/www.escapades-photographiques.ch\/Site\/blog\/..\/blog.uploads\/2013\/05\/2013-05-09_150_5DmII-199x300.jpg 199w\" sizes=\"(max-width: 317px) 100vw, 317px\" \/><p id=\"caption-attachment-1510\" class=\"wp-caption-text\">Anacamptis morio (Orchis bouffon)<\/p><\/div>\n<p><br style=\"clear: both;\" \/><br \/>\n<strong>Les Cl\u00e9es (canton de Vaud), le 11 mai<\/strong><\/p>\n<div id=\"attachment_1554\" style=\"width: 327px\" class=\"wp-caption alignleft\"><img aria-describedby=\"caption-attachment-1554\" decoding=\"async\" loading=\"lazy\" title=\"Orchis anthropophora (Orchis homme-pendu)\" src=\"\/\/www.escapades-photographiques.ch\/Site\/blog\/..\/blog.uploads\/2013\/05\/2013-05-11_024_5DmII.jpg\" alt=\"Orchis anthropophora (Orchis homme-pendu)\" width=\"317\" height=\"476\" class=\"size-full wp-image-1554\" srcset=\"https:\/\/www.escapades-photographiques.ch\/Site\/blog\/..\/blog.uploads\/2013\/05\/2013-05-11_024_5DmII.jpg 317w, https:\/\/www.escapades-photographiques.ch\/Site\/blog\/..\/blog.uploads\/2013\/05\/2013-05-11_024_5DmII-199x300.jpg 199w\" sizes=\"(max-width: 317px) 100vw, 317px\" \/><p id=\"caption-attachment-1554\" class=\"wp-caption-text\">Orchis anthropophora (Orchis homme-pendu)<\/p><\/div>\n<div id=\"attachment_1553\" style=\"width: 327px\" class=\"wp-caption alignleft\"><img aria-describedby=\"caption-attachment-1553\" decoding=\"async\" loading=\"lazy\" title=\"Orchis anthropophora (Orchis homme-pendu) - d\u00e9tail\" src=\"\/\/www.escapades-photographiques.ch\/Site\/blog\/..\/blog.uploads\/2013\/05\/2013-05-11_022_5DmII.jpg\" alt=\"Orchis anthropophora (Orchis homme-pendu) - d\u00e9tail\" width=\"317\" height=\"476\" class=\"size-full wp-image-1553\" srcset=\"https:\/\/www.escapades-photographiques.ch\/Site\/blog\/..\/blog.uploads\/2013\/05\/2013-05-11_022_5DmII.jpg 317w, https:\/\/www.escapades-photographiques.ch\/Site\/blog\/..\/blog.uploads\/2013\/05\/2013-05-11_022_5DmII-199x300.jpg 199w\" sizes=\"(max-width: 317px) 100vw, 317px\" \/><p id=\"caption-attachment-1553\" class=\"wp-caption-text\">Orchis anthropophora (Orchis homme-pendu) &#8211; d\u00e9tail<\/p><\/div>\n","protected":false},"excerpt":{"rendered":"<p>Petit r\u00e9sum\u00e9 en images de photos d&rsquo;orchid\u00e9es effectu\u00e9es r\u00e9cemment (dans l&rsquo;ordre chronologique). Vers Chancy (canton de Gen\u00e8ve), le 28 avril Aux Follat\u00e8res (vers Martigny), le 1er mai Vers Chancy (canton de Gen\u00e8ve), le 4 mai Vallon de l&rsquo;Aubonne (canton de Vaud), le 9 mai Les Cl\u00e9es (canton de Vaud), le 9 mai Vers la Sarraz <a href='https:\/\/www.escapades-photographiques.ch\/Site\/blog\/2013\/flore\/florilege-des-dernieres-sorties\/' class='excerpt-more'>[&#8230;]<\/a><\/p>\n","protected":false},"author":1,"featured_media":0,"comment_status":"open","ping_status":"open","sticky":false,"template":"","format":"standard","meta":{"footnotes":""},"categories":[41],"tags":[44,45,300,78,53,299,54,79,65,67,49,68,64,63,296,295,297,298,59,60,66],"_links":{"self":[{"href":"https:\/\/www.escapades-photographiques.ch\/Site\/blog\/wp-json\/wp\/v2\/posts\/1512"}],"collection":[{"href":"https:\/\/www.escapades-photographiques.ch\/Site\/blog\/wp-json\/wp\/v2\/posts"}],"about":[{"href":"https:\/\/www.escapades-photographiques.ch\/Site\/blog\/wp-json\/wp\/v2\/types\/post"}],"author":[{"embeddable":true,"href":"https:\/\/www.escapades-photographiques.ch\/Site\/blog\/wp-json\/wp\/v2\/users\/1"}],"replies":[{"embeddable":true,"href":"https:\/\/www.escapades-photographiques.ch\/Site\/blog\/wp-json\/wp\/v2\/comments?post=1512"}],"version-history":[{"count":44,"href":"https:\/\/www.escapades-photographiques.ch\/Site\/blog\/wp-json\/wp\/v2\/posts\/1512\/revisions"}],"predecessor-version":[{"id":1587,"href":"https:\/\/www.escapades-photographiques.ch\/Site\/blog\/wp-json\/wp\/v2\/posts\/1512\/revisions\/1587"}],"wp:attachment":[{"href":"https:\/\/www.escapades-photographiques.ch\/Site\/blog\/wp-json\/wp\/v2\/media?parent=1512"}],"wp:term":[{"taxonomy":"category","embeddable":true,"href":"https:\/\/www.escapades-photographiques.ch\/Site\/blog\/wp-json\/wp\/v2\/categories?post=1512"},{"taxonomy":"post_tag","embeddable":true,"href":"https:\/\/www.escapades-photographiques.ch\/Site\/blog\/wp-json\/wp\/v2\/tags?post=1512"}],"curies":[{"name":"wp","href":"https:\/\/api.w.org\/{rel}","templated":true}]}}