{"id":1632,"date":"2013-08-12T23:22:44","date_gmt":"2013-08-12T21:22:44","guid":{"rendered":"http:\/\/www.escapades-photographiques.ch\/Site\/blog\/?p=1632"},"modified":"2013-08-12T23:28:59","modified_gmt":"2013-08-12T21:28:59","slug":"rando-entre-le-simplon-et-le-binntal","status":"publish","type":"post","link":"https:\/\/www.escapades-photographiques.ch\/Site\/blog\/2013\/randonnee\/rando-entre-le-simplon-et-le-binntal\/","title":{"rendered":"Rando entre le Simplon et le Binntal"},"content":{"rendered":"<p>Pr\u00e9sentation de quelques photos ci-dessous \u00e0 la suite d&rsquo;une rando et bivouac effectu\u00e9 entre le 1 et le 3 ao\u00fbt 2013 dans le Haut-Valais (entre Rosswald et le Binntal).<\/p>\n<div id=\"attachment_1622\" style=\"width: 688px\" class=\"wp-caption alignnone\"><img aria-describedby=\"caption-attachment-1622\" decoding=\"async\" loading=\"lazy\" title=\"Bivouac \u00e0 2550m\" src=\"\/\/www.escapades-photographiques.ch\/Site\/blog\/..\/blog.uploads\/2013\/08\/2013-08-01_128_5DmII.jpg\" alt=\"Bivouac \u00e0 2550m\" width=\"678\" height=\"452\" class=\"size-full wp-image-1622\" srcset=\"https:\/\/www.escapades-photographiques.ch\/Site\/blog\/..\/blog.uploads\/2013\/08\/2013-08-01_128_5DmII.jpg 678w, https:\/\/www.escapades-photographiques.ch\/Site\/blog\/..\/blog.uploads\/2013\/08\/2013-08-01_128_5DmII-300x200.jpg 300w\" sizes=\"(max-width: 678px) 100vw, 678px\" \/><p id=\"caption-attachment-1622\" class=\"wp-caption-text\">Bivouac \u00e0 2550m<\/p><\/div>\n<div id=\"attachment_1621\" style=\"width: 688px\" class=\"wp-caption alignnone\"><img aria-describedby=\"caption-attachment-1621\" decoding=\"async\" loading=\"lazy\" title=\"Flore locale: Edelweiss (Leontopodium nivale subsp. alpinum)\" src=\"\/\/www.escapades-photographiques.ch\/Site\/blog\/..\/blog.uploads\/2013\/08\/2013-08-01_117_5DmII.jpg\" alt=\"Flore locale: Edelweiss (Leontopodium nivale subsp. alpinum)\" width=\"678\" height=\"451\" class=\"size-full wp-image-1621\" srcset=\"https:\/\/www.escapades-photographiques.ch\/Site\/blog\/..\/blog.uploads\/2013\/08\/2013-08-01_117_5DmII.jpg 678w, https:\/\/www.escapades-photographiques.ch\/Site\/blog\/..\/blog.uploads\/2013\/08\/2013-08-01_117_5DmII-300x199.jpg 300w\" sizes=\"(max-width: 678px) 100vw, 678px\" \/><p id=\"caption-attachment-1621\" class=\"wp-caption-text\">Flore locale: Edelweiss (Leontopodium nivale subsp. alpinum)<\/p><\/div>\n<div id=\"attachment_1623\" style=\"width: 688px\" class=\"wp-caption alignnone\"><img aria-describedby=\"caption-attachment-1623\" decoding=\"async\" loading=\"lazy\" title=\"Petit lac avec le Helsenhorn (3272m) en reflet\" src=\"\/\/www.escapades-photographiques.ch\/Site\/blog\/..\/blog.uploads\/2013\/08\/2013-08-01_147_5DmII.jpg\" alt=\"Petit lac avec le Helsenhorn (3272m) en reflet\" width=\"678\" height=\"452\" class=\"size-full wp-image-1623\" srcset=\"https:\/\/www.escapades-photographiques.ch\/Site\/blog\/..\/blog.uploads\/2013\/08\/2013-08-01_147_5DmII.jpg 678w, https:\/\/www.escapades-photographiques.ch\/Site\/blog\/..\/blog.uploads\/2013\/08\/2013-08-01_147_5DmII-300x200.jpg 300w\" sizes=\"(max-width: 678px) 100vw, 678px\" \/><p id=\"caption-attachment-1623\" class=\"wp-caption-text\">Petit lac avec le Helsenhorn (3272m) en reflet<\/p><\/div>\n<div id=\"attachment_1624\" style=\"width: 688px\" class=\"wp-caption alignnone\"><img aria-describedby=\"caption-attachment-1624\" decoding=\"async\" loading=\"lazy\" title=\"Alpage, Gross Wannenhorn (3906m) et Finsteraarhorn (4273m)\" src=\"\/\/www.escapades-photographiques.ch\/Site\/blog\/..\/blog.uploads\/2013\/08\/2013-08-01_152_5DmII.jpg\" alt=\"Alpage, Gross Wannenhorn (3906m) et Finsteraarhorn (4273m)\" width=\"678\" height=\"452\" class=\"size-full wp-image-1624\" srcset=\"https:\/\/www.escapades-photographiques.ch\/Site\/blog\/..\/blog.uploads\/2013\/08\/2013-08-01_152_5DmII.jpg 678w, https:\/\/www.escapades-photographiques.ch\/Site\/blog\/..\/blog.uploads\/2013\/08\/2013-08-01_152_5DmII-300x200.jpg 300w\" sizes=\"(max-width: 678px) 100vw, 678px\" \/><p id=\"caption-attachment-1624\" class=\"wp-caption-text\">Alpage, Gross Wannenhorn (3906m) et Finsteraarhorn (4273m)<\/p><\/div>\n<div id=\"attachment_1625\" style=\"width: 688px\" class=\"wp-caption alignnone\"><img aria-describedby=\"caption-attachment-1625\" decoding=\"async\" loading=\"lazy\" title=\"Petit lac \u00e0 l&#039;aurore\" src=\"\/\/www.escapades-photographiques.ch\/Site\/blog\/..\/blog.uploads\/2013\/08\/2013-08-02_002_5DmII.jpg\" alt=\"Petit lac \u00e0 l&#039;aurore. On devine le Fletschhorn (3993m) et le Mischabel Dom (4545m) au fond\" width=\"678\" height=\"452\" class=\"size-full wp-image-1625\" srcset=\"https:\/\/www.escapades-photographiques.ch\/Site\/blog\/..\/blog.uploads\/2013\/08\/2013-08-02_002_5DmII.jpg 678w, https:\/\/www.escapades-photographiques.ch\/Site\/blog\/..\/blog.uploads\/2013\/08\/2013-08-02_002_5DmII-300x200.jpg 300w\" sizes=\"(max-width: 678px) 100vw, 678px\" \/><p id=\"caption-attachment-1625\" class=\"wp-caption-text\">Petit lac \u00e0 l&rsquo;aurore. On devine le Fletschhorn (3993m) et le Mischabel Dom (4545m) au fond<\/p><\/div>\n<div id=\"attachment_1626\" style=\"width: 688px\" class=\"wp-caption alignnone\"><img aria-describedby=\"caption-attachment-1626\" decoding=\"async\" loading=\"lazy\" title=\"Bietschhorn (3934m) et Nesthorn (3822m) \u00e0 l&#039;aurore\" src=\"\/\/www.escapades-photographiques.ch\/Site\/blog\/..\/blog.uploads\/2013\/08\/2013-08-02_023_5DmII.jpg\" alt=\"Bietschhorn (3934m) et Nesthorn (3822m) \u00e0 l&#039;aurore\" width=\"678\" height=\"452\" class=\"size-full wp-image-1626\" srcset=\"https:\/\/www.escapades-photographiques.ch\/Site\/blog\/..\/blog.uploads\/2013\/08\/2013-08-02_023_5DmII.jpg 678w, https:\/\/www.escapades-photographiques.ch\/Site\/blog\/..\/blog.uploads\/2013\/08\/2013-08-02_023_5DmII-300x200.jpg 300w\" sizes=\"(max-width: 678px) 100vw, 678px\" \/><p id=\"caption-attachment-1626\" class=\"wp-caption-text\">Bietschhorn (3934m) et Nesthorn (3822m) \u00e0 l&rsquo;aurore<\/p><\/div>\n<div id=\"attachment_1627\" style=\"width: 688px\" class=\"wp-caption alignnone\"><img aria-describedby=\"caption-attachment-1627\" decoding=\"async\" loading=\"lazy\" title=\"Mischabel Dom (4545m), Nadelhorn (4327m) et Weisshorn (4506m) de bon matin avec le Saflischpass en avant plan\" src=\"\/\/www.escapades-photographiques.ch\/Site\/blog\/..\/blog.uploads\/2013\/08\/2013-08-02_052_5DmII.jpg\" alt=\"Mischabel Dom (4545m), Nadelhorn (4327m) et Weisshorn (4506m) de bon matin avec le Saflischpass en avant plan\" width=\"678\" height=\"452\" class=\"size-full wp-image-1627\" srcset=\"https:\/\/www.escapades-photographiques.ch\/Site\/blog\/..\/blog.uploads\/2013\/08\/2013-08-02_052_5DmII.jpg 678w, https:\/\/www.escapades-photographiques.ch\/Site\/blog\/..\/blog.uploads\/2013\/08\/2013-08-02_052_5DmII-300x200.jpg 300w\" sizes=\"(max-width: 678px) 100vw, 678px\" \/><p id=\"caption-attachment-1627\" class=\"wp-caption-text\">Mischabel Dom (4545m), Nadelhorn (4327m) et Weisshorn (4506m) de bon matin avec le Saflischpass en avant plan<\/p><\/div>\n<div id=\"attachment_1628\" style=\"width: 688px\" class=\"wp-caption alignnone\"><img aria-describedby=\"caption-attachment-1628\" decoding=\"async\" loading=\"lazy\" title=\"Petit lac avec le Helsenhorn (3272m) en reflet\" src=\"\/\/www.escapades-photographiques.ch\/Site\/blog\/..\/blog.uploads\/2013\/08\/2013-08-02_059_5DmII.jpg\" alt=\"Petit lac avec le Helsenhorn (3272m) en reflet\" width=\"678\" height=\"452\" class=\"size-full wp-image-1628\" srcset=\"https:\/\/www.escapades-photographiques.ch\/Site\/blog\/..\/blog.uploads\/2013\/08\/2013-08-02_059_5DmII.jpg 678w, https:\/\/www.escapades-photographiques.ch\/Site\/blog\/..\/blog.uploads\/2013\/08\/2013-08-02_059_5DmII-300x200.jpg 300w\" sizes=\"(max-width: 678px) 100vw, 678px\" \/><p id=\"caption-attachment-1628\" class=\"wp-caption-text\">Petit lac avec le Helsenhorn (3272m) en reflet<\/p><\/div>\n<div id=\"attachment_1629\" style=\"width: 688px\" class=\"wp-caption alignnone\"><img aria-describedby=\"caption-attachment-1629\" decoding=\"async\" loading=\"lazy\" title=\"Ofenhorn (3235m) et Albrunpass (2409m) au fond du Binntal\" src=\"\/\/www.escapades-photographiques.ch\/Site\/blog\/..\/blog.uploads\/2013\/08\/2013-08-02_075_5DmII.jpg\" alt=\"Ofenhorn (3235m) et Albrunpass (2409m) au fond du Binntal\" width=\"678\" height=\"452\" class=\"size-full wp-image-1629\" srcset=\"https:\/\/www.escapades-photographiques.ch\/Site\/blog\/..\/blog.uploads\/2013\/08\/2013-08-02_075_5DmII.jpg 678w, https:\/\/www.escapades-photographiques.ch\/Site\/blog\/..\/blog.uploads\/2013\/08\/2013-08-02_075_5DmII-300x200.jpg 300w\" sizes=\"(max-width: 678px) 100vw, 678px\" \/><p id=\"caption-attachment-1629\" class=\"wp-caption-text\">Ofenhorn (3235m) et Albrunpass (2409m) au fond du Binntal<\/p><\/div>\n<div id=\"attachment_1630\" style=\"width: 688px\" class=\"wp-caption alignnone\"><img aria-describedby=\"caption-attachment-1630\" decoding=\"async\" loading=\"lazy\" title=\"Croix du Chlis F\u00fclhorn (2510m)\" src=\"\/\/www.escapades-photographiques.ch\/Site\/blog\/..\/blog.uploads\/2013\/08\/2013-08-03_022_5DmII.jpg\" alt=\"Croix du Chlis F\u00fclhorn (2510m)\" width=\"678\" height=\"452\" class=\"size-full wp-image-1630\" srcset=\"https:\/\/www.escapades-photographiques.ch\/Site\/blog\/..\/blog.uploads\/2013\/08\/2013-08-03_022_5DmII.jpg 678w, https:\/\/www.escapades-photographiques.ch\/Site\/blog\/..\/blog.uploads\/2013\/08\/2013-08-03_022_5DmII-300x200.jpg 300w\" sizes=\"(max-width: 678px) 100vw, 678px\" \/><p id=\"caption-attachment-1630\" class=\"wp-caption-text\">Croix du Chlis F\u00fclhorn (2510m)<\/p><\/div>\n<div id=\"attachment_1631\" style=\"width: 688px\" class=\"wp-caption alignnone\"><img aria-describedby=\"caption-attachment-1631\" decoding=\"async\" loading=\"lazy\" title=\"Un mouton haut-valaisan dans le Binntal\" src=\"\/\/www.escapades-photographiques.ch\/Site\/blog\/..\/blog.uploads\/2013\/08\/2013-08-03_026_5DmII.jpg\" alt=\"Un mouton haut-valaisan dans le Binntal\" width=\"678\" height=\"452\" class=\"size-full wp-image-1631\" srcset=\"https:\/\/www.escapades-photographiques.ch\/Site\/blog\/..\/blog.uploads\/2013\/08\/2013-08-03_026_5DmII.jpg 678w, https:\/\/www.escapades-photographiques.ch\/Site\/blog\/..\/blog.uploads\/2013\/08\/2013-08-03_026_5DmII-300x200.jpg 300w\" sizes=\"(max-width: 678px) 100vw, 678px\" \/><p id=\"caption-attachment-1631\" class=\"wp-caption-text\">Un mouton haut-valaisan dans le Binntal<\/p><\/div>\n<p><br style=\"clear: both;\" \/><br \/>\n<strong>Animations panoramiques:<\/strong><\/p>\n\n<!-- PanoPress [1.0] -->\n<p style=\"font-size: 12px;\" id=\"pp_105283_explain\"><code><em>Note: aucune animation panoramique possible car Javascript n'est pas activ\u00e9. Veuillez l'activer pour afficher les animations.<\/em><\/code><\/p>\n<div class=\"pp-embed\" id=\"pp_105283_embed\"><img src=\"\/\/www.escapades-photographiques.ch\/Site\/blog\/..\/blog.uploads\/panoramics\/%5B2013-08-01_108_5DmII%5D-%5B2013-08-01_115_5DmII%5D_(8%20images)\/image_blog\/%5B2013-08-01_108_5DmII%5D-%5B2013-08-01_115_5DmII%5D_(8%20images).jpg\" alt=\"Animation panoramique\" title=\"Petit lac du Chalti Wassre (vue sur le Monte Leone, le B\u00e4ttlihorn, etc.)\" class=\"aligncenter size-full\" \/><\/div>\n<script type=\"text\/javascript\">\n  jQuery( function() { pano_display.pano_embed( {\"explain\":true,\"id\":\"pp_105283\",\"obj_panopress\":{\"id\":\"pp_105283\",\"type\":\"html\",\"version\":\"4.0\",\"viewer\":null,\"width\":\"690\",\"height\":\"460\",\"title\":\"Petit lac du Chalti Wassre (vue sur le Monte Leone, le B\\u00e4ttlihorn, etc.)\",\"alt\":null,\"button\":true,\"panobox\":false,\"preview\":\"\",\"file\":\"\/\/www.escapades-photographiques.ch\/Site\/blog\/..\/blog.uploads\/panoramics\/%5B2013-08-01_108_5DmII%5D-%5B2013-08-01_115_5DmII%5D_(8%20images)\/%5B2013-08-01_108_5DmII%5D-%5B2013-08-01_115_5DmII%5D_(8%20images).html\",\"button_img\":\"\/\/www.escapades-photographiques.ch\/Site\/blog\/..\/blog.uploads\/panoramics\/%5B2013-08-01_108_5DmII%5D-%5B2013-08-01_115_5DmII%5D_(8%20images)\/image_blog\/%5B2013-08-01_108_5DmII%5D-%5B2013-08-01_115_5DmII%5D_(8%20images).play.jpg\",\"params\":{\"base\":\"\/\/www.escapades-photographiques.ch\/Site\/blog\/..\/blog.uploads\/panoramics\/%5B2013-08-01_108_5DmII%5D-%5B2013-08-01_115_5DmII%5D_(8%20images)\/\"}},\"panobox\":false,\"settings_alt\":null,\"settings_preview\":\"\",\"width\":\"690\",\"height\":\"460\"}); } );\n<\/script>\n<p style=\"text-align: center;padding-top: 8px;\">Petit lac du Chalti Wassre (vue sur le Monte Leone, le B\u00e4ttlihorn, etc.)<\/p>\n<!-- \/PanoPress -->\n\n\n<!-- PanoPress [1.0] -->\n<div class=\"pp-embed\" id=\"pp_383356_embed\"><img src=\"\/\/www.escapades-photographiques.ch\/Site\/blog\/..\/blog.uploads\/panoramics\/%5B2013-08-01_133_5DmII%5D-%5B2013-08-01_143_5DmII%5D_(11%20images)\/image_blog\/%5B2013-08-01_133_5DmII%5D-%5B2013-08-01_143_5DmII%5D_(11%20images).jpg\" alt=\"Animation panoramique\" title=\"Petit lac du Chalti Wassre (2545m)\" class=\"aligncenter size-full\" \/><\/div>\n<script type=\"text\/javascript\">\n  jQuery( function() { pano_display.pano_embed( {\"explain\":null,\"id\":\"pp_383356\",\"obj_panopress\":{\"id\":\"pp_383356\",\"type\":\"html\",\"version\":\"4.0\",\"viewer\":null,\"width\":\"690\",\"height\":\"460\",\"title\":\"Petit lac du Chalti Wassre (2545m)\",\"alt\":null,\"button\":true,\"panobox\":false,\"preview\":\"\",\"file\":\"\/\/www.escapades-photographiques.ch\/Site\/blog\/..\/blog.uploads\/panoramics\/%5B2013-08-01_133_5DmII%5D-%5B2013-08-01_143_5DmII%5D_(11%20images)\/%5B2013-08-01_133_5DmII%5D-%5B2013-08-01_143_5DmII%5D_(11%20images).html\",\"button_img\":\"\/\/www.escapades-photographiques.ch\/Site\/blog\/..\/blog.uploads\/panoramics\/%5B2013-08-01_133_5DmII%5D-%5B2013-08-01_143_5DmII%5D_(11%20images)\/image_blog\/%5B2013-08-01_133_5DmII%5D-%5B2013-08-01_143_5DmII%5D_(11%20images).play.jpg\",\"params\":{\"base\":\"\/\/www.escapades-photographiques.ch\/Site\/blog\/..\/blog.uploads\/panoramics\/%5B2013-08-01_133_5DmII%5D-%5B2013-08-01_143_5DmII%5D_(11%20images)\/\"}},\"panobox\":false,\"settings_alt\":null,\"settings_preview\":\"\",\"width\":\"690\",\"height\":\"460\"}); } );\n<\/script>\n<p style=\"text-align: center;padding-top: 8px;\">Petit lac du Chalti Wassre (2545m)<\/p>\n<!-- \/PanoPress -->\n\n\n<!-- PanoPress [1.0] -->\n<div class=\"pp-embed\" id=\"pp_191145_embed\"><img src=\"\/\/www.escapades-photographiques.ch\/Site\/blog\/..\/blog.uploads\/panoramics\/%5B2013-08-01_184_5DmII%5D-%5B2013-08-01_186_5DmII%5D_(3%20images)\/image_blog\/%5B2013-08-01_184_5DmII%5D-%5B2013-08-01_186_5DmII%5D_(3%20images).jpg\" alt=\"Animation panoramique\" title=\"Schwarzhorn (3108m), Scherbadung (3155m) et Helsenhorn (3272m) \u00e0 l'aurore\" class=\"aligncenter size-full\" \/><\/div>\n<script type=\"text\/javascript\">\n  jQuery( function() { pano_display.pano_embed( {\"explain\":null,\"id\":\"pp_191145\",\"obj_panopress\":{\"id\":\"pp_191145\",\"type\":\"html\",\"version\":\"4.0\",\"viewer\":null,\"width\":\"690\",\"height\":\"460\",\"title\":\"Schwarzhorn (3108m), Scherbadung (3155m) et Helsenhorn (3272m) \\u00e0 l'aurore\",\"alt\":null,\"button\":true,\"panobox\":false,\"preview\":\"\",\"file\":\"\/\/www.escapades-photographiques.ch\/Site\/blog\/..\/blog.uploads\/panoramics\/%5B2013-08-01_184_5DmII%5D-%5B2013-08-01_186_5DmII%5D_(3%20images)\/%5B2013-08-01_184_5DmII%5D-%5B2013-08-01_186_5DmII%5D_(3%20images).html\",\"button_img\":\"\/\/www.escapades-photographiques.ch\/Site\/blog\/..\/blog.uploads\/panoramics\/%5B2013-08-01_184_5DmII%5D-%5B2013-08-01_186_5DmII%5D_(3%20images)\/image_blog\/%5B2013-08-01_184_5DmII%5D-%5B2013-08-01_186_5DmII%5D_(3%20images).play.jpg\",\"params\":{\"base\":\"\/\/www.escapades-photographiques.ch\/Site\/blog\/..\/blog.uploads\/panoramics\/%5B2013-08-01_184_5DmII%5D-%5B2013-08-01_186_5DmII%5D_(3%20images)\/\"}},\"panobox\":false,\"settings_alt\":null,\"settings_preview\":\"\",\"width\":\"690\",\"height\":\"460\"}); } );\n<\/script>\n<p style=\"text-align: center;padding-top: 8px;\">Schwarzhorn (3108m), Scherbadung (3155m) et Helsenhorn (3272m) \u00e0 l'aurore<\/p>\n<!-- \/PanoPress -->\n\n\n<!-- PanoPress [1.0] -->\n<div class=\"pp-embed\" id=\"pp_538145_embed\"><img src=\"\/\/www.escapades-photographiques.ch\/Site\/blog\/..\/blog.uploads\/panoramics\/%5B2013-08-02_016_5DmII%5D-%5B2013-08-02_020_5DmII%5D_(5%20images)\/image_blog\/%5B2013-08-02_016_5DmII%5D-%5B2013-08-02_020_5DmII%5D_(5%20images).jpg\" alt=\"Animation panoramique\" title=\"Monte Leone (3553m), Fletchhorn (3993m), Mischabel Dom (4545m), Nadelhorn (4327m) et Weisshorn (4506) \u00e0 l'aurore\" class=\"aligncenter size-full\" \/><\/div>\n<script type=\"text\/javascript\">\n  jQuery( function() { pano_display.pano_embed( {\"explain\":null,\"id\":\"pp_538145\",\"obj_panopress\":{\"id\":\"pp_538145\",\"type\":\"html\",\"version\":\"4.0\",\"viewer\":null,\"width\":\"690\",\"height\":\"460\",\"title\":\"Monte Leone (3553m), Fletchhorn (3993m), Mischabel Dom (4545m), Nadelhorn (4327m) et Weisshorn (4506) \\u00e0 l'aurore\",\"alt\":null,\"button\":true,\"panobox\":false,\"preview\":\"\",\"file\":\"\/\/www.escapades-photographiques.ch\/Site\/blog\/..\/blog.uploads\/panoramics\/%5B2013-08-02_016_5DmII%5D-%5B2013-08-02_020_5DmII%5D_(5%20images)\/%5B2013-08-02_016_5DmII%5D-%5B2013-08-02_020_5DmII%5D_(5%20images).html\",\"button_img\":\"\/\/www.escapades-photographiques.ch\/Site\/blog\/..\/blog.uploads\/panoramics\/%5B2013-08-02_016_5DmII%5D-%5B2013-08-02_020_5DmII%5D_(5%20images)\/image_blog\/%5B2013-08-02_016_5DmII%5D-%5B2013-08-02_020_5DmII%5D_(5%20images).play.jpg\",\"params\":{\"base\":\"\/\/www.escapades-photographiques.ch\/Site\/blog\/..\/blog.uploads\/panoramics\/%5B2013-08-02_016_5DmII%5D-%5B2013-08-02_020_5DmII%5D_(5%20images)\/\"}},\"panobox\":false,\"settings_alt\":null,\"settings_preview\":\"\",\"width\":\"690\",\"height\":\"460\"}); } );\n<\/script>\n<p style=\"text-align: center;padding-top: 8px;\">Monte Leone (3553m), Fletchhorn (3993m), Mischabel Dom (4545m), Nadelhorn (4327m) et Weisshorn (4506) \u00e0 l'aurore<\/p>\n<!-- \/PanoPress -->\n\n\n<!-- PanoPress [1.0] -->\n<div class=\"pp-embed\" id=\"pp_301596_embed\"><img src=\"\/\/www.escapades-photographiques.ch\/Site\/blog\/..\/blog.uploads\/panoramics\/%5B2013-08-02_042_5DmII%5D-%5B2013-08-02_044_5DmII%5D_(3%20images)\/image_blog\/%5B2013-08-02_042_5DmII%5D-%5B2013-08-02_044_5DmII%5D_(3%20images).jpg\" alt=\"Animation panoramique\" title=\"Monte Leone (3553m), Fletchhorn (3993m), Mischabel Dom (4545m), Nadelhorn (4327m) et Weisshorn (4506) de bon matin\" class=\"aligncenter size-full\" \/><\/div>\n<script type=\"text\/javascript\">\n  jQuery( function() { pano_display.pano_embed( {\"explain\":null,\"id\":\"pp_301596\",\"obj_panopress\":{\"id\":\"pp_301596\",\"type\":\"html\",\"version\":\"4.0\",\"viewer\":null,\"width\":\"690\",\"height\":\"460\",\"title\":\"Monte Leone (3553m), Fletchhorn (3993m), Mischabel Dom (4545m), Nadelhorn (4327m) et Weisshorn (4506) de bon matin\",\"alt\":null,\"button\":true,\"panobox\":false,\"preview\":\"\",\"file\":\"\/\/www.escapades-photographiques.ch\/Site\/blog\/..\/blog.uploads\/panoramics\/%5B2013-08-02_042_5DmII%5D-%5B2013-08-02_044_5DmII%5D_(3%20images)\/%5B2013-08-02_042_5DmII%5D-%5B2013-08-02_044_5DmII%5D_(3%20images).html\",\"button_img\":\"\/\/www.escapades-photographiques.ch\/Site\/blog\/..\/blog.uploads\/panoramics\/%5B2013-08-02_042_5DmII%5D-%5B2013-08-02_044_5DmII%5D_(3%20images)\/image_blog\/%5B2013-08-02_042_5DmII%5D-%5B2013-08-02_044_5DmII%5D_(3%20images).play.jpg\",\"params\":{\"base\":\"\/\/www.escapades-photographiques.ch\/Site\/blog\/..\/blog.uploads\/panoramics\/%5B2013-08-02_042_5DmII%5D-%5B2013-08-02_044_5DmII%5D_(3%20images)\/\"}},\"panobox\":false,\"settings_alt\":null,\"settings_preview\":\"\",\"width\":\"690\",\"height\":\"460\"}); } );\n<\/script>\n<p style=\"text-align: center;padding-top: 8px;\">Monte Leone (3553m), Fletchhorn (3993m), Mischabel Dom (4545m), Nadelhorn (4327m) et Weisshorn (4506) de bon matin<\/p>\n<!-- \/PanoPress -->\n\n\n<!-- PanoPress [1.0] -->\n<div class=\"pp-embed\" id=\"pp_169241_embed\"><img src=\"\/\/www.escapades-photographiques.ch\/Site\/blog\/..\/blog.uploads\/panoramics\/%5B2013-08-02_076_5DmII%5D-%5B2013-08-02_083_5DmII%5D_(8%20images)\/image_blog\/%5B2013-08-02_076_5DmII%5D-%5B2013-08-02_083_5DmII%5D_(8%20images).jpg\" alt=\"Animation panoramique\" title=\"Sommets en rive gauche du Binntal (fronti\u00e8re avec l'Italie)\" class=\"aligncenter size-full\" \/><\/div>\n<script type=\"text\/javascript\">\n  jQuery( function() { pano_display.pano_embed( {\"explain\":null,\"id\":\"pp_169241\",\"obj_panopress\":{\"id\":\"pp_169241\",\"type\":\"html\",\"version\":\"4.0\",\"viewer\":null,\"width\":\"690\",\"height\":\"460\",\"title\":\"Sommets en rive gauche du Binntal (fronti\\u00e8re avec l'Italie)\",\"alt\":null,\"button\":true,\"panobox\":false,\"preview\":\"\",\"file\":\"\/\/www.escapades-photographiques.ch\/Site\/blog\/..\/blog.uploads\/panoramics\/%5B2013-08-02_076_5DmII%5D-%5B2013-08-02_083_5DmII%5D_(8%20images)\/%5B2013-08-02_076_5DmII%5D-%5B2013-08-02_083_5DmII%5D_(8%20images).html\",\"button_img\":\"\/\/www.escapades-photographiques.ch\/Site\/blog\/..\/blog.uploads\/panoramics\/%5B2013-08-02_076_5DmII%5D-%5B2013-08-02_083_5DmII%5D_(8%20images)\/image_blog\/%5B2013-08-02_076_5DmII%5D-%5B2013-08-02_083_5DmII%5D_(8%20images).play.jpg\",\"params\":{\"base\":\"\/\/www.escapades-photographiques.ch\/Site\/blog\/..\/blog.uploads\/panoramics\/%5B2013-08-02_076_5DmII%5D-%5B2013-08-02_083_5DmII%5D_(8%20images)\/\"}},\"panobox\":false,\"settings_alt\":null,\"settings_preview\":\"\",\"width\":\"690\",\"height\":\"460\"}); } );\n<\/script>\n<p style=\"text-align: center;padding-top: 8px;\">Sommets en rive gauche du Binntal (fronti\u00e8re avec l'Italie)<\/p>\n<!-- \/PanoPress -->\n\n","protected":false},"excerpt":{"rendered":"<p>Pr\u00e9sentation de quelques photos ci-dessous \u00e0 la suite d&rsquo;une rando et bivouac effectu\u00e9 entre le 1 et le 3 ao\u00fbt 2013 dans le Haut-Valais (entre Rosswald et le Binntal). Animations panoramiques:<\/p>\n","protected":false},"author":1,"featured_media":0,"comment_status":"open","ping_status":"open","sticky":false,"template":"","format":"standard","meta":{"footnotes":""},"categories":[204],"tags":[309,303,307,304,308,306,305],"_links":{"self":[{"href":"https:\/\/www.escapades-photographiques.ch\/Site\/blog\/wp-json\/wp\/v2\/posts\/1632"}],"collection":[{"href":"https:\/\/www.escapades-photographiques.ch\/Site\/blog\/wp-json\/wp\/v2\/posts"}],"about":[{"href":"https:\/\/www.escapades-photographiques.ch\/Site\/blog\/wp-json\/wp\/v2\/types\/post"}],"author":[{"embeddable":true,"href":"https:\/\/www.escapades-photographiques.ch\/Site\/blog\/wp-json\/wp\/v2\/users\/1"}],"replies":[{"embeddable":true,"href":"https:\/\/www.escapades-photographiques.ch\/Site\/blog\/wp-json\/wp\/v2\/comments?post=1632"}],"version-history":[{"count":35,"href":"https:\/\/www.escapades-photographiques.ch\/Site\/blog\/wp-json\/wp\/v2\/posts\/1632\/revisions"}],"predecessor-version":[{"id":1673,"href":"https:\/\/www.escapades-photographiques.ch\/Site\/blog\/wp-json\/wp\/v2\/posts\/1632\/revisions\/1673"}],"wp:attachment":[{"href":"https:\/\/www.escapades-photographiques.ch\/Site\/blog\/wp-json\/wp\/v2\/media?parent=1632"}],"wp:term":[{"taxonomy":"category","embeddable":true,"href":"https:\/\/www.escapades-photographiques.ch\/Site\/blog\/wp-json\/wp\/v2\/categories?post=1632"},{"taxonomy":"post_tag","embeddable":true,"href":"https:\/\/www.escapades-photographiques.ch\/Site\/blog\/wp-json\/wp\/v2\/tags?post=1632"}],"curies":[{"name":"wp","href":"https:\/\/api.w.org\/{rel}","templated":true}]}}