{"id":1675,"date":"2013-10-20T22:26:48","date_gmt":"2013-10-20T20:26:48","guid":{"rendered":"http:\/\/www.escapades-photographiques.ch\/Site\/blog\/?p=1675"},"modified":"2013-10-20T22:34:03","modified_gmt":"2013-10-20T20:34:03","slug":"quelques-paysages-automnals-alpins","status":"publish","type":"post","link":"https:\/\/www.escapades-photographiques.ch\/Site\/blog\/2013\/randonnee\/quelques-paysages-automnals-alpins\/","title":{"rendered":"Quelques paysages automnals alpins"},"content":{"rendered":"<p>Petit r\u00e9sum\u00e9 en images de quelques randonn\u00e9es effectu\u00e9es dans nos Alpes r\u00e9cemment.<\/p>\n<p><strong>R\u00e9gion d&rsquo;Anzeinda au pied du sommet des Diablerets (Alpes vaudoises) &#8211; 19 octobre 2013<\/strong><\/p>\n<div id=\"attachment_1780\" style=\"width: 688px\" class=\"wp-caption alignnone\"><img aria-describedby=\"caption-attachment-1780\" decoding=\"async\" loading=\"lazy\" title=\"Anzeindaz au pied du sommet des Diablerets\" src=\"\/\/www.escapades-photographiques.ch\/Site\/blog\/..\/blog.uploads\/2013\/10\/2013-10-19_013_5DmII.jpg\" alt=\"Anzeindaz au pied du sommet des Diablerets\" width=\"678\" height=\"452\" class=\"size-full wp-image-1780\" srcset=\"https:\/\/www.escapades-photographiques.ch\/Site\/blog\/..\/blog.uploads\/2013\/10\/2013-10-19_013_5DmII.jpg 678w, https:\/\/www.escapades-photographiques.ch\/Site\/blog\/..\/blog.uploads\/2013\/10\/2013-10-19_013_5DmII-300x200.jpg 300w\" sizes=\"(max-width: 678px) 100vw, 678px\" \/><p id=\"caption-attachment-1780\" class=\"wp-caption-text\">Anzeindaz au pied du sommet des Diablerets<\/p><\/div>\n<div id=\"attachment_1781\" style=\"width: 688px\" class=\"wp-caption alignnone\"><img aria-describedby=\"caption-attachment-1781\" decoding=\"async\" loading=\"lazy\" title=\"Sommet des Diablerets en montant au col des Essets\" src=\"\/\/www.escapades-photographiques.ch\/Site\/blog\/..\/blog.uploads\/2013\/10\/2013-10-19_026_5DmII.jpg\" alt=\"Sommet des Diablerets en montant au col des Essets\" width=\"678\" height=\"452\" class=\"size-full wp-image-1781\" srcset=\"https:\/\/www.escapades-photographiques.ch\/Site\/blog\/..\/blog.uploads\/2013\/10\/2013-10-19_026_5DmII.jpg 678w, https:\/\/www.escapades-photographiques.ch\/Site\/blog\/..\/blog.uploads\/2013\/10\/2013-10-19_026_5DmII-300x200.jpg 300w\" sizes=\"(max-width: 678px) 100vw, 678px\" \/><p id=\"caption-attachment-1781\" class=\"wp-caption-text\">Sommet des Diablerets en montant au col des Essets<\/p><\/div>\n<div id=\"attachment_1782\" style=\"width: 688px\" class=\"wp-caption alignnone\"><img aria-describedby=\"caption-attachment-1782\" decoding=\"async\" loading=\"lazy\" title=\"Sur la cr\u00eate de la Haute Corde: je suis observ\u00e9 !\" src=\"\/\/www.escapades-photographiques.ch\/Site\/blog\/..\/blog.uploads\/2013\/10\/2013-10-19_034_5DmII_2.jpg\" alt=\"Sur la cr\u00eate de la Haute Corde: je suis observ\u00e9 !\" width=\"678\" height=\"452\" class=\"size-full wp-image-1782\" srcset=\"https:\/\/www.escapades-photographiques.ch\/Site\/blog\/..\/blog.uploads\/2013\/10\/2013-10-19_034_5DmII_2.jpg 678w, https:\/\/www.escapades-photographiques.ch\/Site\/blog\/..\/blog.uploads\/2013\/10\/2013-10-19_034_5DmII_2-300x200.jpg 300w\" sizes=\"(max-width: 678px) 100vw, 678px\" \/><p id=\"caption-attachment-1782\" class=\"wp-caption-text\">Sur la cr\u00eate de la Haute Corde: je suis observ\u00e9 !<\/p><\/div>\n<div id=\"attachment_1783\" style=\"width: 688px\" class=\"wp-caption alignnone\"><img aria-describedby=\"caption-attachment-1783\" decoding=\"async\" loading=\"lazy\" title=\"Sur la cr\u00eate de la Haute Corde avec l&#039;ar\u00eate du Grand Muveran dans le fond\" src=\"\/\/www.escapades-photographiques.ch\/Site\/blog\/..\/blog.uploads\/2013\/10\/2013-10-19_035_5DmII_2.jpg\" alt=\"Sur la cr\u00eate de la Haute Corde avec l&#039;ar\u00eate du Grand Muveran dans le fond\" width=\"678\" height=\"452\" class=\"size-full wp-image-1783\" srcset=\"https:\/\/www.escapades-photographiques.ch\/Site\/blog\/..\/blog.uploads\/2013\/10\/2013-10-19_035_5DmII_2.jpg 678w, https:\/\/www.escapades-photographiques.ch\/Site\/blog\/..\/blog.uploads\/2013\/10\/2013-10-19_035_5DmII_2-300x200.jpg 300w\" sizes=\"(max-width: 678px) 100vw, 678px\" \/><p id=\"caption-attachment-1783\" class=\"wp-caption-text\">Sur la cr\u00eate de la Haute Corde avec l&rsquo;ar\u00eate du Grand Muveran dans le fond<\/p><\/div>\n<div id=\"attachment_1784\" style=\"width: 688px\" class=\"wp-caption alignnone\"><img aria-describedby=\"caption-attachment-1784\" decoding=\"async\" loading=\"lazy\" title=\"Depuis la Corde, vue sur la Fava et le Mont-Gond\" src=\"\/\/www.escapades-photographiques.ch\/Site\/blog\/..\/blog.uploads\/2013\/10\/2013-10-19_038_5DmII.jpg\" alt=\"Depuis la Corde, vue sur la Fava et le Mont-Gond\" width=\"678\" height=\"452\" class=\"size-full wp-image-1784\" srcset=\"https:\/\/www.escapades-photographiques.ch\/Site\/blog\/..\/blog.uploads\/2013\/10\/2013-10-19_038_5DmII.jpg 678w, https:\/\/www.escapades-photographiques.ch\/Site\/blog\/..\/blog.uploads\/2013\/10\/2013-10-19_038_5DmII-300x200.jpg 300w\" sizes=\"(max-width: 678px) 100vw, 678px\" \/><p id=\"caption-attachment-1784\" class=\"wp-caption-text\">Depuis la Corde, vue sur la Fava et le Mont-Gond<\/p><\/div>\n<div id=\"attachment_1785\" style=\"width: 688px\" class=\"wp-caption alignnone\"><img aria-describedby=\"caption-attachment-1785\" decoding=\"async\" loading=\"lazy\" title=\"Impressionnants plis couch\u00e9s \u00e0 la base de la Pierre qu&#039;Abotse\" src=\"\/\/www.escapades-photographiques.ch\/Site\/blog\/..\/blog.uploads\/2013\/10\/2013-10-19_058_5DmII.jpg\" alt=\"Impressionnants plis couch\u00e9s \u00e0 la base de la Pierre qu&#039;Abotse\" width=\"678\" height=\"452\" class=\"size-full wp-image-1785\" srcset=\"https:\/\/www.escapades-photographiques.ch\/Site\/blog\/..\/blog.uploads\/2013\/10\/2013-10-19_058_5DmII.jpg 678w, https:\/\/www.escapades-photographiques.ch\/Site\/blog\/..\/blog.uploads\/2013\/10\/2013-10-19_058_5DmII-300x200.jpg 300w\" sizes=\"(max-width: 678px) 100vw, 678px\" \/><p id=\"caption-attachment-1785\" class=\"wp-caption-text\">Impressionnants plis couch\u00e9s \u00e0 la base de la Pierre qu&rsquo;Abotse<\/p><\/div>\n<div id=\"attachment_1786\" style=\"width: 688px\" class=\"wp-caption alignnone\"><img aria-describedby=\"caption-attachment-1786\" decoding=\"async\" loading=\"lazy\" title=\"Etang \u00e9ph\u00e9m\u00e8re en contrebas du col des Essets\" src=\"\/\/www.escapades-photographiques.ch\/Site\/blog\/..\/blog.uploads\/2013\/10\/2013-10-19_061_5DmII.jpg\" alt=\"Etang \u00e9ph\u00e9m\u00e8re en contrebas du col des Essets\" width=\"678\" height=\"451\" class=\"size-full wp-image-1786\" srcset=\"https:\/\/www.escapades-photographiques.ch\/Site\/blog\/..\/blog.uploads\/2013\/10\/2013-10-19_061_5DmII.jpg 678w, https:\/\/www.escapades-photographiques.ch\/Site\/blog\/..\/blog.uploads\/2013\/10\/2013-10-19_061_5DmII-300x199.jpg 300w\" sizes=\"(max-width: 678px) 100vw, 678px\" \/><p id=\"caption-attachment-1786\" class=\"wp-caption-text\">Etang \u00e9ph\u00e9m\u00e8re en contrebas du col des Essets<\/p><\/div>\n<div id=\"attachment_1787\" style=\"width: 688px\" class=\"wp-caption alignnone\"><img aria-describedby=\"caption-attachment-1787\" decoding=\"async\" loading=\"lazy\" title=\"Rivi\u00e8re en contrebas du col des Essets\" src=\"\/\/www.escapades-photographiques.ch\/Site\/blog\/..\/blog.uploads\/2013\/10\/2013-10-19_070_5DmII.jpg\" alt=\"Rivi\u00e8re en contrebas du col des Essets\" width=\"678\" height=\"452\" class=\"size-full wp-image-1787\" srcset=\"https:\/\/www.escapades-photographiques.ch\/Site\/blog\/..\/blog.uploads\/2013\/10\/2013-10-19_070_5DmII.jpg 678w, https:\/\/www.escapades-photographiques.ch\/Site\/blog\/..\/blog.uploads\/2013\/10\/2013-10-19_070_5DmII-300x200.jpg 300w\" sizes=\"(max-width: 678px) 100vw, 678px\" \/><p id=\"caption-attachment-1787\" class=\"wp-caption-text\">Rivi\u00e8re en contrebas du col des Essets<\/p><\/div>\n<div id=\"attachment_1788\" style=\"width: 688px\" class=\"wp-caption alignnone\"><img aria-describedby=\"caption-attachment-1788\" decoding=\"async\" loading=\"lazy\" title=\"En redescendant sur Solalex: nuages annonciateurs d&#039;une d\u00e9gradation de la m\u00e9t\u00e9o\" src=\"\/\/www.escapades-photographiques.ch\/Site\/blog\/..\/blog.uploads\/2013\/10\/2013-10-19_097_5DmII_2.jpg\" alt=\"En redescendant sur Solalex: nuages annonciateurs d&#039;une d\u00e9gradation de la m\u00e9t\u00e9o\" width=\"678\" height=\"452\" class=\"size-full wp-image-1788\" srcset=\"https:\/\/www.escapades-photographiques.ch\/Site\/blog\/..\/blog.uploads\/2013\/10\/2013-10-19_097_5DmII_2.jpg 678w, https:\/\/www.escapades-photographiques.ch\/Site\/blog\/..\/blog.uploads\/2013\/10\/2013-10-19_097_5DmII_2-300x200.jpg 300w\" sizes=\"(max-width: 678px) 100vw, 678px\" \/><p id=\"caption-attachment-1788\" class=\"wp-caption-text\">En redescendant sur Solalex: nuages annonciateurs d&rsquo;une d\u00e9gradation de la m\u00e9t\u00e9o<\/p><\/div>\n<p><em><strong>Animations panoramiques:<\/strong><\/em><\/p>\n\n<!-- PanoPress [1.0] -->\n<p style=\"font-size: 12px;\" id=\"pp_913312_explain\"><code><em>Note: aucune animation panoramique possible car Javascript n'est pas activ\u00e9. Veuillez l'activer pour afficher les animations.<\/em><\/code><\/p>\n<div class=\"pp-embed\" id=\"pp_913312_embed\"><img src=\"\/\/www.escapades-photographiques.ch\/Site\/blog\/..\/blog.uploads\/panoramics\/%5B2013-10-19_022_5DmII%5D-%5B2013-10-19_025_5DmII%5D_(4%20images)\/image_blog\/%5B2013-10-19_022_5DmII%5D-%5B2013-10-19_025_5DmII%5D_(4%20images).jpg\" alt=\"Animation panoramique\" title=\"En montant au col des Essets, vue panoramique sur le petit vallon de Conche\" class=\"aligncenter size-full\" \/><\/div>\n<script type=\"text\/javascript\">\n  jQuery( function() { pano_display.pano_embed( {\"explain\":true,\"id\":\"pp_913312\",\"obj_panopress\":{\"id\":\"pp_913312\",\"type\":\"html\",\"version\":\"4.0\",\"viewer\":null,\"width\":\"690\",\"height\":\"460\",\"title\":\"En montant au col des Essets, vue panoramique sur le petit vallon de Conche\",\"alt\":null,\"button\":true,\"panobox\":false,\"preview\":\"\",\"file\":\"\/\/www.escapades-photographiques.ch\/Site\/blog\/..\/blog.uploads\/panoramics\/%5B2013-10-19_022_5DmII%5D-%5B2013-10-19_025_5DmII%5D_(4%20images)\/%5B2013-10-19_022_5DmII%5D-%5B2013-10-19_025_5DmII%5D_(4%20images).html\",\"button_img\":\"\/\/www.escapades-photographiques.ch\/Site\/blog\/..\/blog.uploads\/panoramics\/%5B2013-10-19_022_5DmII%5D-%5B2013-10-19_025_5DmII%5D_(4%20images)\/image_blog\/%5B2013-10-19_022_5DmII%5D-%5B2013-10-19_025_5DmII%5D_(4%20images).play.jpg\",\"params\":{\"base\":\"\/\/www.escapades-photographiques.ch\/Site\/blog\/..\/blog.uploads\/panoramics\/%5B2013-10-19_022_5DmII%5D-%5B2013-10-19_025_5DmII%5D_(4%20images)\/\"}},\"panobox\":false,\"settings_alt\":null,\"settings_preview\":\"\",\"width\":\"690\",\"height\":\"460\"}); } );\n<\/script>\n<p style=\"text-align: center;padding-top: 8px;\">En montant au col des Essets, vue panoramique sur le petit vallon de Conche<\/p>\n<!-- \/PanoPress -->\n\n\n<!-- PanoPress [1.0] -->\n<div class=\"pp-embed\" id=\"pp_580253_embed\"><img src=\"\/\/www.escapades-photographiques.ch\/Site\/blog\/..\/blog.uploads\/panoramics\/%5B2013-10-19_057_5DmII%5D-%5B2013-10-19_058_5DmII%5D_(2%20images)\/image_blog\/%5B2013-10-19_057_5DmII%5D-%5B2013-10-19_058_5DmII%5D_(2%20images).jpg\" alt=\"Animation panoramique\" title=\"Depuis les hauteurs du col des Essets, vue sur la cha\u00eene calcaire s'\u00e9tirant de la T\u00eate \u00e0 Grosjean (gauche) au Grand Muveran (droite)\" class=\"aligncenter size-full\" \/><\/div>\n<script type=\"text\/javascript\">\n  jQuery( function() { pano_display.pano_embed( {\"explain\":null,\"id\":\"pp_580253\",\"obj_panopress\":{\"id\":\"pp_580253\",\"type\":\"html\",\"version\":\"4.0\",\"viewer\":null,\"width\":\"690\",\"height\":\"460\",\"title\":\"Depuis les hauteurs du col des Essets, vue sur la cha\\u00eene calcaire s'\\u00e9tirant de la T\\u00eate \\u00e0 Grosjean (gauche) au Grand Muveran (droite)\",\"alt\":null,\"button\":true,\"panobox\":false,\"preview\":\"\",\"file\":\"\/\/www.escapades-photographiques.ch\/Site\/blog\/..\/blog.uploads\/panoramics\/%5B2013-10-19_057_5DmII%5D-%5B2013-10-19_058_5DmII%5D_(2%20images)\/%5B2013-10-19_057_5DmII%5D-%5B2013-10-19_058_5DmII%5D_(2%20images).html\",\"button_img\":\"\/\/www.escapades-photographiques.ch\/Site\/blog\/..\/blog.uploads\/panoramics\/%5B2013-10-19_057_5DmII%5D-%5B2013-10-19_058_5DmII%5D_(2%20images)\/image_blog\/%5B2013-10-19_057_5DmII%5D-%5B2013-10-19_058_5DmII%5D_(2%20images).play.jpg\",\"params\":{\"base\":\"\/\/www.escapades-photographiques.ch\/Site\/blog\/..\/blog.uploads\/panoramics\/%5B2013-10-19_057_5DmII%5D-%5B2013-10-19_058_5DmII%5D_(2%20images)\/\"}},\"panobox\":false,\"settings_alt\":null,\"settings_preview\":\"\",\"width\":\"690\",\"height\":\"460\"}); } );\n<\/script>\n<p style=\"text-align: center;padding-top: 8px;\">Depuis les hauteurs du col des Essets, vue sur la cha\u00eene calcaire s'\u00e9tirant de la T\u00eate \u00e0 Grosjean (gauche) au Grand Muveran (droite)<\/p>\n<!-- \/PanoPress -->\n\n\n<!-- PanoPress [1.0] -->\n<div class=\"pp-embed\" id=\"pp_827012_embed\"><img src=\"\/\/www.escapades-photographiques.ch\/Site\/blog\/..\/blog.uploads\/panoramics\/%5B2013-10-19_092_5DmII%5D-%5B2013-10-19_095_5DmII%5D_(4%20images)_1\/image_blog\/%5B2013-10-19_092_5DmII%5D-%5B2013-10-19_095_5DmII%5D_(4%20images)_1.jpg\" alt=\"Animation panoramique\" title=\"Plateau d'Anzeindaz aux derniers rayons du soleil (au fond: la T\u00eate \u00e0 Grosjean et la T\u00eate de Bellalu\u00e9)\" class=\"aligncenter size-full\" \/><\/div>\n<script type=\"text\/javascript\">\n  jQuery( function() { pano_display.pano_embed( {\"explain\":null,\"id\":\"pp_827012\",\"obj_panopress\":{\"id\":\"pp_827012\",\"type\":\"html\",\"version\":\"4.0\",\"viewer\":null,\"width\":\"690\",\"height\":\"460\",\"title\":\"Plateau d'Anzeindaz aux derniers rayons du soleil (au fond: la T\\u00eate \\u00e0 Grosjean et la T\\u00eate de Bellalu\\u00e9)\",\"alt\":null,\"button\":true,\"panobox\":false,\"preview\":\"\",\"file\":\"\/\/www.escapades-photographiques.ch\/Site\/blog\/..\/blog.uploads\/panoramics\/%5B2013-10-19_092_5DmII%5D-%5B2013-10-19_095_5DmII%5D_(4%20images)_1\/%5B2013-10-19_092_5DmII%5D-%5B2013-10-19_095_5DmII%5D_(4%20images)_1.html\",\"button_img\":\"\/\/www.escapades-photographiques.ch\/Site\/blog\/..\/blog.uploads\/panoramics\/%5B2013-10-19_092_5DmII%5D-%5B2013-10-19_095_5DmII%5D_(4%20images)_1\/image_blog\/%5B2013-10-19_092_5DmII%5D-%5B2013-10-19_095_5DmII%5D_(4%20images)_1.play.jpg\",\"params\":{\"base\":\"\/\/www.escapades-photographiques.ch\/Site\/blog\/..\/blog.uploads\/panoramics\/%5B2013-10-19_092_5DmII%5D-%5B2013-10-19_095_5DmII%5D_(4%20images)_1\/\"}},\"panobox\":false,\"settings_alt\":null,\"settings_preview\":\"\",\"width\":\"690\",\"height\":\"460\"}); } );\n<\/script>\n<p style=\"text-align: center;padding-top: 8px;\">Plateau d'Anzeindaz aux derniers rayons du soleil (au fond: la T\u00eate \u00e0 Grosjean et la T\u00eate de Bellalu\u00e9)<\/p>\n<!-- \/PanoPress -->\n\n<p><br style=\"clear: both;\" \/><br \/>\n<strong>Haut du val de Morgins (Chablais valaisan) &#8211; 18 octobre 2013<\/strong><\/p>\n<div id=\"attachment_1766\" style=\"width: 688px\" class=\"wp-caption alignnone\"><img aria-describedby=\"caption-attachment-1766\" decoding=\"async\" loading=\"lazy\" title=\"En They: vue sur la pointe de Ch\u00e9sery et le sommet de Cornebois\" src=\"\/\/www.escapades-photographiques.ch\/Site\/blog\/..\/blog.uploads\/2013\/10\/2013-10-18_005_5DmII.jpg\" alt=\"En They: vue sur la pointe de Ch\u00e9sery et le sommet de Cornebois\" width=\"678\" height=\"452\" class=\"size-full wp-image-1766\" srcset=\"https:\/\/www.escapades-photographiques.ch\/Site\/blog\/..\/blog.uploads\/2013\/10\/2013-10-18_005_5DmII.jpg 678w, https:\/\/www.escapades-photographiques.ch\/Site\/blog\/..\/blog.uploads\/2013\/10\/2013-10-18_005_5DmII-300x200.jpg 300w\" sizes=\"(max-width: 678px) 100vw, 678px\" \/><p id=\"caption-attachment-1766\" class=\"wp-caption-text\">En They: vue sur la pointe de Ch\u00e9sery et le sommet de Cornebois<\/p><\/div>\n<div id=\"attachment_1767\" style=\"width: 327px\" class=\"wp-caption alignleft\"><img aria-describedby=\"caption-attachment-1767\" decoding=\"async\" loading=\"lazy\" title=\"Fontaine blanche: premi\u00e8re cascade\" src=\"\/\/www.escapades-photographiques.ch\/Site\/blog\/..\/blog.uploads\/2013\/10\/2013-10-18_007_5DmII.jpg\" alt=\"Fontaine blanche: premi\u00e8re cascade\" width=\"317\" height=\"476\" class=\"size-full wp-image-1767\" srcset=\"https:\/\/www.escapades-photographiques.ch\/Site\/blog\/..\/blog.uploads\/2013\/10\/2013-10-18_007_5DmII.jpg 317w, https:\/\/www.escapades-photographiques.ch\/Site\/blog\/..\/blog.uploads\/2013\/10\/2013-10-18_007_5DmII-199x300.jpg 199w\" sizes=\"(max-width: 317px) 100vw, 317px\" \/><p id=\"caption-attachment-1767\" class=\"wp-caption-text\">Fontaine blanche: premi\u00e8re cascade<\/p><\/div>\n<div id=\"attachment_1768\" style=\"width: 327px\" class=\"wp-caption alignleft\"><img aria-describedby=\"caption-attachment-1768\" decoding=\"async\" loading=\"lazy\" title=\"Fontaine blanche: seconde cascade\" src=\"\/\/www.escapades-photographiques.ch\/Site\/blog\/..\/blog.uploads\/2013\/10\/2013-10-18_011_5DmII.jpg\" alt=\"Fontaine blanche: seconde cascade\" width=\"317\" height=\"476\" class=\"size-full wp-image-1768\" srcset=\"https:\/\/www.escapades-photographiques.ch\/Site\/blog\/..\/blog.uploads\/2013\/10\/2013-10-18_011_5DmII.jpg 317w, https:\/\/www.escapades-photographiques.ch\/Site\/blog\/..\/blog.uploads\/2013\/10\/2013-10-18_011_5DmII-199x300.jpg 199w\" sizes=\"(max-width: 317px) 100vw, 317px\" \/><p id=\"caption-attachment-1768\" class=\"wp-caption-text\">Fontaine blanche: seconde cascade<\/p><\/div>\n<div id=\"attachment_1769\" style=\"width: 688px\" class=\"wp-caption alignnone\"><img aria-describedby=\"caption-attachment-1769\" decoding=\"async\" loading=\"lazy\" title=\"Etang sous la pointe de Ch\u00e9sery (sommet de Cornebois en reflet)\" src=\"\/\/www.escapades-photographiques.ch\/Site\/blog\/..\/blog.uploads\/2013\/10\/2013-10-18_016_5DmII.jpg\" alt=\"Etang sous la pointe de Ch\u00e9sery (sommet de Cornebois en reflet)\" width=\"678\" height=\"452\" class=\"size-full wp-image-1769\" srcset=\"https:\/\/www.escapades-photographiques.ch\/Site\/blog\/..\/blog.uploads\/2013\/10\/2013-10-18_016_5DmII.jpg 678w, https:\/\/www.escapades-photographiques.ch\/Site\/blog\/..\/blog.uploads\/2013\/10\/2013-10-18_016_5DmII-300x200.jpg 300w\" sizes=\"(max-width: 678px) 100vw, 678px\" \/><p id=\"caption-attachment-1769\" class=\"wp-caption-text\">Etang sous la pointe de Ch\u00e9sery (sommet de Cornebois en reflet)<\/p><\/div>\n<div id=\"attachment_1770\" style=\"width: 688px\" class=\"wp-caption alignnone\"><img aria-describedby=\"caption-attachment-1770\" decoding=\"async\" loading=\"lazy\" title=\"Petit lac au dessus du col de Ch\u00e9sery\" src=\"\/\/www.escapades-photographiques.ch\/Site\/blog\/..\/blog.uploads\/2013\/10\/2013-10-18_044_5DmII.jpg\" alt=\"Petit lac au dessus du col de Ch\u00e9sery\" width=\"678\" height=\"395\" class=\"size-full wp-image-1770\" srcset=\"https:\/\/www.escapades-photographiques.ch\/Site\/blog\/..\/blog.uploads\/2013\/10\/2013-10-18_044_5DmII.jpg 678w, https:\/\/www.escapades-photographiques.ch\/Site\/blog\/..\/blog.uploads\/2013\/10\/2013-10-18_044_5DmII-300x174.jpg 300w\" sizes=\"(max-width: 678px) 100vw, 678px\" \/><p id=\"caption-attachment-1770\" class=\"wp-caption-text\">Petit lac au dessus du col de Ch\u00e9sery<\/p><\/div>\n<div id=\"attachment_1771\" style=\"width: 688px\" class=\"wp-caption alignnone\"><img aria-describedby=\"caption-attachment-1771\" decoding=\"async\" loading=\"lazy\" title=\"Montagne de l&#039;Hiver vers le col Ch\u00e9sery\" src=\"\/\/www.escapades-photographiques.ch\/Site\/blog\/..\/blog.uploads\/2013\/10\/2013-10-18_064_5DmII.jpg\" alt=\"Montagne de l&#039;Hiver vers le col Ch\u00e9sery\" width=\"678\" height=\"452\" class=\"size-full wp-image-1771\" srcset=\"https:\/\/www.escapades-photographiques.ch\/Site\/blog\/..\/blog.uploads\/2013\/10\/2013-10-18_064_5DmII.jpg 678w, https:\/\/www.escapades-photographiques.ch\/Site\/blog\/..\/blog.uploads\/2013\/10\/2013-10-18_064_5DmII-300x200.jpg 300w\" sizes=\"(max-width: 678px) 100vw, 678px\" \/><p id=\"caption-attachment-1771\" class=\"wp-caption-text\">Montagne de l&rsquo;Hiver vers le col Ch\u00e9sery<\/p><\/div>\n<p><em><strong>Animations panoramiques:<\/strong><\/em><\/p>\n\n<!-- PanoPress [1.0] -->\n<p style=\"font-size: 12px;\" id=\"pp_207809_explain\"><code><em>Note: aucune animation panoramique possible car Javascript n'est pas activ\u00e9. Veuillez l'activer pour afficher les animations.<\/em><\/code><\/p>\n<div class=\"pp-embed\" id=\"pp_207809_embed\"><img src=\"\/\/www.escapades-photographiques.ch\/Site\/blog\/..\/blog.uploads\/panoramics\/%5B2013-10-18_064_5DmII%5D-%5B2013-10-18_066_5DmII%5D_(3%20images)\/image_blog\/%5B2013-10-18_064_5DmII%5D-%5B2013-10-18_066_5DmII%5D_(3%20images).jpg\" alt=\"Animation panoramique\" title=\"Vue sur la montagne d'Hiver depuis les hauteurs du col Ch\u00e9sery\" class=\"aligncenter size-full\" \/><\/div>\n<script type=\"text\/javascript\">\n  jQuery( function() { pano_display.pano_embed( {\"explain\":true,\"id\":\"pp_207809\",\"obj_panopress\":{\"id\":\"pp_207809\",\"type\":\"html\",\"version\":\"4.0\",\"viewer\":null,\"width\":\"690\",\"height\":\"460\",\"title\":\"Vue sur la montagne d'Hiver depuis les hauteurs du col Ch\\u00e9sery\",\"alt\":null,\"button\":true,\"panobox\":false,\"preview\":\"\",\"file\":\"\/\/www.escapades-photographiques.ch\/Site\/blog\/..\/blog.uploads\/panoramics\/%5B2013-10-18_064_5DmII%5D-%5B2013-10-18_066_5DmII%5D_(3%20images)\/%5B2013-10-18_064_5DmII%5D-%5B2013-10-18_066_5DmII%5D_(3%20images).html\",\"button_img\":\"\/\/www.escapades-photographiques.ch\/Site\/blog\/..\/blog.uploads\/panoramics\/%5B2013-10-18_064_5DmII%5D-%5B2013-10-18_066_5DmII%5D_(3%20images)\/image_blog\/%5B2013-10-18_064_5DmII%5D-%5B2013-10-18_066_5DmII%5D_(3%20images).play.jpg\",\"params\":{\"base\":\"\/\/www.escapades-photographiques.ch\/Site\/blog\/..\/blog.uploads\/panoramics\/%5B2013-10-18_064_5DmII%5D-%5B2013-10-18_066_5DmII%5D_(3%20images)\/\"}},\"panobox\":false,\"settings_alt\":null,\"settings_preview\":\"\",\"width\":\"690\",\"height\":\"460\"}); } );\n<\/script>\n<p style=\"text-align: center;padding-top: 8px;\">Vue sur la montagne d'Hiver depuis les hauteurs du col Ch\u00e9sery<\/p>\n<!-- \/PanoPress -->\n\n\n<!-- PanoPress [1.0] -->\n<div class=\"pp-embed\" id=\"pp_211995_embed\"><img src=\"\/\/www.escapades-photographiques.ch\/Site\/blog\/..\/blog.uploads\/panoramics\/%5B2013-10-18_082_5DmII%5D-%5B2013-10-18_083_5DmII%5D_(2%20images)\/image_blog\/%5B2013-10-18_082_5DmII%5D-%5B2013-10-18_083_5DmII%5D_(2%20images).jpg\" alt=\"Animation panoramique\" title=\"Lac Vert, col de Ch\u00e9sery et pointe de Ch\u00e9sery\" class=\"aligncenter size-full\" \/><\/div>\n<script type=\"text\/javascript\">\n  jQuery( function() { pano_display.pano_embed( {\"explain\":null,\"id\":\"pp_211995\",\"obj_panopress\":{\"id\":\"pp_211995\",\"type\":\"html\",\"version\":\"4.0\",\"viewer\":null,\"width\":\"690\",\"height\":\"460\",\"title\":\"Lac Vert, col de Ch\\u00e9sery et pointe de Ch\\u00e9sery\",\"alt\":null,\"button\":true,\"panobox\":false,\"preview\":\"\",\"file\":\"\/\/www.escapades-photographiques.ch\/Site\/blog\/..\/blog.uploads\/panoramics\/%5B2013-10-18_082_5DmII%5D-%5B2013-10-18_083_5DmII%5D_(2%20images)\/%5B2013-10-18_082_5DmII%5D-%5B2013-10-18_083_5DmII%5D_(2%20images).html\",\"button_img\":\"\/\/www.escapades-photographiques.ch\/Site\/blog\/..\/blog.uploads\/panoramics\/%5B2013-10-18_082_5DmII%5D-%5B2013-10-18_083_5DmII%5D_(2%20images)\/image_blog\/%5B2013-10-18_082_5DmII%5D-%5B2013-10-18_083_5DmII%5D_(2%20images).play.jpg\",\"params\":{\"base\":\"\/\/www.escapades-photographiques.ch\/Site\/blog\/..\/blog.uploads\/panoramics\/%5B2013-10-18_082_5DmII%5D-%5B2013-10-18_083_5DmII%5D_(2%20images)\/\"}},\"panobox\":false,\"settings_alt\":null,\"settings_preview\":\"\",\"width\":\"690\",\"height\":\"460\"}); } );\n<\/script>\n<p style=\"text-align: center;padding-top: 8px;\">Lac Vert, col de Ch\u00e9sery et pointe de Ch\u00e9sery<\/p>\n<!-- \/PanoPress -->\n\n<p><br style=\"clear: both;\" \/><br \/>\n<strong>Tour du lac de Mauvoisin (Valais suisse) &#8211; 9 octobre 2013<\/strong><\/p>\n<p>Un \u00e9pais stratus recouvrait la Suisse le 9 octobre 2013. Le soleil \u00e9tait annonc\u00e9 au-dessus 2200m mais en r\u00e9alit\u00e9, l&rsquo;\u00e9paisse couche de nuage bas remontait bien au del\u00e0 de 4000m sous l&rsquo;effet du vent de nord-est et de la barri\u00e8re des Alpes. Quelques \u00e9claircies n\u00e9anmoins par endroit mais pas forc\u00e9ment \u00e0 tr\u00e8s haute altitude&#8230;<br \/>\nAmbiance tr\u00e8s sauvage au bord du lac de Mauvoisin en fin de journ\u00e9e. De forte chutes de neige ont eu lieu les jours suivants.   <\/p>\n<div id=\"attachment_1762\" style=\"width: 688px\" class=\"wp-caption alignnone\"><img aria-describedby=\"caption-attachment-1762\" decoding=\"async\" loading=\"lazy\" title=\"Lac de Tsofeiret (2572m) envelopp\u00e9 dans le brouillard\" src=\"\/\/www.escapades-photographiques.ch\/Site\/blog\/..\/blog.uploads\/2013\/10\/2013-10-09_001_5DmII.jpg\" alt=\"Lac de Tsofeiret (2572m) envelopp\u00e9 dans le brouillard\" width=\"678\" height=\"452\" class=\"size-full wp-image-1762\" srcset=\"https:\/\/www.escapades-photographiques.ch\/Site\/blog\/..\/blog.uploads\/2013\/10\/2013-10-09_001_5DmII.jpg 678w, https:\/\/www.escapades-photographiques.ch\/Site\/blog\/..\/blog.uploads\/2013\/10\/2013-10-09_001_5DmII-300x200.jpg 300w\" sizes=\"(max-width: 678px) 100vw, 678px\" \/><p id=\"caption-attachment-1762\" class=\"wp-caption-text\">Lac de Tsofeiret (2572m) envelopp\u00e9 dans le brouillard<\/p><\/div>\n<div id=\"attachment_1763\" style=\"width: 688px\" class=\"wp-caption alignnone\"><img aria-describedby=\"caption-attachment-1763\" decoding=\"async\" loading=\"lazy\" title=\"Le versant est du Grand-Combin daigne se montrer\" src=\"\/\/www.escapades-photographiques.ch\/Site\/blog\/..\/blog.uploads\/2013\/10\/2013-10-09_005_5DmII.jpg\" alt=\"Le versant est du Grand-Combin daigne se montrer\" width=\"678\" height=\"452\" class=\"size-full wp-image-1763\" srcset=\"https:\/\/www.escapades-photographiques.ch\/Site\/blog\/..\/blog.uploads\/2013\/10\/2013-10-09_005_5DmII.jpg 678w, https:\/\/www.escapades-photographiques.ch\/Site\/blog\/..\/blog.uploads\/2013\/10\/2013-10-09_005_5DmII-300x200.jpg 300w\" sizes=\"(max-width: 678px) 100vw, 678px\" \/><p id=\"caption-attachment-1763\" class=\"wp-caption-text\">Le versant est du Grand-Combin daigne se montrer<\/p><\/div>\n<div id=\"attachment_1765\" style=\"width: 688px\" class=\"wp-caption alignnone\"><img aria-describedby=\"caption-attachment-1765\" decoding=\"async\" loading=\"lazy\" title=\"Les edelweiss sont encore en fleurs d\u00e9but octobre \" src=\"\/\/www.escapades-photographiques.ch\/Site\/blog\/..\/blog.uploads\/2013\/10\/2013-10-09_014_5DmII.jpg\" alt=\"Les edelweiss sont encore en fleurs d\u00e9but octobre\" width=\"678\" height=\"452\" class=\"size-full wp-image-1765\" srcset=\"https:\/\/www.escapades-photographiques.ch\/Site\/blog\/..\/blog.uploads\/2013\/10\/2013-10-09_014_5DmII.jpg 678w, https:\/\/www.escapades-photographiques.ch\/Site\/blog\/..\/blog.uploads\/2013\/10\/2013-10-09_014_5DmII-300x200.jpg 300w\" sizes=\"(max-width: 678px) 100vw, 678px\" \/><p id=\"caption-attachment-1765\" class=\"wp-caption-text\">Les edelweiss sont encore en fleurs d\u00e9but octobre<\/p><\/div>\n<div id=\"attachment_1764\" style=\"width: 688px\" class=\"wp-caption alignnone\"><img aria-describedby=\"caption-attachment-1764\" decoding=\"async\" loading=\"lazy\" title=\"Le lac de Mauvoisin dans le brouillard \u00e9lev\u00e9\" src=\"\/\/www.escapades-photographiques.ch\/Site\/blog\/..\/blog.uploads\/2013\/10\/2013-10-09_025_5DmII.jpg\" alt=\"Le lac de Mauvoisin dans le brouillard \u00e9lev\u00e9\" width=\"678\" height=\"452\" class=\"size-full wp-image-1764\" srcset=\"https:\/\/www.escapades-photographiques.ch\/Site\/blog\/..\/blog.uploads\/2013\/10\/2013-10-09_025_5DmII.jpg 678w, https:\/\/www.escapades-photographiques.ch\/Site\/blog\/..\/blog.uploads\/2013\/10\/2013-10-09_025_5DmII-300x200.jpg 300w\" sizes=\"(max-width: 678px) 100vw, 678px\" \/><p id=\"caption-attachment-1764\" class=\"wp-caption-text\">Le lac de Mauvoisin dans le brouillard \u00e9lev\u00e9<\/p><\/div>\n<div id=\"attachment_1761\" style=\"width: 688px\" class=\"wp-caption alignnone\"><img aria-describedby=\"caption-attachment-1761\" decoding=\"async\" loading=\"lazy\" title=\"Le lac de Mauvoisin dans le brouillard \u00e9lev\u00e9 (vue panoramique)\" src=\"\/\/www.escapades-photographiques.ch\/Site\/blog\/..\/blog.uploads\/2013\/10\/2013-10-09_033_5DmII-2013-10-09_037_5DmII_5-images.jpg\" alt=\"Le lac de Mauvoisin dans le brouillard \u00e9lev\u00e9 (vue panoramique)\" width=\"678\" height=\"214\" class=\"size-full wp-image-1761\" srcset=\"https:\/\/www.escapades-photographiques.ch\/Site\/blog\/..\/blog.uploads\/2013\/10\/2013-10-09_033_5DmII-2013-10-09_037_5DmII_5-images.jpg 678w, https:\/\/www.escapades-photographiques.ch\/Site\/blog\/..\/blog.uploads\/2013\/10\/2013-10-09_033_5DmII-2013-10-09_037_5DmII_5-images-300x94.jpg 300w\" sizes=\"(max-width: 678px) 100vw, 678px\" \/><p id=\"caption-attachment-1761\" class=\"wp-caption-text\">Le lac de Mauvoisin dans le brouillard \u00e9lev\u00e9 (vue panoramique)<\/p><\/div>\n","protected":false},"excerpt":{"rendered":"<p>Petit r\u00e9sum\u00e9 en images de quelques randonn\u00e9es effectu\u00e9es dans nos Alpes r\u00e9cemment. R\u00e9gion d&rsquo;Anzeinda au pied du sommet des Diablerets (Alpes vaudoises) &#8211; 19 octobre 2013 Animations panoramiques: Haut du val de Morgins (Chablais valaisan) &#8211; 18 octobre 2013 Animations panoramiques: Tour du lac de Mauvoisin (Valais suisse) &#8211; 9 octobre 2013 Un \u00e9pais stratus <a href='https:\/\/www.escapades-photographiques.ch\/Site\/blog\/2013\/randonnee\/quelques-paysages-automnals-alpins\/' class='excerpt-more'>[&#8230;]<\/a><\/p>\n","protected":false},"author":1,"featured_media":0,"comment_status":"open","ping_status":"open","sticky":false,"template":"","format":"standard","meta":{"footnotes":""},"categories":[204],"tags":[310,316,311,318,312,317,245,315,313,314],"_links":{"self":[{"href":"https:\/\/www.escapades-photographiques.ch\/Site\/blog\/wp-json\/wp\/v2\/posts\/1675"}],"collection":[{"href":"https:\/\/www.escapades-photographiques.ch\/Site\/blog\/wp-json\/wp\/v2\/posts"}],"about":[{"href":"https:\/\/www.escapades-photographiques.ch\/Site\/blog\/wp-json\/wp\/v2\/types\/post"}],"author":[{"embeddable":true,"href":"https:\/\/www.escapades-photographiques.ch\/Site\/blog\/wp-json\/wp\/v2\/users\/1"}],"replies":[{"embeddable":true,"href":"https:\/\/www.escapades-photographiques.ch\/Site\/blog\/wp-json\/wp\/v2\/comments?post=1675"}],"version-history":[{"count":43,"href":"https:\/\/www.escapades-photographiques.ch\/Site\/blog\/wp-json\/wp\/v2\/posts\/1675\/revisions"}],"predecessor-version":[{"id":1830,"href":"https:\/\/www.escapades-photographiques.ch\/Site\/blog\/wp-json\/wp\/v2\/posts\/1675\/revisions\/1830"}],"wp:attachment":[{"href":"https:\/\/www.escapades-photographiques.ch\/Site\/blog\/wp-json\/wp\/v2\/media?parent=1675"}],"wp:term":[{"taxonomy":"category","embeddable":true,"href":"https:\/\/www.escapades-photographiques.ch\/Site\/blog\/wp-json\/wp\/v2\/categories?post=1675"},{"taxonomy":"post_tag","embeddable":true,"href":"https:\/\/www.escapades-photographiques.ch\/Site\/blog\/wp-json\/wp\/v2\/tags?post=1675"}],"curies":[{"name":"wp","href":"https:\/\/api.w.org\/{rel}","templated":true}]}}