{"id":1831,"date":"2013-11-02T00:06:21","date_gmt":"2013-11-01T22:06:21","guid":{"rendered":"http:\/\/www.escapades-photographiques.ch\/Site\/blog\/?p=1831"},"modified":"2013-11-02T00:10:49","modified_gmt":"2013-11-01T22:10:49","slug":"escapades-en-haute-savoie","status":"publish","type":"post","link":"https:\/\/www.escapades-photographiques.ch\/Site\/blog\/2013\/randonnee\/escapades-en-haute-savoie\/","title":{"rendered":"Escapades en Haute-Savoie"},"content":{"rendered":"<p><strong>Randonn\u00e9e dans la r\u00e9serve naturelle de Passy (26 octobre 2013)<\/strong><\/p>\n<p>Mont\u00e9e au col d&rsquo;Anterne depuis Plaine Joux puis descente depuis le col vers le lac d&rsquo;Anterne. Remont\u00e9e au col d&rsquo;Anterne, passage sous la T\u00eate de Mo\u00ebde par le versant sud et retour vers le refuge du col d&rsquo;Anterne. Retour vers Plaine Joux grosso modo par le m\u00eame itin\u00e9raire. <\/p>\n<div id=\"attachment_1865\" style=\"width: 688px\" class=\"wp-caption alignnone\"><img aria-describedby=\"caption-attachment-1865\" decoding=\"async\" loading=\"lazy\" title=\"Lac d&#039;Anterne avec la cha\u00eene des Fiz (Pointe d&#039;Anterne \u00e0 gauche)\" src=\"\/\/www.escapades-photographiques.ch\/Site\/blog\/..\/blog.uploads\/2013\/11\/2013-10-26_037_5DmII.jpg\" alt=\"Lac d&#039;Anterne avec la cha\u00eene des Fiz (Pointe d&#039;Anterne \u00e0 gauche)\" width=\"678\" height=\"451\" class=\"size-full wp-image-1865\" srcset=\"https:\/\/www.escapades-photographiques.ch\/Site\/blog\/..\/blog.uploads\/2013\/11\/2013-10-26_037_5DmII.jpg 678w, https:\/\/www.escapades-photographiques.ch\/Site\/blog\/..\/blog.uploads\/2013\/11\/2013-10-26_037_5DmII-300x199.jpg 300w\" sizes=\"(max-width: 678px) 100vw, 678px\" \/><p id=\"caption-attachment-1865\" class=\"wp-caption-text\">Lac d&rsquo;Anterne avec la cha\u00eene des Fiz (Pointe d&rsquo;Anterne \u00e0 gauche)<\/p><\/div>\n<div id=\"attachment_1866\" style=\"width: 688px\" class=\"wp-caption alignnone\"><img aria-describedby=\"caption-attachment-1866\" decoding=\"async\" loading=\"lazy\" title=\"Exutoire du lac d&#039;Anterne (perte karstique)\" src=\"\/\/www.escapades-photographiques.ch\/Site\/blog\/..\/blog.uploads\/2013\/11\/2013-10-26_051_5DmII.jpg\" alt=\"Exutoire du lac d&#039;Anterne (perte karstique)\" width=\"678\" height=\"452\" class=\"size-full wp-image-1866\" srcset=\"https:\/\/www.escapades-photographiques.ch\/Site\/blog\/..\/blog.uploads\/2013\/11\/2013-10-26_051_5DmII.jpg 678w, https:\/\/www.escapades-photographiques.ch\/Site\/blog\/..\/blog.uploads\/2013\/11\/2013-10-26_051_5DmII-300x200.jpg 300w\" sizes=\"(max-width: 678px) 100vw, 678px\" \/><p id=\"caption-attachment-1866\" class=\"wp-caption-text\">Exutoire du lac d&rsquo;Anterne (perte karstique)<\/p><\/div>\n<div id=\"attachment_1867\" style=\"width: 688px\" class=\"wp-caption alignnone\"><img aria-describedby=\"caption-attachment-1867\" decoding=\"async\" loading=\"lazy\" title=\"Rivage du lac d&#039;Anterne\" src=\"\/\/www.escapades-photographiques.ch\/Site\/blog\/..\/blog.uploads\/2013\/11\/2013-10-26_054_5DmII.jpg\" alt=\"Rivage du lac d&#039;Anterne\" width=\"678\" height=\"452\" class=\"size-full wp-image-1867\" srcset=\"https:\/\/www.escapades-photographiques.ch\/Site\/blog\/..\/blog.uploads\/2013\/11\/2013-10-26_054_5DmII.jpg 678w, https:\/\/www.escapades-photographiques.ch\/Site\/blog\/..\/blog.uploads\/2013\/11\/2013-10-26_054_5DmII-300x200.jpg 300w\" sizes=\"(max-width: 678px) 100vw, 678px\" \/><p id=\"caption-attachment-1867\" class=\"wp-caption-text\">Rivage du lac d&rsquo;Anterne<\/p><\/div>\n<div id=\"attachment_1868\" style=\"width: 688px\" class=\"wp-caption alignnone\"><img aria-describedby=\"caption-attachment-1868\" decoding=\"async\" loading=\"lazy\" title=\"Mont Buet depuis les p\u00e2turages en contrebas des Fr\u00eates de Mo\u00ebde\" src=\"\/\/www.escapades-photographiques.ch\/Site\/blog\/..\/blog.uploads\/2013\/11\/2013-10-26_066_5DmII.jpg\" alt=\"Mont Buet depuis les p\u00e2turages en contrebas des Fr\u00eates de Mo\u00ebde\" width=\"678\" height=\"452\" class=\"size-full wp-image-1868\" srcset=\"https:\/\/www.escapades-photographiques.ch\/Site\/blog\/..\/blog.uploads\/2013\/11\/2013-10-26_066_5DmII.jpg 678w, https:\/\/www.escapades-photographiques.ch\/Site\/blog\/..\/blog.uploads\/2013\/11\/2013-10-26_066_5DmII-300x200.jpg 300w\" sizes=\"(max-width: 678px) 100vw, 678px\" \/><p id=\"caption-attachment-1868\" class=\"wp-caption-text\">Mont Buet depuis les p\u00e2turages en contrebas des Fr\u00eates de Mo\u00ebde<\/p><\/div>\n<div id=\"attachment_1869\" style=\"width: 327px\" class=\"wp-caption alignleft\"><img aria-describedby=\"caption-attachment-1869\" decoding=\"async\" loading=\"lazy\" title=\"Le Mont Buet en reflet dans un petit lac\" src=\"\/\/www.escapades-photographiques.ch\/Site\/blog\/..\/blog.uploads\/2013\/11\/2013-10-26_092_5DmII.jpg\" alt=\"Le Mont Buet en reflet dans un petit lac\" width=\"317\" height=\"476\" class=\"size-full wp-image-1869\" srcset=\"https:\/\/www.escapades-photographiques.ch\/Site\/blog\/..\/blog.uploads\/2013\/11\/2013-10-26_092_5DmII.jpg 317w, https:\/\/www.escapades-photographiques.ch\/Site\/blog\/..\/blog.uploads\/2013\/11\/2013-10-26_092_5DmII-199x300.jpg 199w\" sizes=\"(max-width: 317px) 100vw, 317px\" \/><p id=\"caption-attachment-1869\" class=\"wp-caption-text\">Le Mont Buet en reflet dans un petit lac<\/p><\/div>\n<div id=\"attachment_1875\" style=\"width: 327px\" class=\"wp-caption alignleft\"><img aria-describedby=\"caption-attachment-1875\" decoding=\"async\" loading=\"lazy\" title=\"Couleurs automnales au dessus des chalets du Souay\" src=\"\/\/www.escapades-photographiques.ch\/Site\/blog\/..\/blog.uploads\/2013\/11\/2013-10-26_125_5DmII.jpg\" alt=\"Couleurs automnales au dessus des chalets du Souay\" width=\"317\" height=\"476\" class=\"size-full wp-image-1875\" srcset=\"https:\/\/www.escapades-photographiques.ch\/Site\/blog\/..\/blog.uploads\/2013\/11\/2013-10-26_125_5DmII.jpg 317w, https:\/\/www.escapades-photographiques.ch\/Site\/blog\/..\/blog.uploads\/2013\/11\/2013-10-26_125_5DmII-199x300.jpg 199w\" sizes=\"(max-width: 317px) 100vw, 317px\" \/><p id=\"caption-attachment-1875\" class=\"wp-caption-text\">Couleurs automnales au dessus des chalets du Souay<\/p><\/div>\n<div id=\"attachment_1870\" style=\"width: 688px\" class=\"wp-caption alignnone\"><img aria-describedby=\"caption-attachment-1870\" decoding=\"async\" loading=\"lazy\" title=\"P\u00e2turages de Villy\" src=\"\/\/www.escapades-photographiques.ch\/Site\/blog\/..\/blog.uploads\/2013\/11\/2013-10-26_095_5DmII.jpg\" alt=\"P\u00e2turages de Villy\" width=\"678\" height=\"452\" class=\"size-full wp-image-1870\" srcset=\"https:\/\/www.escapades-photographiques.ch\/Site\/blog\/..\/blog.uploads\/2013\/11\/2013-10-26_095_5DmII.jpg 678w, https:\/\/www.escapades-photographiques.ch\/Site\/blog\/..\/blog.uploads\/2013\/11\/2013-10-26_095_5DmII-300x200.jpg 300w\" sizes=\"(max-width: 678px) 100vw, 678px\" \/><p id=\"caption-attachment-1870\" class=\"wp-caption-text\">P\u00e2turages de Villy<\/p><\/div>\n<div id=\"attachment_1871\" style=\"width: 688px\" class=\"wp-caption alignnone\"><img aria-describedby=\"caption-attachment-1871\" decoding=\"async\" loading=\"lazy\" title=\"Refuge du col d&#039;Anterne\" src=\"\/\/www.escapades-photographiques.ch\/Site\/blog\/..\/blog.uploads\/2013\/11\/2013-10-26_109_5DmII.jpg\" alt=\"Refuge du col d&#039;Anterne\" width=\"678\" height=\"452\" class=\"size-full wp-image-1871\" srcset=\"https:\/\/www.escapades-photographiques.ch\/Site\/blog\/..\/blog.uploads\/2013\/11\/2013-10-26_109_5DmII.jpg 678w, https:\/\/www.escapades-photographiques.ch\/Site\/blog\/..\/blog.uploads\/2013\/11\/2013-10-26_109_5DmII-300x200.jpg 300w\" sizes=\"(max-width: 678px) 100vw, 678px\" \/><p id=\"caption-attachment-1871\" class=\"wp-caption-text\">Refuge du col d&rsquo;Anterne<\/p><\/div>\n<div id=\"attachment_1872\" style=\"width: 688px\" class=\"wp-caption alignnone\"><img aria-describedby=\"caption-attachment-1872\" decoding=\"async\" loading=\"lazy\" title=\"Ar\u00eates des Rochers des Fiz et de la Pointe de Plat\u00e9\" src=\"\/\/www.escapades-photographiques.ch\/Site\/blog\/..\/blog.uploads\/2013\/11\/2013-10-26_110_5DmII.jpg\" alt=\"Ar\u00eates des Rochers des Fiz et de la Pointe de Plat\u00e9\" width=\"678\" height=\"452\" class=\"size-full wp-image-1872\" srcset=\"https:\/\/www.escapades-photographiques.ch\/Site\/blog\/..\/blog.uploads\/2013\/11\/2013-10-26_110_5DmII.jpg 678w, https:\/\/www.escapades-photographiques.ch\/Site\/blog\/..\/blog.uploads\/2013\/11\/2013-10-26_110_5DmII-300x200.jpg 300w\" sizes=\"(max-width: 678px) 100vw, 678px\" \/><p id=\"caption-attachment-1872\" class=\"wp-caption-text\">Ar\u00eates des Rochers des Fiz et de la Pointe de Plat\u00e9<\/p><\/div>\n<div id=\"attachment_1873\" style=\"width: 688px\" class=\"wp-caption alignnone\"><img aria-describedby=\"caption-attachment-1873\" decoding=\"async\" loading=\"lazy\" title=\"Arbres color\u00e9s sous les Rochers des Fiz\" src=\"\/\/www.escapades-photographiques.ch\/Site\/blog\/..\/blog.uploads\/2013\/11\/2013-10-26_121_5DmII.jpg\" alt=\"Arbres color\u00e9s sous les Rochers des Fiz\" width=\"678\" height=\"452\" class=\"size-full wp-image-1873\" srcset=\"https:\/\/www.escapades-photographiques.ch\/Site\/blog\/..\/blog.uploads\/2013\/11\/2013-10-26_121_5DmII.jpg 678w, https:\/\/www.escapades-photographiques.ch\/Site\/blog\/..\/blog.uploads\/2013\/11\/2013-10-26_121_5DmII-300x200.jpg 300w\" sizes=\"(max-width: 678px) 100vw, 678px\" \/><p id=\"caption-attachment-1873\" class=\"wp-caption-text\">Arbres color\u00e9s sous les Rochers des Fiz<\/p><\/div>\n<div id=\"attachment_1874\" style=\"width: 688px\" class=\"wp-caption alignnone\"><img aria-describedby=\"caption-attachment-1874\" decoding=\"async\" loading=\"lazy\" title=\"Couleurs automnales au dessus des chalets du Souay\" src=\"\/\/www.escapades-photographiques.ch\/Site\/blog\/..\/blog.uploads\/2013\/11\/2013-10-26_122_5DmII.jpg\" alt=\"Couleurs automnales au dessus des chalets du Souay\" width=\"678\" height=\"452\" class=\"size-full wp-image-1874\" srcset=\"https:\/\/www.escapades-photographiques.ch\/Site\/blog\/..\/blog.uploads\/2013\/11\/2013-10-26_122_5DmII.jpg 678w, https:\/\/www.escapades-photographiques.ch\/Site\/blog\/..\/blog.uploads\/2013\/11\/2013-10-26_122_5DmII-300x200.jpg 300w\" sizes=\"(max-width: 678px) 100vw, 678px\" \/><p id=\"caption-attachment-1874\" class=\"wp-caption-text\">Couleurs automnales au dessus des chalets du Souay<\/p><\/div>\n<p><em><strong>Animations panoramiques<\/strong><\/em><\/p>\n\n<!-- PanoPress [1.0] -->\n<p style=\"font-size: 12px;\" id=\"pp_541128_explain\"><code><em>Note: aucune animation panoramique possible car Javascript n'est pas activ\u00e9. Veuillez l'activer pour afficher les animations.<\/em><\/code><\/p>\n<div class=\"pp-embed\" id=\"pp_541128_embed\"><img src=\"\/\/www.escapades-photographiques.ch\/Site\/blog\/..\/blog.uploads\/panoramics\/%5B2013-10-26_014_5DmII%5D-%5B2013-10-26_022_5DmII%5D_(9%20images)\/image_blog\/%5B2013-10-26_014_5DmII%5D-%5B2013-10-26_022_5DmII%5D_(9%20images).jpg\" alt=\"Animation panoramique\" title=\"Panoramique effectu\u00e9 depuis le col d'Anterne\" class=\"aligncenter size-full\" \/><\/div>\n<script type=\"text\/javascript\">\n  jQuery( function() { pano_display.pano_embed( {\"explain\":true,\"id\":\"pp_541128\",\"obj_panopress\":{\"id\":\"pp_541128\",\"type\":\"html\",\"version\":\"4.0\",\"viewer\":null,\"width\":\"690\",\"height\":\"460\",\"title\":\"Panoramique effectu\\u00e9 depuis le col d'Anterne\",\"alt\":null,\"button\":true,\"panobox\":false,\"preview\":\"\",\"file\":\"\/\/www.escapades-photographiques.ch\/Site\/blog\/..\/blog.uploads\/panoramics\/%5B2013-10-26_014_5DmII%5D-%5B2013-10-26_022_5DmII%5D_(9%20images)\/%5B2013-10-26_014_5DmII%5D-%5B2013-10-26_022_5DmII%5D_(9%20images).html\",\"button_img\":\"\/\/www.escapades-photographiques.ch\/Site\/blog\/..\/blog.uploads\/panoramics\/%5B2013-10-26_014_5DmII%5D-%5B2013-10-26_022_5DmII%5D_(9%20images)\/image_blog\/%5B2013-10-26_014_5DmII%5D-%5B2013-10-26_022_5DmII%5D_(9%20images).play.jpg\",\"params\":{\"base\":\"\/\/www.escapades-photographiques.ch\/Site\/blog\/..\/blog.uploads\/panoramics\/%5B2013-10-26_014_5DmII%5D-%5B2013-10-26_022_5DmII%5D_(9%20images)\/\"}},\"panobox\":false,\"settings_alt\":null,\"settings_preview\":\"\",\"width\":\"690\",\"height\":\"460\"}); } );\n<\/script>\n<p style=\"text-align: center;padding-top: 8px;\">Panoramique effectu\u00e9 depuis le col d'Anterne<\/p>\n<!-- \/PanoPress -->\n\n\n<!-- PanoPress [1.0] -->\n<div class=\"pp-embed\" id=\"pp_241377_embed\"><img src=\"\/\/www.escapades-photographiques.ch\/Site\/blog\/..\/blog.uploads\/panoramics\/%5B2013-10-26_032_5DmII%5D-%5B2013-10-26_035_5DmII%5D_(4%20images)\/image_blog\/%5B2013-10-26_032_5DmII%5D-%5B2013-10-26_035_5DmII%5D_(4%20images).jpg\" alt=\"Animation panoramique\" title=\"Lac d'Anterne en venant depuis le col d'Anterne\" class=\"aligncenter size-full\" \/><\/div>\n<script type=\"text\/javascript\">\n  jQuery( function() { pano_display.pano_embed( {\"explain\":null,\"id\":\"pp_241377\",\"obj_panopress\":{\"id\":\"pp_241377\",\"type\":\"html\",\"version\":\"4.0\",\"viewer\":null,\"width\":\"690\",\"height\":\"460\",\"title\":\"Lac d'Anterne en venant depuis le col d'Anterne\",\"alt\":null,\"button\":true,\"panobox\":false,\"preview\":\"\",\"file\":\"\/\/www.escapades-photographiques.ch\/Site\/blog\/..\/blog.uploads\/panoramics\/%5B2013-10-26_032_5DmII%5D-%5B2013-10-26_035_5DmII%5D_(4%20images)\/%5B2013-10-26_032_5DmII%5D-%5B2013-10-26_035_5DmII%5D_(4%20images).html\",\"button_img\":\"\/\/www.escapades-photographiques.ch\/Site\/blog\/..\/blog.uploads\/panoramics\/%5B2013-10-26_032_5DmII%5D-%5B2013-10-26_035_5DmII%5D_(4%20images)\/image_blog\/%5B2013-10-26_032_5DmII%5D-%5B2013-10-26_035_5DmII%5D_(4%20images).play.jpg\",\"params\":{\"base\":\"\/\/www.escapades-photographiques.ch\/Site\/blog\/..\/blog.uploads\/panoramics\/%5B2013-10-26_032_5DmII%5D-%5B2013-10-26_035_5DmII%5D_(4%20images)\/\"}},\"panobox\":false,\"settings_alt\":null,\"settings_preview\":\"\",\"width\":\"690\",\"height\":\"460\"}); } );\n<\/script>\n<p style=\"text-align: center;padding-top: 8px;\">Lac d'Anterne en venant depuis le col d'Anterne<\/p>\n<!-- \/PanoPress -->\n\n<p><br style=\"clear: both;\" \/><br \/>\n<strong>Randonn\u00e9e dans la r\u00e9gion du Lac Blanc au dessus de la vall\u00e9e de Chamonix (25 octobre 2013)<\/strong><\/p>\n<p>Mont\u00e9e au lac Blanc et au lac de l&rsquo;aiguille de T\u00eate Plate au dessus de la vall\u00e9e de Chamonix. Pas mal de neige au del\u00e0 de 2400m en quantit\u00e9 faible mais suffisante pour masquer les rochers rendant la progression hors sentier vers le lac de l&rsquo;aiguille de T\u00eate Plate difficile. Belle ambiance au bord du lac Blanc et au bord des lacs des Ch\u00e9serys.<\/p>\n<div id=\"attachment_1857\" style=\"width: 688px\" class=\"wp-caption alignnone\"><img aria-describedby=\"caption-attachment-1857\" decoding=\"async\" loading=\"lazy\" title=\"Sous l&#039;Aiguille de la Remuaz: vue vers le glacier du Tour et l&#039;Aiguille du Chardonnet\" src=\"\/\/www.escapades-photographiques.ch\/Site\/blog\/..\/blog.uploads\/2013\/11\/2013-10-25_005_5DmII.jpg\" alt=\"Sous l&#039;Aiguille de la Remuaz: vue vers le glacier du Tour et l&#039;Aiguille du Chardonnet\" width=\"678\" height=\"452\" class=\"size-full wp-image-1857\" srcset=\"https:\/\/www.escapades-photographiques.ch\/Site\/blog\/..\/blog.uploads\/2013\/11\/2013-10-25_005_5DmII.jpg 678w, https:\/\/www.escapades-photographiques.ch\/Site\/blog\/..\/blog.uploads\/2013\/11\/2013-10-25_005_5DmII-300x200.jpg 300w\" sizes=\"(max-width: 678px) 100vw, 678px\" \/><p id=\"caption-attachment-1857\" class=\"wp-caption-text\">Sous l&rsquo;Aiguille de la Remuaz: vue vers le glacier du Tour et l&rsquo;Aiguille du Chardonnet<\/p><\/div>\n<div id=\"attachment_1858\" style=\"width: 688px\" class=\"wp-caption alignnone\"><img aria-describedby=\"caption-attachment-1858\" decoding=\"async\" loading=\"lazy\" title=\"Impressionnant couloir sous les aiguilles de la Remuaz et des Chamois\" src=\"\/\/www.escapades-photographiques.ch\/Site\/blog\/..\/blog.uploads\/2013\/11\/2013-10-25_017_5DmII.jpg\" alt=\"Impressionnant couloir sous les aiguilles de la Remuaz et des Chamois\" width=\"678\" height=\"452\" class=\"size-full wp-image-1858\" srcset=\"https:\/\/www.escapades-photographiques.ch\/Site\/blog\/..\/blog.uploads\/2013\/11\/2013-10-25_017_5DmII.jpg 678w, https:\/\/www.escapades-photographiques.ch\/Site\/blog\/..\/blog.uploads\/2013\/11\/2013-10-25_017_5DmII-300x200.jpg 300w\" sizes=\"(max-width: 678px) 100vw, 678px\" \/><p id=\"caption-attachment-1858\" class=\"wp-caption-text\">Impressionnant couloir sous les aiguilles de la Remuaz et des Chamois<\/p><\/div>\n<div id=\"attachment_1876\" style=\"width: 688px\" class=\"wp-caption alignnone\"><img aria-describedby=\"caption-attachment-1876\" decoding=\"async\" loading=\"lazy\" title=\"Lac de l&#039;aiguille de T\u00eate Plate\" src=\"\/\/www.escapades-photographiques.ch\/Site\/blog\/..\/blog.uploads\/2013\/11\/2013-10-25_025_5DmII-2013-10-25_029_5DmII_5-images.jpg\" alt=\"Lac de l&#039;aiguille de T\u00eate Plate\" width=\"678\" height=\"292\" class=\"size-full wp-image-1876\" srcset=\"https:\/\/www.escapades-photographiques.ch\/Site\/blog\/..\/blog.uploads\/2013\/11\/2013-10-25_025_5DmII-2013-10-25_029_5DmII_5-images.jpg 678w, https:\/\/www.escapades-photographiques.ch\/Site\/blog\/..\/blog.uploads\/2013\/11\/2013-10-25_025_5DmII-2013-10-25_029_5DmII_5-images-300x129.jpg 300w\" sizes=\"(max-width: 678px) 100vw, 678px\" \/><p id=\"caption-attachment-1876\" class=\"wp-caption-text\">Lac de l&rsquo;aiguille de T\u00eate Plate<\/p><\/div>\n<div id=\"attachment_1859\" style=\"width: 327px\" class=\"wp-caption alignleft\"><img aria-describedby=\"caption-attachment-1859\" decoding=\"async\" loading=\"lazy\" title=\"Lac Blanc: nuages lenticulaires\" src=\"\/\/www.escapades-photographiques.ch\/Site\/blog\/..\/blog.uploads\/2013\/11\/2013-10-25_032_5DmII_2.jpg\" alt=\"Lac Blanc: nuages lenticulaires\" width=\"317\" height=\"476\" class=\"size-full wp-image-1859\" srcset=\"https:\/\/www.escapades-photographiques.ch\/Site\/blog\/..\/blog.uploads\/2013\/11\/2013-10-25_032_5DmII_2.jpg 317w, https:\/\/www.escapades-photographiques.ch\/Site\/blog\/..\/blog.uploads\/2013\/11\/2013-10-25_032_5DmII_2-199x300.jpg 199w\" sizes=\"(max-width: 317px) 100vw, 317px\" \/><p id=\"caption-attachment-1859\" class=\"wp-caption-text\">Lac Blanc: nuages lenticulaires<\/p><\/div>\n<div id=\"attachment_1860\" style=\"width: 327px\" class=\"wp-caption alignleft\"><img aria-describedby=\"caption-attachment-1860\" decoding=\"async\" loading=\"lazy\" title=\"Lac Blanc: beaux nuages\" src=\"\/\/www.escapades-photographiques.ch\/Site\/blog\/..\/blog.uploads\/2013\/11\/2013-10-25_053_5DmII.jpg\" alt=\"Lac Blanc: beaux nuages\" width=\"317\" height=\"476\" class=\"size-full wp-image-1860\" srcset=\"https:\/\/www.escapades-photographiques.ch\/Site\/blog\/..\/blog.uploads\/2013\/11\/2013-10-25_053_5DmII.jpg 317w, https:\/\/www.escapades-photographiques.ch\/Site\/blog\/..\/blog.uploads\/2013\/11\/2013-10-25_053_5DmII-199x300.jpg 199w\" sizes=\"(max-width: 317px) 100vw, 317px\" \/><p id=\"caption-attachment-1860\" class=\"wp-caption-text\">Lac Blanc: beaux nuages<\/p><\/div>\n<div id=\"attachment_1861\" style=\"width: 688px\" class=\"wp-caption alignnone\"><img aria-describedby=\"caption-attachment-1861\" decoding=\"async\" loading=\"lazy\" title=\"Rivage du lac Blanc avec au fond de gauche \u00e0 droite: l&#039;Aiguille Verte, les Drus, les Grandes Jorasses, les Aiguilles de Chamonix et le Mont-Blanc\" src=\"\/\/www.escapades-photographiques.ch\/Site\/blog\/..\/blog.uploads\/2013\/11\/2013-10-25_055_5DmII.jpg\" alt=\"Rivage du lac Blanc avec au fond de gauche \u00e0 droite: l&#039;Aiguille Verte, les Drus, les Grandes Jorasses, les Aiguilles de Chamonix et le Mont-Blanc\" width=\"678\" height=\"451\" class=\"size-full wp-image-1861\" srcset=\"https:\/\/www.escapades-photographiques.ch\/Site\/blog\/..\/blog.uploads\/2013\/11\/2013-10-25_055_5DmII.jpg 678w, https:\/\/www.escapades-photographiques.ch\/Site\/blog\/..\/blog.uploads\/2013\/11\/2013-10-25_055_5DmII-300x199.jpg 300w\" sizes=\"(max-width: 678px) 100vw, 678px\" \/><p id=\"caption-attachment-1861\" class=\"wp-caption-text\">Rivage du lac Blanc avec au fond de gauche \u00e0 droite: l&rsquo;Aiguille Verte, les Drus, les Grandes Jorasses, les Aiguilles de Chamonix et le Mont-Blanc<\/p><\/div>\n<div id=\"attachment_1862\" style=\"width: 688px\" class=\"wp-caption alignnone\"><img aria-describedby=\"caption-attachment-1862\" decoding=\"async\" loading=\"lazy\" title=\"Un des lacs des Ch\u00e9serys avec en reflet les aiguilles du Chardonnet et d&#039;Argenti\u00e8re\" src=\"\/\/www.escapades-photographiques.ch\/Site\/blog\/..\/blog.uploads\/2013\/11\/2013-10-25_061_5DmII.jpg\" alt=\"Un des lacs des Ch\u00e9serys avec en reflet les aiguilles du Chardonnet et d&#039;Argenti\u00e8re\" width=\"678\" height=\"452\" class=\"size-full wp-image-1862\" srcset=\"https:\/\/www.escapades-photographiques.ch\/Site\/blog\/..\/blog.uploads\/2013\/11\/2013-10-25_061_5DmII.jpg 678w, https:\/\/www.escapades-photographiques.ch\/Site\/blog\/..\/blog.uploads\/2013\/11\/2013-10-25_061_5DmII-300x200.jpg 300w\" sizes=\"(max-width: 678px) 100vw, 678px\" \/><p id=\"caption-attachment-1862\" class=\"wp-caption-text\">Un des lacs des Ch\u00e9serys avec en reflet les aiguilles du Chardonnet et d&rsquo;Argenti\u00e8re<\/p><\/div>\n<div id=\"attachment_1879\" style=\"width: 688px\" class=\"wp-caption alignnone\"><img aria-describedby=\"caption-attachment-1879\" decoding=\"async\" loading=\"lazy\" title=\"Un des lacs des Ch\u00e9serys avec au fond de gauche \u00e0 droite: les aiguilles du Chardonnet et d&#039;Argenti\u00e8re, l&#039;Aiguille Verte, les Drus et les Grandes Jorasses\" src=\"\/\/www.escapades-photographiques.ch\/Site\/blog\/..\/blog.uploads\/2013\/11\/2013-10-25_062_5DmII-2013-10-25_064_5DmII_3-images.jpg\" alt=\"Un des lacs des Ch\u00e9serys avec au fond de gauche \u00e0 droite: les aiguilles du Chardonnet et d&#039;Argenti\u00e8re, l&#039;Aiguille Verte, les Drus et les Grandes Jorasses\" width=\"678\" height=\"220\" class=\"size-full wp-image-1879\" srcset=\"https:\/\/www.escapades-photographiques.ch\/Site\/blog\/..\/blog.uploads\/2013\/11\/2013-10-25_062_5DmII-2013-10-25_064_5DmII_3-images.jpg 678w, https:\/\/www.escapades-photographiques.ch\/Site\/blog\/..\/blog.uploads\/2013\/11\/2013-10-25_062_5DmII-2013-10-25_064_5DmII_3-images-300x97.jpg 300w\" sizes=\"(max-width: 678px) 100vw, 678px\" \/><p id=\"caption-attachment-1879\" class=\"wp-caption-text\">Un des lacs des Ch\u00e9serys avec au fond de gauche \u00e0 droite: les aiguilles du Chardonnet et d&rsquo;Argenti\u00e8re, l&rsquo;Aiguille Verte, les Drus et les Grandes Jorasses<\/p><\/div>\n<div id=\"attachment_1878\" style=\"width: 688px\" class=\"wp-caption alignnone\"><img aria-describedby=\"caption-attachment-1878\" decoding=\"async\" loading=\"lazy\" title=\"Un des lacs des Ch\u00e9serys avec au fond de gauche \u00e0 droite: l&#039;Aiguille Verte, les Drus, les Grandes Jorasses, les Aiguilles de Chamonix et le Mont-Blanc\" src=\"\/\/www.escapades-photographiques.ch\/Site\/blog\/..\/blog.uploads\/2013\/11\/2013-10-25_077_5DmII-2013-10-25_082_5DmII_6-images.jpg\" alt=\"Un des lacs des Ch\u00e9serys avec au fond de gauche \u00e0 droite: l&#039;Aiguille Verte, les Drus, les Grandes Jorasses, les Aiguilles de Chamonix et le Mont-Blanc \" width=\"678\" height=\"256\" class=\"size-full wp-image-1878\" srcset=\"https:\/\/www.escapades-photographiques.ch\/Site\/blog\/..\/blog.uploads\/2013\/11\/2013-10-25_077_5DmII-2013-10-25_082_5DmII_6-images.jpg 678w, https:\/\/www.escapades-photographiques.ch\/Site\/blog\/..\/blog.uploads\/2013\/11\/2013-10-25_077_5DmII-2013-10-25_082_5DmII_6-images-300x113.jpg 300w\" sizes=\"(max-width: 678px) 100vw, 678px\" \/><p id=\"caption-attachment-1878\" class=\"wp-caption-text\">Un des lacs des Ch\u00e9serys avec au fond de gauche \u00e0 droite: l&rsquo;Aiguille Verte, les Drus, les Grandes Jorasses, les Aiguilles de Chamonix et le Mont-Blanc<br \/><\/p><\/div>\n<div id=\"attachment_1863\" style=\"width: 688px\" class=\"wp-caption alignnone\"><img aria-describedby=\"caption-attachment-1863\" decoding=\"async\" loading=\"lazy\" title=\"L&#039;aiguille Verte et les Drus aux derni\u00e8res lueurs du soleil\" src=\"\/\/www.escapades-photographiques.ch\/Site\/blog\/..\/blog.uploads\/2013\/11\/2013-10-25_102_5DmII.jpg\" alt=\"L&#039;aiguille Verte et les Drus aux derni\u00e8res lueurs du soleil\" width=\"678\" height=\"452\" class=\"size-full wp-image-1863\" srcset=\"https:\/\/www.escapades-photographiques.ch\/Site\/blog\/..\/blog.uploads\/2013\/11\/2013-10-25_102_5DmII.jpg 678w, https:\/\/www.escapades-photographiques.ch\/Site\/blog\/..\/blog.uploads\/2013\/11\/2013-10-25_102_5DmII-300x200.jpg 300w\" sizes=\"(max-width: 678px) 100vw, 678px\" \/><p id=\"caption-attachment-1863\" class=\"wp-caption-text\">L&rsquo;aiguille Verte et les Drus aux derni\u00e8res lueurs du soleil<\/p><\/div>\n<div id=\"attachment_1864\" style=\"width: 688px\" class=\"wp-caption alignnone\"><img aria-describedby=\"caption-attachment-1864\" decoding=\"async\" loading=\"lazy\" title=\"L&#039;aiguille du Chardonnet aux derni\u00e8res lueurs du soleil\" src=\"\/\/www.escapades-photographiques.ch\/Site\/blog\/..\/blog.uploads\/2013\/11\/2013-10-25_101_5DmII.jpg\" alt=\"L&#039;aiguille du Chardonnet aux derni\u00e8res lueurs du soleil\" width=\"678\" height=\"452\" class=\"size-full wp-image-1864\" srcset=\"https:\/\/www.escapades-photographiques.ch\/Site\/blog\/..\/blog.uploads\/2013\/11\/2013-10-25_101_5DmII.jpg 678w, https:\/\/www.escapades-photographiques.ch\/Site\/blog\/..\/blog.uploads\/2013\/11\/2013-10-25_101_5DmII-300x200.jpg 300w\" sizes=\"(max-width: 678px) 100vw, 678px\" \/><p id=\"caption-attachment-1864\" class=\"wp-caption-text\">L&rsquo;aiguille du Chardonnet aux derni\u00e8res lueurs du soleil<\/p><\/div>\n<p><em><strong>Animation panoramique<\/strong><\/em><\/p>\n\n<!-- PanoPress [1.0] -->\n<p style=\"font-size: 12px;\" id=\"pp_769867_explain\"><code><em>Note: aucune animation panoramique possible car Javascript n'est pas activ\u00e9. Veuillez l'activer pour afficher les animations.<\/em><\/code><\/p>\n<div class=\"pp-embed\" id=\"pp_769867_embed\"><img src=\"\/\/www.escapades-photographiques.ch\/Site\/blog\/..\/blog.uploads\/panoramics\/%5B2013-10-25_103_5DmII%5D-%5B2013-10-25_106_5DmII%5D_(4%20images)\/image_blog\/%5B2013-10-25_103_5DmII%5D-%5B2013-10-25_106_5DmII%5D_(4%20images).jpg\" alt=\"Animation panoramique\" title=\"Aiguilles du Tour et du Chardonnet aux derni\u00e8res lueurs du soleil\" class=\"aligncenter size-full\" \/><\/div>\n<script type=\"text\/javascript\">\n  jQuery( function() { pano_display.pano_embed( {\"explain\":true,\"id\":\"pp_769867\",\"obj_panopress\":{\"id\":\"pp_769867\",\"type\":\"html\",\"version\":\"4.0\",\"viewer\":null,\"width\":\"690\",\"height\":\"460\",\"title\":\"Aiguilles du Tour et du Chardonnet aux derni\\u00e8res lueurs du soleil\",\"alt\":null,\"button\":true,\"panobox\":false,\"preview\":\"\",\"file\":\"\/\/www.escapades-photographiques.ch\/Site\/blog\/..\/blog.uploads\/panoramics\/%5B2013-10-25_103_5DmII%5D-%5B2013-10-25_106_5DmII%5D_(4%20images)\/%5B2013-10-25_103_5DmII%5D-%5B2013-10-25_106_5DmII%5D_(4%20images).html\",\"button_img\":\"\/\/www.escapades-photographiques.ch\/Site\/blog\/..\/blog.uploads\/panoramics\/%5B2013-10-25_103_5DmII%5D-%5B2013-10-25_106_5DmII%5D_(4%20images)\/image_blog\/%5B2013-10-25_103_5DmII%5D-%5B2013-10-25_106_5DmII%5D_(4%20images).play.jpg\",\"params\":{\"base\":\"\/\/www.escapades-photographiques.ch\/Site\/blog\/..\/blog.uploads\/panoramics\/%5B2013-10-25_103_5DmII%5D-%5B2013-10-25_106_5DmII%5D_(4%20images)\/\"}},\"panobox\":false,\"settings_alt\":null,\"settings_preview\":\"\",\"width\":\"690\",\"height\":\"460\"}); } );\n<\/script>\n<p style=\"text-align: center;padding-top: 8px;\">Aiguilles du Tour et du Chardonnet aux derni\u00e8res lueurs du soleil<\/p>\n<!-- \/PanoPress -->\n\n<p><br style=\"clear: both;\" \/><br \/>\n<strong>Randonn\u00e9e dans le cirque du Fer \u00e0 Cheval vers Sixt (24 octobre 2013)<\/strong><\/p>\n<p>Mont\u00e9e au Refuge de la Vogealle par le Pas du Boret puis par le couloir sud sous la T\u00eate de P\u00e9rua. Le passage escarp\u00e9 du pas du Boret \u00e9tait particuli\u00e8rement glissant \u00e0 cause des chutes de pluie abondantes ayant eu lieu le 23 octobre et par l&rsquo;absence de la plupart des \u00ab\u00a0mains courantes\u00a0\u00bb remis\u00e9es pour l&rsquo;hiver. Mont\u00e9e jusque vers la T\u00eate de P\u00e9rua. Descente par l&rsquo;itin\u00e9raire normal Vogealle-Chalet du Boret puis par le Bout du Monde.<\/p>\n<div id=\"attachment_1844\" style=\"width: 327px\" class=\"wp-caption alignleft\"><img aria-describedby=\"caption-attachment-1844\" decoding=\"async\" loading=\"lazy\" title=\"Petit lac au pied de la pointe de Sans Bet\" src=\"\/\/www.escapades-photographiques.ch\/Site\/blog\/..\/blog.uploads\/2013\/11\/2013-10-24_003_5DmII.jpg\" alt=\"Petit lac au pied de la pointe de Sans Bet\" width=\"317\" height=\"476\" class=\"size-full wp-image-1844\" srcset=\"https:\/\/www.escapades-photographiques.ch\/Site\/blog\/..\/blog.uploads\/2013\/11\/2013-10-24_003_5DmII.jpg 317w, https:\/\/www.escapades-photographiques.ch\/Site\/blog\/..\/blog.uploads\/2013\/11\/2013-10-24_003_5DmII-199x300.jpg 199w\" sizes=\"(max-width: 317px) 100vw, 317px\" \/><p id=\"caption-attachment-1844\" class=\"wp-caption-text\">Petit lac au pied de la pointe de Sans Bet<\/p><\/div>\n<div id=\"attachment_1853\" style=\"width: 327px\" class=\"wp-caption alignleft\"><img aria-describedby=\"caption-attachment-1853\" decoding=\"async\" loading=\"lazy\" title=\"Le Fer \u00e0 Cheval avec ses cascades \" src=\"\/\/www.escapades-photographiques.ch\/Site\/blog\/..\/blog.uploads\/2013\/11\/2013-10-24_115_5DmII.jpg\" alt=\"Le Fer \u00e0 Cheval avec ses cascades \" width=\"317\" height=\"476\" class=\"size-full wp-image-1853\" srcset=\"https:\/\/www.escapades-photographiques.ch\/Site\/blog\/..\/blog.uploads\/2013\/11\/2013-10-24_115_5DmII.jpg 317w, https:\/\/www.escapades-photographiques.ch\/Site\/blog\/..\/blog.uploads\/2013\/11\/2013-10-24_115_5DmII-199x300.jpg 199w\" sizes=\"(max-width: 317px) 100vw, 317px\" \/><p id=\"caption-attachment-1853\" class=\"wp-caption-text\">Le Fer \u00e0 Cheval avec ses cascades<\/p><\/div>\n<div id=\"attachment_1845\" style=\"width: 688px\" class=\"wp-caption alignnone\"><img aria-describedby=\"caption-attachment-1845\" decoding=\"async\" loading=\"lazy\" title=\"Le pic de Tenneverge depuis le Plan des Lacs\" src=\"\/\/www.escapades-photographiques.ch\/Site\/blog\/..\/blog.uploads\/2013\/11\/2013-10-24_007_5DmII.jpg\" alt=\"Le pic de Tenneverge depuis le Plan des Lacs\" width=\"678\" height=\"451\" class=\"size-full wp-image-1845\" srcset=\"https:\/\/www.escapades-photographiques.ch\/Site\/blog\/..\/blog.uploads\/2013\/11\/2013-10-24_007_5DmII.jpg 678w, https:\/\/www.escapades-photographiques.ch\/Site\/blog\/..\/blog.uploads\/2013\/11\/2013-10-24_007_5DmII-300x199.jpg 300w\" sizes=\"(max-width: 678px) 100vw, 678px\" \/><p id=\"caption-attachment-1845\" class=\"wp-caption-text\">Le pic de Tenneverge depuis le Plan des Lacs<\/p><\/div>\n<div id=\"attachment_1846\" style=\"width: 688px\" class=\"wp-caption alignnone\"><img aria-describedby=\"caption-attachment-1846\" decoding=\"async\" loading=\"lazy\" title=\"Le Giffre au nord du Plan des Lacs\" src=\"\/\/www.escapades-photographiques.ch\/Site\/blog\/..\/blog.uploads\/2013\/11\/2013-10-24_009_5DmII.jpg\" alt=\"Le Giffre au nord du Plan des Lacs\" width=\"678\" height=\"452\" class=\"size-full wp-image-1846\" srcset=\"https:\/\/www.escapades-photographiques.ch\/Site\/blog\/..\/blog.uploads\/2013\/11\/2013-10-24_009_5DmII.jpg 678w, https:\/\/www.escapades-photographiques.ch\/Site\/blog\/..\/blog.uploads\/2013\/11\/2013-10-24_009_5DmII-300x200.jpg 300w\" sizes=\"(max-width: 678px) 100vw, 678px\" \/><p id=\"caption-attachment-1846\" class=\"wp-caption-text\">Le Giffre au nord du Plan des Lacs<\/p><\/div>\n<div id=\"attachment_1847\" style=\"width: 688px\" class=\"wp-caption alignnone\"><img aria-describedby=\"caption-attachment-1847\" decoding=\"async\" loading=\"lazy\" title=\"D\u00e9part du sentier escarp\u00e9 du pas du Boret: petite cascade\" src=\"\/\/www.escapades-photographiques.ch\/Site\/blog\/..\/blog.uploads\/2013\/11\/2013-10-24_013_5DmII.jpg\" alt=\"D\u00e9part du sentier escarp\u00e9 du pas du Boret: petite cascade\" width=\"678\" height=\"452\" class=\"size-full wp-image-1847\" srcset=\"https:\/\/www.escapades-photographiques.ch\/Site\/blog\/..\/blog.uploads\/2013\/11\/2013-10-24_013_5DmII.jpg 678w, https:\/\/www.escapades-photographiques.ch\/Site\/blog\/..\/blog.uploads\/2013\/11\/2013-10-24_013_5DmII-300x200.jpg 300w\" sizes=\"(max-width: 678px) 100vw, 678px\" \/><p id=\"caption-attachment-1847\" class=\"wp-caption-text\">D\u00e9part du sentier escarp\u00e9 du pas du Boret: petite cascade<\/p><\/div>\n<div id=\"attachment_1848\" style=\"width: 688px\" class=\"wp-caption alignnone\"><img aria-describedby=\"caption-attachment-1848\" decoding=\"async\" loading=\"lazy\" title=\"Chalet du Boret\" src=\"\/\/www.escapades-photographiques.ch\/Site\/blog\/..\/blog.uploads\/2013\/11\/2013-10-24_027_5DmII.jpg\" alt=\"Chalet du Boret\" width=\"678\" height=\"452\" class=\"size-full wp-image-1848\" srcset=\"https:\/\/www.escapades-photographiques.ch\/Site\/blog\/..\/blog.uploads\/2013\/11\/2013-10-24_027_5DmII.jpg 678w, https:\/\/www.escapades-photographiques.ch\/Site\/blog\/..\/blog.uploads\/2013\/11\/2013-10-24_027_5DmII-300x200.jpg 300w\" sizes=\"(max-width: 678px) 100vw, 678px\" \/><p id=\"caption-attachment-1848\" class=\"wp-caption-text\">Chalet du Boret<\/p><\/div>\n<div id=\"attachment_1849\" style=\"width: 688px\" class=\"wp-caption alignnone\"><img aria-describedby=\"caption-attachment-1849\" decoding=\"async\" loading=\"lazy\" title=\"Couleurs d&#039;automne au dessus du chalet du Boret\" src=\"\/\/www.escapades-photographiques.ch\/Site\/blog\/..\/blog.uploads\/2013\/11\/2013-10-24_029_5DmII.jpg\" alt=\"Couleurs d&#039;automne au dessus du chalet du Boret\" width=\"678\" height=\"452\" class=\"size-full wp-image-1849\" srcset=\"https:\/\/www.escapades-photographiques.ch\/Site\/blog\/..\/blog.uploads\/2013\/11\/2013-10-24_029_5DmII.jpg 678w, https:\/\/www.escapades-photographiques.ch\/Site\/blog\/..\/blog.uploads\/2013\/11\/2013-10-24_029_5DmII-300x200.jpg 300w\" sizes=\"(max-width: 678px) 100vw, 678px\" \/><p id=\"caption-attachment-1849\" class=\"wp-caption-text\">Couleurs d&rsquo;automne au dessus du chalet du Boret<\/p><\/div>\n<div id=\"attachment_1850\" style=\"width: 688px\" class=\"wp-caption alignnone\"><img aria-describedby=\"caption-attachment-1850\" decoding=\"async\" loading=\"lazy\" title=\"Pointe de Bellegarde et pointe Rousse des Chambres\" src=\"\/\/www.escapades-photographiques.ch\/Site\/blog\/..\/blog.uploads\/2013\/11\/2013-10-24_058_5DmII.jpg\" alt=\"Pointe de Bellegarde et pointe Rousse des Chambres\" width=\"678\" height=\"452\" class=\"size-full wp-image-1850\" srcset=\"https:\/\/www.escapades-photographiques.ch\/Site\/blog\/..\/blog.uploads\/2013\/11\/2013-10-24_058_5DmII.jpg 678w, https:\/\/www.escapades-photographiques.ch\/Site\/blog\/..\/blog.uploads\/2013\/11\/2013-10-24_058_5DmII-300x200.jpg 300w\" sizes=\"(max-width: 678px) 100vw, 678px\" \/><p id=\"caption-attachment-1850\" class=\"wp-caption-text\">Pointe de Bellegarde et pointe Rousse des Chambres<\/p><\/div>\n<div id=\"attachment_1851\" style=\"width: 688px\" class=\"wp-caption alignnone\"><img aria-describedby=\"caption-attachment-1851\" decoding=\"async\" loading=\"lazy\" title=\"Petit lac vers la T\u00eate de P\u00e9rua: pic de Tenneverge en reflet\" src=\"\/\/www.escapades-photographiques.ch\/Site\/blog\/..\/blog.uploads\/2013\/11\/2013-10-24_088_5DmII.jpg\" alt=\"Petit lac vers la T\u00eate de P\u00e9rua: pic de Tenneverge en reflet\" width=\"678\" height=\"452\" class=\"size-full wp-image-1851\" srcset=\"https:\/\/www.escapades-photographiques.ch\/Site\/blog\/..\/blog.uploads\/2013\/11\/2013-10-24_088_5DmII.jpg 678w, https:\/\/www.escapades-photographiques.ch\/Site\/blog\/..\/blog.uploads\/2013\/11\/2013-10-24_088_5DmII-300x200.jpg 300w\" sizes=\"(max-width: 678px) 100vw, 678px\" \/><p id=\"caption-attachment-1851\" class=\"wp-caption-text\">Petit lac vers la T\u00eate de P\u00e9rua: pic de Tenneverge en reflet<\/p><\/div>\n<div id=\"attachment_1854\" style=\"width: 688px\" class=\"wp-caption alignnone\"><img aria-describedby=\"caption-attachment-1854\" decoding=\"async\" loading=\"lazy\" title=\"Contreforts du pic de Tenneverge\" src=\"\/\/www.escapades-photographiques.ch\/Site\/blog\/..\/blog.uploads\/2013\/11\/2013-10-24_125_5DmII.jpg\" alt=\"Contreforts du pic de Tenneverge\" width=\"678\" height=\"452\" class=\"size-full wp-image-1854\" srcset=\"https:\/\/www.escapades-photographiques.ch\/Site\/blog\/..\/blog.uploads\/2013\/11\/2013-10-24_125_5DmII.jpg 678w, https:\/\/www.escapades-photographiques.ch\/Site\/blog\/..\/blog.uploads\/2013\/11\/2013-10-24_125_5DmII-300x200.jpg 300w\" sizes=\"(max-width: 678px) 100vw, 678px\" \/><p id=\"caption-attachment-1854\" class=\"wp-caption-text\">Contreforts du pic de Tenneverge<\/p><\/div>\n<div id=\"attachment_1855\" style=\"width: 327px\" class=\"wp-caption alignleft\"><img aria-describedby=\"caption-attachment-1855\" decoding=\"async\" loading=\"lazy\" title=\"Cascades du Bout du monde (rive droite)\" src=\"\/\/www.escapades-photographiques.ch\/Site\/blog\/..\/blog.uploads\/2013\/11\/2013-10-24_131_5DmII.jpg\" alt=\"Cascades du Bout du monde (rive droite)\" width=\"317\" height=\"476\" class=\"size-full wp-image-1855\" srcset=\"https:\/\/www.escapades-photographiques.ch\/Site\/blog\/..\/blog.uploads\/2013\/11\/2013-10-24_131_5DmII.jpg 317w, https:\/\/www.escapades-photographiques.ch\/Site\/blog\/..\/blog.uploads\/2013\/11\/2013-10-24_131_5DmII-199x300.jpg 199w\" sizes=\"(max-width: 317px) 100vw, 317px\" \/><p id=\"caption-attachment-1855\" class=\"wp-caption-text\">Cascades du Bout du monde (rive droite)<\/p><\/div>\n<div id=\"attachment_1856\" style=\"width: 327px\" class=\"wp-caption alignleft\"><img aria-describedby=\"caption-attachment-1856\" decoding=\"async\" loading=\"lazy\" title=\"Vall\u00e9e du Giffre depuis le Bout du Monde\" src=\"\/\/www.escapades-photographiques.ch\/Site\/blog\/..\/blog.uploads\/2013\/11\/2013-10-24_132_5DmII.jpg\" alt=\"Vall\u00e9e du Giffre depuis le Bout du Monde\" width=\"317\" height=\"476\" class=\"size-full wp-image-1856\" srcset=\"https:\/\/www.escapades-photographiques.ch\/Site\/blog\/..\/blog.uploads\/2013\/11\/2013-10-24_132_5DmII.jpg 317w, https:\/\/www.escapades-photographiques.ch\/Site\/blog\/..\/blog.uploads\/2013\/11\/2013-10-24_132_5DmII-199x300.jpg 199w\" sizes=\"(max-width: 317px) 100vw, 317px\" \/><p id=\"caption-attachment-1856\" class=\"wp-caption-text\">Vall\u00e9e du Giffre depuis le Bout du Monde<\/p><\/div>\n<div id=\"attachment_1880\" style=\"width: 318px\" class=\"wp-caption aligncenter\"><img aria-describedby=\"caption-attachment-1880\" decoding=\"async\" loading=\"lazy\" title=\"Cascades du Bout du Monde (rive gauche)\" src=\"\/\/www.escapades-photographiques.ch\/Site\/blog\/..\/blog.uploads\/2013\/11\/2013-10-24_151_5DmII-2013-10-24_154_5DmII_4-images.jpg\" alt=\"Cascades du Bout du Monde (rive gauche)\" width=\"308\" height=\"678\" class=\"size-full wp-image-1880\" srcset=\"https:\/\/www.escapades-photographiques.ch\/Site\/blog\/..\/blog.uploads\/2013\/11\/2013-10-24_151_5DmII-2013-10-24_154_5DmII_4-images.jpg 308w, https:\/\/www.escapades-photographiques.ch\/Site\/blog\/..\/blog.uploads\/2013\/11\/2013-10-24_151_5DmII-2013-10-24_154_5DmII_4-images-136x300.jpg 136w\" sizes=\"(max-width: 308px) 100vw, 308px\" \/><p id=\"caption-attachment-1880\" class=\"wp-caption-text\">Cascades du Bout du Monde (rive gauche)<\/p><\/div>\n<p><em><strong>Animations panoramiques<\/strong><\/em><\/p>\n\n<!-- PanoPress [1.0] -->\n<p style=\"font-size: 12px;\" id=\"pp_900961_explain\"><code><em>Note: aucune animation panoramique possible car Javascript n'est pas activ\u00e9. Veuillez l'activer pour afficher les animations.<\/em><\/code><\/p>\n<div class=\"pp-embed\" id=\"pp_900961_embed\"><img src=\"\/\/www.escapades-photographiques.ch\/Site\/blog\/..\/blog.uploads\/panoramics\/%5B2013-10-24_054_5DmII%5D-%5B2013-10-24_057_5DmII%5D_(4%20images)\/image_blog\/%5B2013-10-24_054_5DmII%5D-%5B2013-10-24_057_5DmII%5D_(4%20images).jpg\" alt=\"Animation panoramique\" title=\"Cha\u00eene du Tenneverge au dessus de la vall\u00e9e du Giffre\" class=\"aligncenter size-full\" \/><\/div>\n<script type=\"text\/javascript\">\n  jQuery( function() { pano_display.pano_embed( {\"explain\":true,\"id\":\"pp_900961\",\"obj_panopress\":{\"id\":\"pp_900961\",\"type\":\"html\",\"version\":\"4.0\",\"viewer\":null,\"width\":\"690\",\"height\":\"460\",\"title\":\"Cha\\u00eene du Tenneverge au dessus de la vall\\u00e9e du Giffre\",\"alt\":null,\"button\":true,\"panobox\":false,\"preview\":\"\",\"file\":\"\/\/www.escapades-photographiques.ch\/Site\/blog\/..\/blog.uploads\/panoramics\/%5B2013-10-24_054_5DmII%5D-%5B2013-10-24_057_5DmII%5D_(4%20images)\/%5B2013-10-24_054_5DmII%5D-%5B2013-10-24_057_5DmII%5D_(4%20images).html\",\"button_img\":\"\/\/www.escapades-photographiques.ch\/Site\/blog\/..\/blog.uploads\/panoramics\/%5B2013-10-24_054_5DmII%5D-%5B2013-10-24_057_5DmII%5D_(4%20images)\/image_blog\/%5B2013-10-24_054_5DmII%5D-%5B2013-10-24_057_5DmII%5D_(4%20images).play.jpg\",\"params\":{\"base\":\"\/\/www.escapades-photographiques.ch\/Site\/blog\/..\/blog.uploads\/panoramics\/%5B2013-10-24_054_5DmII%5D-%5B2013-10-24_057_5DmII%5D_(4%20images)\/\"}},\"panobox\":false,\"settings_alt\":null,\"settings_preview\":\"\",\"width\":\"690\",\"height\":\"460\"}); } );\n<\/script>\n<p style=\"text-align: center;padding-top: 8px;\">Cha\u00eene du Tenneverge au dessus de la vall\u00e9e du Giffre<\/p>\n<!-- \/PanoPress -->\n\n\n<!-- PanoPress [1.0] -->\n<div class=\"pp-embed\" id=\"pp_938279_embed\"><img src=\"\/\/www.escapades-photographiques.ch\/Site\/blog\/..\/blog.uploads\/panoramics\/%5B2013-10-24_061_5DmII%5D-%5B2013-10-24_062_5DmII%5D_(2%20images)\/image_blog\/%5B2013-10-24_061_5DmII%5D-%5B2013-10-24_062_5DmII%5D_(2%20images).jpg\" alt=\"Animation panoramique\" title=\"Refuge de la Vogealle\" class=\"aligncenter size-full\" \/><\/div>\n<script type=\"text\/javascript\">\n  jQuery( function() { pano_display.pano_embed( {\"explain\":null,\"id\":\"pp_938279\",\"obj_panopress\":{\"id\":\"pp_938279\",\"type\":\"html\",\"version\":\"4.0\",\"viewer\":null,\"width\":\"690\",\"height\":\"460\",\"title\":\"Refuge de la Vogealle\",\"alt\":null,\"button\":true,\"panobox\":false,\"preview\":\"\",\"file\":\"\/\/www.escapades-photographiques.ch\/Site\/blog\/..\/blog.uploads\/panoramics\/%5B2013-10-24_061_5DmII%5D-%5B2013-10-24_062_5DmII%5D_(2%20images)\/%5B2013-10-24_061_5DmII%5D-%5B2013-10-24_062_5DmII%5D_(2%20images).html\",\"button_img\":\"\/\/www.escapades-photographiques.ch\/Site\/blog\/..\/blog.uploads\/panoramics\/%5B2013-10-24_061_5DmII%5D-%5B2013-10-24_062_5DmII%5D_(2%20images)\/image_blog\/%5B2013-10-24_061_5DmII%5D-%5B2013-10-24_062_5DmII%5D_(2%20images).play.jpg\",\"params\":{\"base\":\"\/\/www.escapades-photographiques.ch\/Site\/blog\/..\/blog.uploads\/panoramics\/%5B2013-10-24_061_5DmII%5D-%5B2013-10-24_062_5DmII%5D_(2%20images)\/\"}},\"panobox\":false,\"settings_alt\":null,\"settings_preview\":\"\",\"width\":\"690\",\"height\":\"460\"}); } );\n<\/script>\n<p style=\"text-align: center;padding-top: 8px;\">Refuge de la Vogealle<\/p>\n<!-- \/PanoPress -->\n\n","protected":false},"excerpt":{"rendered":"<p>Randonn\u00e9e dans la r\u00e9serve naturelle de Passy (26 octobre 2013) Mont\u00e9e au col d&rsquo;Anterne depuis Plaine Joux puis descente depuis le col vers le lac d&rsquo;Anterne. Remont\u00e9e au col d&rsquo;Anterne, passage sous la T\u00eate de Mo\u00ebde par le versant sud et retour vers le refuge du col d&rsquo;Anterne. Retour vers Plaine Joux grosso modo par <a href='https:\/\/www.escapades-photographiques.ch\/Site\/blog\/2013\/randonnee\/escapades-en-haute-savoie\/' class='excerpt-more'>[&#8230;]<\/a><\/p>\n","protected":false},"author":1,"featured_media":0,"comment_status":"open","ping_status":"open","sticky":false,"template":"","format":"standard","meta":{"footnotes":""},"categories":[204],"tags":[326,324,328,327,330,322,319,323,325,321,329,331,320],"_links":{"self":[{"href":"https:\/\/www.escapades-photographiques.ch\/Site\/blog\/wp-json\/wp\/v2\/posts\/1831"}],"collection":[{"href":"https:\/\/www.escapades-photographiques.ch\/Site\/blog\/wp-json\/wp\/v2\/posts"}],"about":[{"href":"https:\/\/www.escapades-photographiques.ch\/Site\/blog\/wp-json\/wp\/v2\/types\/post"}],"author":[{"embeddable":true,"href":"https:\/\/www.escapades-photographiques.ch\/Site\/blog\/wp-json\/wp\/v2\/users\/1"}],"replies":[{"embeddable":true,"href":"https:\/\/www.escapades-photographiques.ch\/Site\/blog\/wp-json\/wp\/v2\/comments?post=1831"}],"version-history":[{"count":44,"href":"https:\/\/www.escapades-photographiques.ch\/Site\/blog\/wp-json\/wp\/v2\/posts\/1831\/revisions"}],"predecessor-version":[{"id":1923,"href":"https:\/\/www.escapades-photographiques.ch\/Site\/blog\/wp-json\/wp\/v2\/posts\/1831\/revisions\/1923"}],"wp:attachment":[{"href":"https:\/\/www.escapades-photographiques.ch\/Site\/blog\/wp-json\/wp\/v2\/media?parent=1831"}],"wp:term":[{"taxonomy":"category","embeddable":true,"href":"https:\/\/www.escapades-photographiques.ch\/Site\/blog\/wp-json\/wp\/v2\/categories?post=1831"},{"taxonomy":"post_tag","embeddable":true,"href":"https:\/\/www.escapades-photographiques.ch\/Site\/blog\/wp-json\/wp\/v2\/tags?post=1831"}],"curies":[{"name":"wp","href":"https:\/\/api.w.org\/{rel}","templated":true}]}}