{"id":1925,"date":"2013-12-15T12:39:51","date_gmt":"2013-12-15T10:39:51","guid":{"rendered":"http:\/\/www.escapades-photographiques.ch\/Site\/blog\/?p=1925"},"modified":"2014-07-12T15:39:11","modified_gmt":"2014-07-12T14:39:11","slug":"mont-dor-et-lac-de-joux-au-debut-de-lhiver","status":"publish","type":"post","link":"https:\/\/www.escapades-photographiques.ch\/Site\/blog\/2013\/randonnee\/mont-dor-et-lac-de-joux-au-debut-de-lhiver\/","title":{"rendered":"Mont d&rsquo;Or et lac de Joux au d\u00e9but de l&rsquo;hiver"},"content":{"rendered":"<p><strong>S\u00e9rie de clich\u00e9s pris depuis les cr\u00eates du Mont d&rsquo;Or (7 d\u00e9cembre 2013)<\/strong><\/p>\n<p>Conditions anticycloniques avec une m\u00e9t\u00e9o magnifique tant en plaine &#8211; ce qui est rare \u00e0 cette saison \u00e0 cause des brouillards bas &#8211; que sur les sommets du Jura o\u00f9 il faisait assez froid le tout agr\u00e9ment\u00e9 d&rsquo;une petite bise habituelle et rafra\u00eechissante au sommet du Mont d&rsquo;Or. Bref, j&rsquo;ai connu bien pire l\u00e0-haut surtout apr\u00e8s le coucher du soleil !<br \/>\nLe cr\u00e9puscule \u00e9tait comme d&rsquo;habitude magnifique depuis les cr\u00eates du Mont d&rsquo;Or et \u00e7a valait bien une descente de nuit \u00e0 la lampe frontale vers Vallorbe&#8230;<\/p>\n<div id=\"attachment_1948\" style=\"width: 688px\" class=\"wp-caption alignnone\"><img aria-describedby=\"caption-attachment-1948\" decoding=\"async\" loading=\"lazy\" title=\"Arbre solitaire en montant au Mont d&#039;Or\" src=\"\/\/www.escapades-photographiques.ch\/Site\/blog\/..\/blog.uploads\/2013\/12\/2013-12-07_008_5DmII-2013-12-07_012_5DmII_5-images.jpg\" alt=\"Arbre solitaire en montant au Mont d&#039;Or\" width=\"678\" height=\"327\" class=\"size-full wp-image-1948\" srcset=\"https:\/\/www.escapades-photographiques.ch\/Site\/blog\/..\/blog.uploads\/2013\/12\/2013-12-07_008_5DmII-2013-12-07_012_5DmII_5-images.jpg 678w, https:\/\/www.escapades-photographiques.ch\/Site\/blog\/..\/blog.uploads\/2013\/12\/2013-12-07_008_5DmII-2013-12-07_012_5DmII_5-images-300x144.jpg 300w\" sizes=\"(max-width: 678px) 100vw, 678px\" \/><p id=\"caption-attachment-1948\" class=\"wp-caption-text\">Arbre solitaire en montant au Mont d&rsquo;Or<\/p><\/div>\n<div id=\"attachment_1936\" style=\"width: 688px\" class=\"wp-caption alignnone\"><img aria-describedby=\"caption-attachment-1936\" decoding=\"async\" loading=\"lazy\" title=\"Au sommet du Mont-d&#039;Or (vue en direction nord vers le village de Jougne en Franche-Comt\u00e9)\" src=\"\/\/www.escapades-photographiques.ch\/Site\/blog\/..\/blog.uploads\/2013\/12\/2013-12-07_016_5DmII.jpg\" alt=\"Au sommet du Mont-d&#039;Or (vue en direction nord vers le village de Jougne en Franche-Comt\u00e9)\" width=\"678\" height=\"452\" class=\"size-full wp-image-1936\" srcset=\"https:\/\/www.escapades-photographiques.ch\/Site\/blog\/..\/blog.uploads\/2013\/12\/2013-12-07_016_5DmII.jpg 678w, https:\/\/www.escapades-photographiques.ch\/Site\/blog\/..\/blog.uploads\/2013\/12\/2013-12-07_016_5DmII-300x200.jpg 300w\" sizes=\"(max-width: 678px) 100vw, 678px\" \/><p id=\"caption-attachment-1936\" class=\"wp-caption-text\">Au sommet du Mont-d&rsquo;Or (vue en direction nord vers le village de Jougne en Franche-Comt\u00e9)<\/p><\/div>\n<div id=\"attachment_1937\" style=\"width: 688px\" class=\"wp-caption alignnone\"><img aria-describedby=\"caption-attachment-1937\" decoding=\"async\" loading=\"lazy\" title=\"Parapentiste profitant des ascendances dues aux falaises du Mont-d&#039;Or (du sommet &quot;1463m&quot; vers le sud)\" src=\"\/\/www.escapades-photographiques.ch\/Site\/blog\/..\/blog.uploads\/2013\/12\/2013-12-07_038_5DmII.jpg\" alt=\"Parapentiste profitant des ascendances dues aux falaises du Mont-d&#039;Or (du sommet &quot;1463m&quot; vers le sud)\" width=\"678\" height=\"452\" class=\"size-full wp-image-1937\" srcset=\"https:\/\/www.escapades-photographiques.ch\/Site\/blog\/..\/blog.uploads\/2013\/12\/2013-12-07_038_5DmII.jpg 678w, https:\/\/www.escapades-photographiques.ch\/Site\/blog\/..\/blog.uploads\/2013\/12\/2013-12-07_038_5DmII-300x200.jpg 300w\" sizes=\"(max-width: 678px) 100vw, 678px\" \/><p id=\"caption-attachment-1937\" class=\"wp-caption-text\">Parapentiste profitant des ascendances dues aux falaises du Mont-d&rsquo;Or (du sommet \u00ab\u00a01463m\u00a0\u00bb vers le sud)<\/p><\/div>\n<div id=\"attachment_1941\" style=\"width: 688px\" class=\"wp-caption alignnone\"><img aria-describedby=\"caption-attachment-1941\" decoding=\"async\" loading=\"lazy\" title=\"Coucher du soleil sur le versant ouest du Mont d&#039;Or\" src=\"\/\/www.escapades-photographiques.ch\/Site\/blog\/..\/blog.uploads\/2013\/12\/2013-12-07_072_5DmII.jpg\" alt=\"Coucher du soleil sur le versant ouest du Mont d&#039;Or\" width=\"678\" height=\"452\" class=\"size-full wp-image-1941\" srcset=\"https:\/\/www.escapades-photographiques.ch\/Site\/blog\/..\/blog.uploads\/2013\/12\/2013-12-07_072_5DmII.jpg 678w, https:\/\/www.escapades-photographiques.ch\/Site\/blog\/..\/blog.uploads\/2013\/12\/2013-12-07_072_5DmII-300x200.jpg 300w\" sizes=\"(max-width: 678px) 100vw, 678px\" \/><p id=\"caption-attachment-1941\" class=\"wp-caption-text\">Coucher du soleil sur le versant ouest du Mont d&rsquo;Or<\/p><\/div>\n<div id=\"attachment_1939\" style=\"width: 688px\" class=\"wp-caption alignnone\"><img aria-describedby=\"caption-attachment-1939\" decoding=\"async\" loading=\"lazy\" title=\"Arbres gel\u00e9s sur le versant ouest du Mont d&#039;Or au coucher du soleil (Alpes en arri\u00e8re plan)\" src=\"\/\/www.escapades-photographiques.ch\/Site\/blog\/..\/blog.uploads\/2013\/12\/2013-12-07_068_5DmII.jpg\" alt=\"Arbres gel\u00e9s sur le versant ouest du Mont d&#039;Or au coucher du soleil (Alpes en arri\u00e8re plan)\" width=\"678\" height=\"452\" class=\"size-full wp-image-1939\" srcset=\"https:\/\/www.escapades-photographiques.ch\/Site\/blog\/..\/blog.uploads\/2013\/12\/2013-12-07_068_5DmII.jpg 678w, https:\/\/www.escapades-photographiques.ch\/Site\/blog\/..\/blog.uploads\/2013\/12\/2013-12-07_068_5DmII-300x200.jpg 300w\" sizes=\"(max-width: 678px) 100vw, 678px\" \/><p id=\"caption-attachment-1939\" class=\"wp-caption-text\">Arbres gel\u00e9s sur le versant ouest du Mont d&rsquo;Or au coucher du soleil (Alpes en arri\u00e8re plan)<\/p><\/div>\n<div id=\"attachment_1938\" style=\"width: 688px\" class=\"wp-caption alignnone\"><img aria-describedby=\"caption-attachment-1938\" decoding=\"async\" loading=\"lazy\" title=\"Arbres gel\u00e9s sur le versant ouest du Mont d&#039;Or au coucher du soleil (vall\u00e9e de Joux en arri\u00e8re plan)\" src=\"\/\/www.escapades-photographiques.ch\/Site\/blog\/..\/blog.uploads\/2013\/12\/2013-12-07_066_5DmII.jpg\" alt=\"Arbres gel\u00e9s sur le versant ouest du Mont d&#039;Or au coucher du soleil (vall\u00e9e de Joux en arri\u00e8re plan)\" width=\"678\" height=\"452\" class=\"size-full wp-image-1938\" srcset=\"https:\/\/www.escapades-photographiques.ch\/Site\/blog\/..\/blog.uploads\/2013\/12\/2013-12-07_066_5DmII.jpg 678w, https:\/\/www.escapades-photographiques.ch\/Site\/blog\/..\/blog.uploads\/2013\/12\/2013-12-07_066_5DmII-300x200.jpg 300w\" sizes=\"(max-width: 678px) 100vw, 678px\" \/><p id=\"caption-attachment-1938\" class=\"wp-caption-text\">Arbres gel\u00e9s sur le versant ouest du Mont d&rsquo;Or au coucher du soleil (vall\u00e9e de Joux en arri\u00e8re plan)<\/p><\/div>\n<div id=\"attachment_1940\" style=\"width: 688px\" class=\"wp-caption alignnone\"><img aria-describedby=\"caption-attachment-1940\" decoding=\"async\" loading=\"lazy\" title=\"Arbres gel\u00e9s sur le versant ouest du Mont d&#039;Or au coucher du soleil\" src=\"\/\/www.escapades-photographiques.ch\/Site\/blog\/..\/blog.uploads\/2013\/12\/2013-12-07_070_5DmII.jpg\" alt=\"Arbres gel\u00e9s sur le versant ouest du Mont d&#039;Or au coucher du soleil\" width=\"678\" height=\"452\" class=\"size-full wp-image-1940\" srcset=\"https:\/\/www.escapades-photographiques.ch\/Site\/blog\/..\/blog.uploads\/2013\/12\/2013-12-07_070_5DmII.jpg 678w, https:\/\/www.escapades-photographiques.ch\/Site\/blog\/..\/blog.uploads\/2013\/12\/2013-12-07_070_5DmII-300x200.jpg 300w\" sizes=\"(max-width: 678px) 100vw, 678px\" \/><p id=\"caption-attachment-1940\" class=\"wp-caption-text\">Arbres gel\u00e9s sur le versant ouest du Mont d&rsquo;Or au coucher du soleil<\/p><\/div>\n<div id=\"attachment_1942\" style=\"width: 688px\" class=\"wp-caption alignnone\"><img aria-describedby=\"caption-attachment-1942\" decoding=\"async\" loading=\"lazy\" title=\"Arbres gel\u00e9s au coucher du soleil avec les aiguilles de Baulmes et le sommet du Suchet en arri\u00e8re plan\" src=\"\/\/www.escapades-photographiques.ch\/Site\/blog\/..\/blog.uploads\/2013\/12\/2013-12-07_098_5DmII.jpg\" alt=\"Arbres gel\u00e9s au coucher du soleil avec les aiguilles de Baulmes et le sommet du Suchet en arri\u00e8re plan\" width=\"678\" height=\"452\" class=\"size-full wp-image-1942\" srcset=\"https:\/\/www.escapades-photographiques.ch\/Site\/blog\/..\/blog.uploads\/2013\/12\/2013-12-07_098_5DmII.jpg 678w, https:\/\/www.escapades-photographiques.ch\/Site\/blog\/..\/blog.uploads\/2013\/12\/2013-12-07_098_5DmII-300x200.jpg 300w\" sizes=\"(max-width: 678px) 100vw, 678px\" \/><p id=\"caption-attachment-1942\" class=\"wp-caption-text\">Arbres gel\u00e9s au coucher du soleil avec les aiguilles de Baulmes et le sommet du Suchet en arri\u00e8re plan<\/p><\/div>\n<div id=\"attachment_1943\" style=\"width: 688px\" class=\"wp-caption alignnone\"><img aria-describedby=\"caption-attachment-1943\" decoding=\"async\" loading=\"lazy\" title=\"Arbre gel\u00e9 au coucher du soleil sur la cr\u00eate du Mont d&#039;Or\" src=\"\/\/www.escapades-photographiques.ch\/Site\/blog\/..\/blog.uploads\/2013\/12\/2013-12-07_102_5DmII.jpg\" alt=\"Arbre gel\u00e9 au coucher du soleil sur la cr\u00eate du Mont d&#039;Or\" width=\"678\" height=\"452\" class=\"size-full wp-image-1943\" srcset=\"https:\/\/www.escapades-photographiques.ch\/Site\/blog\/..\/blog.uploads\/2013\/12\/2013-12-07_102_5DmII.jpg 678w, https:\/\/www.escapades-photographiques.ch\/Site\/blog\/..\/blog.uploads\/2013\/12\/2013-12-07_102_5DmII-300x200.jpg 300w\" sizes=\"(max-width: 678px) 100vw, 678px\" \/><p id=\"caption-attachment-1943\" class=\"wp-caption-text\">Arbre gel\u00e9 au coucher du soleil sur la cr\u00eate du Mont d&rsquo;Or<\/p><\/div>\n<div id=\"attachment_1944\" style=\"width: 688px\" class=\"wp-caption alignnone\"><img aria-describedby=\"caption-attachment-1944\" decoding=\"async\" loading=\"lazy\" title=\"Cr\u00e9puscule en direction ouest\" src=\"\/\/www.escapades-photographiques.ch\/Site\/blog\/..\/blog.uploads\/2013\/12\/2013-12-07_162_5DmII.jpg\" alt=\"Cr\u00e9puscule en direction ouest\" width=\"678\" height=\"452\" class=\"size-full wp-image-1944\" srcset=\"https:\/\/www.escapades-photographiques.ch\/Site\/blog\/..\/blog.uploads\/2013\/12\/2013-12-07_162_5DmII.jpg 678w, https:\/\/www.escapades-photographiques.ch\/Site\/blog\/..\/blog.uploads\/2013\/12\/2013-12-07_162_5DmII-300x200.jpg 300w\" sizes=\"(max-width: 678px) 100vw, 678px\" \/><p id=\"caption-attachment-1944\" class=\"wp-caption-text\">Cr\u00e9puscule en direction ouest<\/p><\/div>\n<div id=\"attachment_1945\" style=\"width: 688px\" class=\"wp-caption alignnone\"><img aria-describedby=\"caption-attachment-1945\" decoding=\"async\" loading=\"lazy\" title=\"Cr\u00e9puscule en direction de la vall\u00e9e de Joux (sommet de la D\u00f4le visible au loin)\" src=\"\/\/www.escapades-photographiques.ch\/Site\/blog\/..\/blog.uploads\/2013\/12\/2013-12-07_175_5DmII.jpg\" alt=\"Cr\u00e9puscule en direction de la vall\u00e9e de Joux (sommet de la D\u00f4le visible au loin)\" width=\"678\" height=\"452\" class=\"size-full wp-image-1945\" srcset=\"https:\/\/www.escapades-photographiques.ch\/Site\/blog\/..\/blog.uploads\/2013\/12\/2013-12-07_175_5DmII.jpg 678w, https:\/\/www.escapades-photographiques.ch\/Site\/blog\/..\/blog.uploads\/2013\/12\/2013-12-07_175_5DmII-300x200.jpg 300w\" sizes=\"(max-width: 678px) 100vw, 678px\" \/><p id=\"caption-attachment-1945\" class=\"wp-caption-text\">Cr\u00e9puscule en direction de la vall\u00e9e de Joux (sommet de la D\u00f4le visible au loin)<\/p><\/div>\n<div id=\"attachment_1949\" style=\"width: 688px\" class=\"wp-caption alignnone\"><img aria-describedby=\"caption-attachment-1949\" decoding=\"async\" loading=\"lazy\" title=\"En direction du Suchet depuis le Mont d&#039;Or au cr\u00e9puscule\" src=\"\/\/www.escapades-photographiques.ch\/Site\/blog\/..\/blog.uploads\/2013\/12\/2013-12-07_150_5DmII-2013-12-07_153_5DmII_4-images.jpg\" alt=\"En direction du Suchet depuis le Mont d&#039;Or au cr\u00e9puscule\" width=\"678\" height=\"276\" class=\"size-full wp-image-1949\" srcset=\"https:\/\/www.escapades-photographiques.ch\/Site\/blog\/..\/blog.uploads\/2013\/12\/2013-12-07_150_5DmII-2013-12-07_153_5DmII_4-images.jpg 678w, https:\/\/www.escapades-photographiques.ch\/Site\/blog\/..\/blog.uploads\/2013\/12\/2013-12-07_150_5DmII-2013-12-07_153_5DmII_4-images-300x122.jpg 300w\" sizes=\"(max-width: 678px) 100vw, 678px\" \/><p id=\"caption-attachment-1949\" class=\"wp-caption-text\">En direction du Suchet depuis le Mont d&rsquo;Or au cr\u00e9puscule<\/p><\/div>\n<div id=\"attachment_1951\" style=\"width: 688px\" class=\"wp-caption alignnone\"><img aria-describedby=\"caption-attachment-1951\" decoding=\"async\" loading=\"lazy\" title=\"En direction des Alpes depuis le Mont d&#039;Or au cr\u00e9puscule\" src=\"\/\/www.escapades-photographiques.ch\/Site\/blog\/..\/blog.uploads\/2013\/12\/2013-12-07_168_5DmII-2013-12-07_169_5DmII_2-images.jpg\" alt=\"En direction des Alpes depuis le Mont d&#039;Or au cr\u00e9puscule\" width=\"678\" height=\"248\" class=\"size-full wp-image-1951\" srcset=\"https:\/\/www.escapades-photographiques.ch\/Site\/blog\/..\/blog.uploads\/2013\/12\/2013-12-07_168_5DmII-2013-12-07_169_5DmII_2-images.jpg 678w, https:\/\/www.escapades-photographiques.ch\/Site\/blog\/..\/blog.uploads\/2013\/12\/2013-12-07_168_5DmII-2013-12-07_169_5DmII_2-images-300x109.jpg 300w\" sizes=\"(max-width: 678px) 100vw, 678px\" \/><p id=\"caption-attachment-1951\" class=\"wp-caption-text\">En direction des Alpes depuis le Mont d&rsquo;Or au cr\u00e9puscule<\/p><\/div>\n<div id=\"attachment_1946\" style=\"width: 688px\" class=\"wp-caption alignnone\"><img aria-describedby=\"caption-attachment-1946\" decoding=\"async\" loading=\"lazy\" title=\"Arbuste solitaire au Mont d&#039;Or au cr\u00e9puscule\" src=\"\/\/www.escapades-photographiques.ch\/Site\/blog\/..\/blog.uploads\/2013\/12\/2013-12-07_179_5DmII.jpg\" alt=\"Arbuste solitaire au Mont d&#039;Or au cr\u00e9puscule\" width=\"678\" height=\"452\" class=\"size-full wp-image-1946\" srcset=\"https:\/\/www.escapades-photographiques.ch\/Site\/blog\/..\/blog.uploads\/2013\/12\/2013-12-07_179_5DmII.jpg 678w, https:\/\/www.escapades-photographiques.ch\/Site\/blog\/..\/blog.uploads\/2013\/12\/2013-12-07_179_5DmII-300x200.jpg 300w\" sizes=\"(max-width: 678px) 100vw, 678px\" \/><p id=\"caption-attachment-1946\" class=\"wp-caption-text\">Arbuste solitaire au Mont d&rsquo;Or au cr\u00e9puscule<\/p><\/div>\n<p><strong>Animations panoramiques<\/strong><\/p>\n\n<!-- PanoPress [1.0] -->\n<p style=\"font-size: 12px;\" id=\"pp_353025_explain\"><code><em>Note: aucune animation panoramique possible car Javascript n'est pas activ\u00e9. Veuillez l'activer pour afficher les animations.<\/em><\/code><\/p>\n<div class=\"pp-embed\" id=\"pp_353025_embed\"><img src=\"\/\/www.escapades-photographiques.ch\/Site\/blog\/..\/blog.uploads\/panoramics\/%5B2013-12-07_034_5DmII%5D-%5B2013-12-07_036_5DmII%5D_(3%20images)\/image_blog\/%5B2013-12-07_034_5DmII%5D-%5B2013-12-07_036_5DmII%5D_(3%20images).jpg\" alt=\"Animation panoramique\" title=\"Panoramique depuis le versant ouest du Mont d'Or\" class=\"aligncenter size-full\" \/><\/div>\n<script type=\"text\/javascript\">\n  jQuery( function() { pano_display.pano_embed( {\"explain\":true,\"id\":\"pp_353025\",\"obj_panopress\":{\"id\":\"pp_353025\",\"type\":\"html\",\"version\":\"4.0\",\"viewer\":null,\"width\":\"690\",\"height\":\"460\",\"title\":\"Panoramique depuis le versant ouest du Mont d'Or\",\"alt\":null,\"button\":true,\"panobox\":false,\"preview\":\"\",\"file\":\"\/\/www.escapades-photographiques.ch\/Site\/blog\/..\/blog.uploads\/panoramics\/%5B2013-12-07_034_5DmII%5D-%5B2013-12-07_036_5DmII%5D_(3%20images)\/%5B2013-12-07_034_5DmII%5D-%5B2013-12-07_036_5DmII%5D_(3%20images).html\",\"button_img\":\"\/\/www.escapades-photographiques.ch\/Site\/blog\/..\/blog.uploads\/panoramics\/%5B2013-12-07_034_5DmII%5D-%5B2013-12-07_036_5DmII%5D_(3%20images)\/image_blog\/%5B2013-12-07_034_5DmII%5D-%5B2013-12-07_036_5DmII%5D_(3%20images).play.jpg\",\"params\":{\"base\":\"\/\/www.escapades-photographiques.ch\/Site\/blog\/..\/blog.uploads\/panoramics\/%5B2013-12-07_034_5DmII%5D-%5B2013-12-07_036_5DmII%5D_(3%20images)\/\"}},\"panobox\":false,\"settings_alt\":null,\"settings_preview\":\"\",\"width\":\"690\",\"height\":\"460\"}); } );\n<\/script>\n<p style=\"text-align: center;padding-top: 8px;\">Panoramique depuis le versant ouest du Mont d'Or<\/p>\n<!-- \/PanoPress -->\n\n\n<!-- PanoPress [1.0] -->\n<div class=\"pp-embed\" id=\"pp_352897_embed\"><img src=\"\/\/www.escapades-photographiques.ch\/Site\/blog\/..\/blog.uploads\/panoramics\/%5B2013-12-07_076_5DmII%5D-%5B2013-12-07_079_5DmII%5D_(4%20images)\/image_blog\/%5B2013-12-07_076_5DmII%5D-%5B2013-12-07_079_5DmII%5D_(4%20images).jpg\" alt=\"Animation panoramique\" title=\"Panoramique depuis le versant ouest du Mont d'Or au coucher du soleil\" class=\"aligncenter size-full\" \/><\/div>\n<script type=\"text\/javascript\">\n  jQuery( function() { pano_display.pano_embed( {\"explain\":null,\"id\":\"pp_352897\",\"obj_panopress\":{\"id\":\"pp_352897\",\"type\":\"html\",\"version\":\"4.0\",\"viewer\":null,\"width\":\"690\",\"height\":\"460\",\"title\":\"Panoramique depuis le versant ouest du Mont d'Or au coucher du soleil\",\"alt\":null,\"button\":true,\"panobox\":false,\"preview\":\"\",\"file\":\"\/\/www.escapades-photographiques.ch\/Site\/blog\/..\/blog.uploads\/panoramics\/%5B2013-12-07_076_5DmII%5D-%5B2013-12-07_079_5DmII%5D_(4%20images)\/%5B2013-12-07_076_5DmII%5D-%5B2013-12-07_079_5DmII%5D_(4%20images).html\",\"button_img\":\"\/\/www.escapades-photographiques.ch\/Site\/blog\/..\/blog.uploads\/panoramics\/%5B2013-12-07_076_5DmII%5D-%5B2013-12-07_079_5DmII%5D_(4%20images)\/image_blog\/%5B2013-12-07_076_5DmII%5D-%5B2013-12-07_079_5DmII%5D_(4%20images).play.jpg\",\"params\":{\"base\":\"\/\/www.escapades-photographiques.ch\/Site\/blog\/..\/blog.uploads\/panoramics\/%5B2013-12-07_076_5DmII%5D-%5B2013-12-07_079_5DmII%5D_(4%20images)\/\"}},\"panobox\":false,\"settings_alt\":null,\"settings_preview\":\"\",\"width\":\"690\",\"height\":\"460\"}); } );\n<\/script>\n<p style=\"text-align: center;padding-top: 8px;\">Panoramique depuis le versant ouest du Mont d'Or au coucher du soleil<\/p>\n<!-- \/PanoPress -->\n\n\n<!-- PanoPress [1.0] -->\n<div class=\"pp-embed\" id=\"pp_257910_embed\"><img src=\"\/\/www.escapades-photographiques.ch\/Site\/blog\/..\/blog.uploads\/panoramics\/%5B2013-12-07_127_5DmII%5D-%5B2013-12-07_142_5DmII%5D_(16%20images)\/image_blog\/%5B2013-12-07_127_5DmII%5D-%5B2013-12-07_142_5DmII%5D_(16%20images).jpg\" alt=\"Animation panoramique\" title=\"Cr\u00e9puscule depuis le Mont d'Or sur le plateau vaudois et vue en arri\u00e8re plan sur les Alpes bernoises, fribourgeoises, vaudoises, valaisannes et savoyardes\" class=\"aligncenter size-full\" \/><\/div>\n<script type=\"text\/javascript\">\n  jQuery( function() { pano_display.pano_embed( {\"explain\":null,\"id\":\"pp_257910\",\"obj_panopress\":{\"id\":\"pp_257910\",\"type\":\"html\",\"version\":\"4.0\",\"viewer\":null,\"width\":\"690\",\"height\":\"460\",\"title\":\"Cr\\u00e9puscule depuis le Mont d'Or sur le plateau vaudois et vue en arri\\u00e8re plan sur les Alpes bernoises, fribourgeoises, vaudoises, valaisannes et savoyardes\",\"alt\":null,\"button\":true,\"panobox\":false,\"preview\":\"\",\"file\":\"\/\/www.escapades-photographiques.ch\/Site\/blog\/..\/blog.uploads\/panoramics\/%5B2013-12-07_127_5DmII%5D-%5B2013-12-07_142_5DmII%5D_(16%20images)\/%5B2013-12-07_127_5DmII%5D-%5B2013-12-07_142_5DmII%5D_(16%20images).html\",\"button_img\":\"\/\/www.escapades-photographiques.ch\/Site\/blog\/..\/blog.uploads\/panoramics\/%5B2013-12-07_127_5DmII%5D-%5B2013-12-07_142_5DmII%5D_(16%20images)\/image_blog\/%5B2013-12-07_127_5DmII%5D-%5B2013-12-07_142_5DmII%5D_(16%20images).play.jpg\",\"params\":{\"base\":\"\/\/www.escapades-photographiques.ch\/Site\/blog\/..\/blog.uploads\/panoramics\/%5B2013-12-07_127_5DmII%5D-%5B2013-12-07_142_5DmII%5D_(16%20images)\/\"}},\"panobox\":false,\"settings_alt\":null,\"settings_preview\":\"\",\"width\":\"690\",\"height\":\"460\"}); } );\n<\/script>\n<p style=\"text-align: center;padding-top: 8px;\">Cr\u00e9puscule depuis le Mont d'Or sur le plateau vaudois et vue en arri\u00e8re plan sur les Alpes bernoises, fribourgeoises, vaudoises, valaisannes et savoyardes<\/p>\n<!-- \/PanoPress -->\n\n\n<!-- PanoPress [1.0] -->\n<div class=\"pp-embed\" id=\"pp_227206_embed\"><img src=\"\/\/www.escapades-photographiques.ch\/Site\/blog\/..\/blog.uploads\/panoramics\/%5B2013-12-07_164_5DmII%5D-%5B2013-12-07_167_5DmII%5D_(4%20images)\/image_blog\/%5B2013-12-07_164_5DmII%5D-%5B2013-12-07_167_5DmII%5D_(4%20images).jpg\" alt=\"Animation panoramique\" title=\"Cr\u00e9puscule depuis le Mont d'Or sur les Alpes (de gauche \u00e0 droite: Dent de Morcles, Grand-Combin, Dents-du-Midi, Aiguille Verte, Grandes Jorasses, Aiguilles de Chamonix, Mont-Blanc, cha\u00eene des Aravis (pointe Perc\u00e9e), Dent de Vaulion, Mont Tendre, vall\u00e9e de Joux et sommet de la D\u00f4le)\" class=\"aligncenter size-full\" \/><\/div>\n<script type=\"text\/javascript\">\n  jQuery( function() { pano_display.pano_embed( {\"explain\":null,\"id\":\"pp_227206\",\"obj_panopress\":{\"id\":\"pp_227206\",\"type\":\"html\",\"version\":\"4.0\",\"viewer\":null,\"width\":\"690\",\"height\":\"460\",\"title\":\"Cr\\u00e9puscule depuis le Mont d'Or sur les Alpes (de gauche \\u00e0 droite: Dent de Morcles, Grand-Combin, Dents-du-Midi, Aiguille Verte, Grandes Jorasses, Aiguilles de Chamonix, Mont-Blanc, cha\\u00eene des Aravis (pointe Perc\\u00e9e), Dent de Vaulion, Mont Tendre, vall\\u00e9e de Joux et sommet de la D\\u00f4le)\",\"alt\":\"Cr\\u00e9puscule depuis le Mont d'Or sur les Alpes\",\"button\":true,\"panobox\":false,\"preview\":\"\",\"file\":\"\/\/www.escapades-photographiques.ch\/Site\/blog\/..\/blog.uploads\/panoramics\/%5B2013-12-07_164_5DmII%5D-%5B2013-12-07_167_5DmII%5D_(4%20images)\/%5B2013-12-07_164_5DmII%5D-%5B2013-12-07_167_5DmII%5D_(4%20images).html\",\"button_img\":\"\/\/www.escapades-photographiques.ch\/Site\/blog\/..\/blog.uploads\/panoramics\/%5B2013-12-07_164_5DmII%5D-%5B2013-12-07_167_5DmII%5D_(4%20images)\/image_blog\/%5B2013-12-07_164_5DmII%5D-%5B2013-12-07_167_5DmII%5D_(4%20images).play.jpg\",\"params\":{\"base\":\"\/\/www.escapades-photographiques.ch\/Site\/blog\/..\/blog.uploads\/panoramics\/%5B2013-12-07_164_5DmII%5D-%5B2013-12-07_167_5DmII%5D_(4%20images)\/\"}},\"panobox\":false,\"settings_alt\":\"Cr\\u00e9puscule depuis le Mont d'Or sur les Alpes\",\"settings_preview\":\"\",\"width\":\"690\",\"height\":\"460\"}); } );\n<\/script>\n<p style=\"text-align: center;padding-top: 8px;\">Cr\u00e9puscule depuis le Mont d'Or sur les Alpes (de gauche \u00e0 droite: Dent de Morcles, Grand-Combin, Dents-du-Midi, Aiguille Verte, Grandes Jorasses, Aiguilles de Chamonix, Mont-Blanc, cha\u00eene des Aravis (pointe Perc\u00e9e), Dent de Vaulion, Mont Tendre, vall\u00e9e de Joux et sommet de la D\u00f4le)<\/p>\n<!-- \/PanoPress -->\n\n<p><br style=\"clear: both;\" \/><br \/>\n<strong>Ballade sur les rives du lac de Joux (8 d\u00e9cembre 2013)<\/strong><\/p>\n<p>Ballade dans l&rsquo;apr\u00e8s-midi le long de la rive gauche du lac de Joux entre le Pont et le Sentier suivi d&rsquo;un magnifique cr\u00e9puscule \u00ab\u00a0glacial\u00a0\u00bb vers l&rsquo;Arcadie-La Golisse. Le bout du lac (vers le Sentier) commen\u00e7ait \u00e0 geler.<\/p>\n<div id=\"attachment_1950\" style=\"width: 688px\" class=\"wp-caption alignnone\"><img aria-describedby=\"caption-attachment-1950\" decoding=\"async\" loading=\"lazy\" title=\"Panoramique pris en direction de la Dent de Vaulion et le Pont depuis la rive gauche du lac de Joux\" src=\"\/\/www.escapades-photographiques.ch\/Site\/blog\/..\/blog.uploads\/2013\/12\/2013-12-08_025_5DmII-2013-12-08_026_5DmII_2-images.jpg\" alt=\"Panoramique pris en direction de la Dent de Vaulion et le Pont depuis la rive gauche du lac de Joux\" width=\"678\" height=\"256\" class=\"size-full wp-image-1950\" srcset=\"https:\/\/www.escapades-photographiques.ch\/Site\/blog\/..\/blog.uploads\/2013\/12\/2013-12-08_025_5DmII-2013-12-08_026_5DmII_2-images.jpg 678w, https:\/\/www.escapades-photographiques.ch\/Site\/blog\/..\/blog.uploads\/2013\/12\/2013-12-08_025_5DmII-2013-12-08_026_5DmII_2-images-300x113.jpg 300w\" sizes=\"(max-width: 678px) 100vw, 678px\" \/><p id=\"caption-attachment-1950\" class=\"wp-caption-text\">Panoramique pris en direction de la Dent de Vaulion et le Pont depuis la rive gauche du lac de Joux<\/p><\/div>\n<div id=\"attachment_1947\" style=\"width: 688px\" class=\"wp-caption alignnone\"><img aria-describedby=\"caption-attachment-1947\" decoding=\"async\" loading=\"lazy\" title=\"Lac de Joux et Dent de Vaulion au cr\u00e9puscule (pris vers l&#039;Arcadie)\" src=\"\/\/www.escapades-photographiques.ch\/Site\/blog\/..\/blog.uploads\/2013\/12\/2013-12-08_061_5DmII.jpg\" alt=\"Lac de Joux et Dent de Vaulion au cr\u00e9puscule (pris vers l&#039;Arcadie)\" width=\"678\" height=\"452\" class=\"size-full wp-image-1947\" srcset=\"https:\/\/www.escapades-photographiques.ch\/Site\/blog\/..\/blog.uploads\/2013\/12\/2013-12-08_061_5DmII.jpg 678w, https:\/\/www.escapades-photographiques.ch\/Site\/blog\/..\/blog.uploads\/2013\/12\/2013-12-08_061_5DmII-300x200.jpg 300w\" sizes=\"(max-width: 678px) 100vw, 678px\" \/><p id=\"caption-attachment-1947\" class=\"wp-caption-text\">Lac de Joux et Dent de Vaulion au cr\u00e9puscule (pris vers l&rsquo;Arcadie)<\/p><\/div>\n<div id=\"attachment_1953\" style=\"width: 688px\" class=\"wp-caption alignnone\"><img aria-describedby=\"caption-attachment-1953\" decoding=\"async\" loading=\"lazy\" title=\"Panoramique cr\u00e9pusculaire pris vers l&#039;Arcadie sur le lac de Joux et la Dent de Vaulion\" src=\"\/\/www.escapades-photographiques.ch\/Site\/blog\/..\/blog.uploads\/2013\/12\/2013-12-08_061_5DmII-2013-12-08_062_5DmII_2-images.jpg\" alt=\"Panoramique cr\u00e9pusculaire pris vers l&#039;Arcadie sur le lac de Joux et la Dent de Vaulion\" width=\"678\" height=\"257\" class=\"size-full wp-image-1953\" srcset=\"https:\/\/www.escapades-photographiques.ch\/Site\/blog\/..\/blog.uploads\/2013\/12\/2013-12-08_061_5DmII-2013-12-08_062_5DmII_2-images.jpg 678w, https:\/\/www.escapades-photographiques.ch\/Site\/blog\/..\/blog.uploads\/2013\/12\/2013-12-08_061_5DmII-2013-12-08_062_5DmII_2-images-300x113.jpg 300w\" sizes=\"(max-width: 678px) 100vw, 678px\" \/><p id=\"caption-attachment-1953\" class=\"wp-caption-text\">Panoramique cr\u00e9pusculaire pris vers l&rsquo;Arcadie sur le lac de Joux et la Dent de Vaulion<\/p><\/div>\n<p><strong>Animation panoramique<\/strong><\/p>\n\n<!-- PanoPress [1.0] -->\n<p style=\"font-size: 12px;\" id=\"pp_674232_explain\"><code><em>Note: aucune animation panoramique possible car Javascript n'est pas activ\u00e9. Veuillez l'activer pour afficher les animations.<\/em><\/code><\/p>\n<div class=\"pp-embed\" id=\"pp_674232_embed\"><img src=\"\/\/www.escapades-photographiques.ch\/Site\/blog\/..\/blog.uploads\/panoramics\/%5B2013-12-08_002_5DmII%5D-%5B2013-12-08_004_5DmII%5D_(3%20images)\/image_blog\/%5B2013-12-08_002_5DmII%5D-%5B2013-12-08_004_5DmII%5D_(3%20images).jpg\" alt=\"Animation panoramique\" title=\"Village du Pont au bord du lac de Joux dans le Jura vaudois\" class=\"aligncenter size-full\" \/><\/div>\n<script type=\"text\/javascript\">\n  jQuery( function() { pano_display.pano_embed( {\"explain\":true,\"id\":\"pp_674232\",\"obj_panopress\":{\"id\":\"pp_674232\",\"type\":\"html\",\"version\":\"4.0\",\"viewer\":null,\"width\":\"690\",\"height\":\"460\",\"title\":\"Village du Pont au bord du lac de Joux dans le Jura vaudois\",\"alt\":null,\"button\":true,\"panobox\":false,\"preview\":\"\",\"file\":\"\/\/www.escapades-photographiques.ch\/Site\/blog\/..\/blog.uploads\/panoramics\/%5B2013-12-08_002_5DmII%5D-%5B2013-12-08_004_5DmII%5D_(3%20images)\/%5B2013-12-08_002_5DmII%5D-%5B2013-12-08_004_5DmII%5D_(3%20images).html\",\"button_img\":\"\/\/www.escapades-photographiques.ch\/Site\/blog\/..\/blog.uploads\/panoramics\/%5B2013-12-08_002_5DmII%5D-%5B2013-12-08_004_5DmII%5D_(3%20images)\/image_blog\/%5B2013-12-08_002_5DmII%5D-%5B2013-12-08_004_5DmII%5D_(3%20images).play.jpg\",\"params\":{\"base\":\"\/\/www.escapades-photographiques.ch\/Site\/blog\/..\/blog.uploads\/panoramics\/%5B2013-12-08_002_5DmII%5D-%5B2013-12-08_004_5DmII%5D_(3%20images)\/\"}},\"panobox\":false,\"settings_alt\":null,\"settings_preview\":\"\",\"width\":\"690\",\"height\":\"460\"}); } );\n<\/script>\n<p style=\"text-align: center;padding-top: 8px;\">Village du Pont au bord du lac de Joux dans le Jura vaudois<\/p>\n<!-- \/PanoPress -->\n\n","protected":false},"excerpt":{"rendered":"<p>S\u00e9rie de clich\u00e9s pris depuis les cr\u00eates du Mont d&rsquo;Or (7 d\u00e9cembre 2013) Conditions anticycloniques avec une m\u00e9t\u00e9o magnifique tant en plaine &#8211; ce qui est rare \u00e0 cette saison \u00e0 cause des brouillards bas &#8211; que sur les sommets du Jura o\u00f9 il faisait assez froid le tout agr\u00e9ment\u00e9 d&rsquo;une petite bise habituelle et <a href='https:\/\/www.escapades-photographiques.ch\/Site\/blog\/2013\/randonnee\/mont-dor-et-lac-de-joux-au-debut-de-lhiver\/' class='excerpt-more'>[&#8230;]<\/a><\/p>\n","protected":false},"author":1,"featured_media":0,"comment_status":"open","ping_status":"open","sticky":false,"template":"","format":"standard","meta":{"footnotes":""},"categories":[204],"tags":[338,243,333,340,336,335,337,332,339,334],"_links":{"self":[{"href":"https:\/\/www.escapades-photographiques.ch\/Site\/blog\/wp-json\/wp\/v2\/posts\/1925"}],"collection":[{"href":"https:\/\/www.escapades-photographiques.ch\/Site\/blog\/wp-json\/wp\/v2\/posts"}],"about":[{"href":"https:\/\/www.escapades-photographiques.ch\/Site\/blog\/wp-json\/wp\/v2\/types\/post"}],"author":[{"embeddable":true,"href":"https:\/\/www.escapades-photographiques.ch\/Site\/blog\/wp-json\/wp\/v2\/users\/1"}],"replies":[{"embeddable":true,"href":"https:\/\/www.escapades-photographiques.ch\/Site\/blog\/wp-json\/wp\/v2\/comments?post=1925"}],"version-history":[{"count":45,"href":"https:\/\/www.escapades-photographiques.ch\/Site\/blog\/wp-json\/wp\/v2\/posts\/1925\/revisions"}],"predecessor-version":[{"id":2245,"href":"https:\/\/www.escapades-photographiques.ch\/Site\/blog\/wp-json\/wp\/v2\/posts\/1925\/revisions\/2245"}],"wp:attachment":[{"href":"https:\/\/www.escapades-photographiques.ch\/Site\/blog\/wp-json\/wp\/v2\/media?parent=1925"}],"wp:term":[{"taxonomy":"category","embeddable":true,"href":"https:\/\/www.escapades-photographiques.ch\/Site\/blog\/wp-json\/wp\/v2\/categories?post=1925"},{"taxonomy":"post_tag","embeddable":true,"href":"https:\/\/www.escapades-photographiques.ch\/Site\/blog\/wp-json\/wp\/v2\/tags?post=1925"}],"curies":[{"name":"wp","href":"https:\/\/api.w.org\/{rel}","templated":true}]}}