{"id":1993,"date":"2014-01-04T13:07:38","date_gmt":"2014-01-04T12:07:38","guid":{"rendered":"http:\/\/www.escapades-photographiques.ch\/Site\/blog\/?p=1993"},"modified":"2014-03-15T09:18:12","modified_gmt":"2014-03-15T08:18:12","slug":"itineraires-nomades-kirghizstan","status":"publish","type":"post","link":"https:\/\/www.escapades-photographiques.ch\/Site\/blog\/2014\/actualite\/itineraires-nomades-kirghizstan\/","title":{"rendered":"Itin\u00e9raires nomades, Kirghizstan"},"content":{"rendered":"<p>Un nouvel album photo a \u00e9t\u00e9 ajout\u00e9 dans la rubrique &laquo;&nbsp;<a href=\"\/Voyages_reportages\/Menu\" target=\"_blank\">Reportages photographiques<\/a>&nbsp;&raquo;.<br \/>\nIntitul\u00e9, &laquo;&nbsp;<a href=\"\/Voyages_reportages\/Kirghizstan_2013\" target=\"_blank\">Itin\u00e9raires nomades, Kirghizstan<\/a>&nbsp;&raquo;, c&rsquo;est le carnet de voyage d&rsquo;un trek effectu\u00e9 au Kirghizstan &#8211; pays d&rsquo;Asie centrale &#8211; au d\u00e9but du mois de septembre 2013. <\/p>\n<p>Bonne visite et excellente nouvelle ann\u00e9e 2014.<\/p>\n<p>Alexandre.<\/p>\n<div id=\"attachment_1994\" style=\"width: 688px\" class=\"wp-caption alignnone\"><a href=\"\/Voyages_reportages\/Kirghizstan_2013\" target=\"_blank\"><img aria-describedby=\"caption-attachment-1994\" decoding=\"async\" loading=\"lazy\" title=\"P\u00e2turages du jailoo de Sarlysaz et arc-en-ciel\" src=\"\/Site\/blog\/..\/blog.uploads\/2014\/01\/2013-09-04_129_5DmII-2013-09-04_132_5DmII_4-images.jpg\" alt=\"P\u00e2turages du jailoo de Sarlysaz et arc-en-ciel\" width=\"678\" height=\"204\" class=\"size-full wp-image-1994\" srcset=\"https:\/\/www.escapades-photographiques.ch\/Site\/blog\/..\/blog.uploads\/2014\/01\/2013-09-04_129_5DmII-2013-09-04_132_5DmII_4-images.jpg 678w, https:\/\/www.escapades-photographiques.ch\/Site\/blog\/..\/blog.uploads\/2014\/01\/2013-09-04_129_5DmII-2013-09-04_132_5DmII_4-images-300x90.jpg 300w\" sizes=\"(max-width: 678px) 100vw, 678px\" \/><\/a><p id=\"caption-attachment-1994\" class=\"wp-caption-text\">P\u00e2turages du jailoo de Sarlysaz et arc-en-ciel<\/p><\/div>\n","protected":false},"excerpt":{"rendered":"<p>Un nouvel album photo a \u00e9t\u00e9 ajout\u00e9 dans la rubrique &laquo;&nbsp;Reportages photographiques&nbsp;&raquo;. Intitul\u00e9, &laquo;&nbsp;Itin\u00e9raires nomades, Kirghizstan&nbsp;&raquo;, c&rsquo;est le carnet de voyage d&rsquo;un trek effectu\u00e9 au Kirghizstan &#8211; pays d&rsquo;Asie centrale &#8211; au d\u00e9but du mois de septembre 2013. Bonne visite et excellente nouvelle ann\u00e9e 2014. Alexandre.<\/p>\n","protected":false},"author":1,"featured_media":0,"comment_status":"open","ping_status":"open","sticky":false,"template":"","format":"standard","meta":{"footnotes":""},"categories":[1,204],"tags":[349,342,350,358,343,360,345,352,351,341,353,344,346,347,348,354,356,355,359,357],"_links":{"self":[{"href":"https:\/\/www.escapades-photographiques.ch\/Site\/blog\/wp-json\/wp\/v2\/posts\/1993"}],"collection":[{"href":"https:\/\/www.escapades-photographiques.ch\/Site\/blog\/wp-json\/wp\/v2\/posts"}],"about":[{"href":"https:\/\/www.escapades-photographiques.ch\/Site\/blog\/wp-json\/wp\/v2\/types\/post"}],"author":[{"embeddable":true,"href":"https:\/\/www.escapades-photographiques.ch\/Site\/blog\/wp-json\/wp\/v2\/users\/1"}],"replies":[{"embeddable":true,"href":"https:\/\/www.escapades-photographiques.ch\/Site\/blog\/wp-json\/wp\/v2\/comments?post=1993"}],"version-history":[{"count":8,"href":"https:\/\/www.escapades-photographiques.ch\/Site\/blog\/wp-json\/wp\/v2\/posts\/1993\/revisions"}],"predecessor-version":[{"id":2002,"href":"https:\/\/www.escapades-photographiques.ch\/Site\/blog\/wp-json\/wp\/v2\/posts\/1993\/revisions\/2002"}],"wp:attachment":[{"href":"https:\/\/www.escapades-photographiques.ch\/Site\/blog\/wp-json\/wp\/v2\/media?parent=1993"}],"wp:term":[{"taxonomy":"category","embeddable":true,"href":"https:\/\/www.escapades-photographiques.ch\/Site\/blog\/wp-json\/wp\/v2\/categories?post=1993"},{"taxonomy":"post_tag","embeddable":true,"href":"https:\/\/www.escapades-photographiques.ch\/Site\/blog\/wp-json\/wp\/v2\/tags?post=1993"}],"curies":[{"name":"wp","href":"https:\/\/api.w.org\/{rel}","templated":true}]}}