{"id":2044,"date":"2014-04-26T08:30:37","date_gmt":"2014-04-26T07:30:37","guid":{"rendered":"http:\/\/www.escapades-photographiques.ch\/Site\/blog\/?p=2044"},"modified":"2014-04-26T08:30:37","modified_gmt":"2014-04-26T07:30:37","slug":"florilege-du-mois-davril-2014","status":"publish","type":"post","link":"https:\/\/www.escapades-photographiques.ch\/Site\/blog\/2014\/flore\/florilege-du-mois-davril-2014\/","title":{"rendered":"Floril\u00e8ge du mois d&rsquo;avril"},"content":{"rendered":"<p>Petite s\u00e9lection de la flore observ\u00e9e durant le mois d&rsquo;avril. La flore est en avance par rapport au printemps 2013 (10-15 jours).<\/p>\n<p><strong>Les Follat\u00e8res (Valais suisse), le 6 avril<\/strong><\/p>\n<div id=\"attachment_2017\" style=\"width: 688px\" class=\"wp-caption alignnone\"><img aria-describedby=\"caption-attachment-2017\" decoding=\"async\" loading=\"lazy\" title=\"Pulsatilla montana (Pulsatille des montagnes)\" src=\"\/\/www.escapades-photographiques.ch\/Site\/blog\/..\/blog.uploads\/2014\/04\/2014-04-06_043_5DmII.jpg\" alt=\"Pulsatilla montana (Pulsatille des montagnes)\" width=\"678\" height=\"452\" class=\"size-full wp-image-2017\" srcset=\"https:\/\/www.escapades-photographiques.ch\/Site\/blog\/..\/blog.uploads\/2014\/04\/2014-04-06_043_5DmII.jpg 678w, https:\/\/www.escapades-photographiques.ch\/Site\/blog\/..\/blog.uploads\/2014\/04\/2014-04-06_043_5DmII-300x200.jpg 300w\" sizes=\"(max-width: 678px) 100vw, 678px\" \/><p id=\"caption-attachment-2017\" class=\"wp-caption-text\">Pulsatilla montana (Pulsatille des montagnes)<\/p><\/div>\n<div id=\"attachment_2018\" style=\"width: 688px\" class=\"wp-caption alignnone\"><img aria-describedby=\"caption-attachment-2018\" decoding=\"async\" loading=\"lazy\" title=\"Adonis vernalis (Adonis du printemps)\" src=\"\/\/www.escapades-photographiques.ch\/Site\/blog\/..\/blog.uploads\/2014\/04\/2014-04-06_058_5DmII.jpg\" alt=\"Adonis vernalis (Adonis du printemps)\" width=\"678\" height=\"452\" class=\"size-full wp-image-2018\" srcset=\"https:\/\/www.escapades-photographiques.ch\/Site\/blog\/..\/blog.uploads\/2014\/04\/2014-04-06_058_5DmII.jpg 678w, https:\/\/www.escapades-photographiques.ch\/Site\/blog\/..\/blog.uploads\/2014\/04\/2014-04-06_058_5DmII-300x200.jpg 300w\" sizes=\"(max-width: 678px) 100vw, 678px\" \/><p id=\"caption-attachment-2018\" class=\"wp-caption-text\">Adonis vernalis (Adonis du printemps)<\/p><\/div>\n<div id=\"attachment_2043\" style=\"width: 688px\" class=\"wp-caption alignnone\"><img aria-describedby=\"caption-attachment-2043\" decoding=\"async\" loading=\"lazy\" title=\"Adonis vernalis (Adonis du printemps) \u2013 d\u00e9tail\" src=\"\/\/www.escapades-photographiques.ch\/Site\/blog\/..\/blog.uploads\/2014\/04\/2014-04-06_065_5DmII.jpg\" alt=\"Adonis vernalis (Adonis du printemps) \u2013 d\u00e9tail\" width=\"678\" height=\"452\" class=\"size-full wp-image-2043\" srcset=\"https:\/\/www.escapades-photographiques.ch\/Site\/blog\/..\/blog.uploads\/2014\/04\/2014-04-06_065_5DmII.jpg 678w, https:\/\/www.escapades-photographiques.ch\/Site\/blog\/..\/blog.uploads\/2014\/04\/2014-04-06_065_5DmII-300x200.jpg 300w\" sizes=\"(max-width: 678px) 100vw, 678px\" \/><p id=\"caption-attachment-2043\" class=\"wp-caption-text\">Adonis vernalis (Adonis du printemps) \u2013 d\u00e9tail<\/p><\/div>\n<div id=\"attachment_2019\" style=\"width: 327px\" class=\"wp-caption alignleft\"><img aria-describedby=\"caption-attachment-2019\" decoding=\"async\" loading=\"lazy\" title=\"Orchis pallens (Orchis p\u00e2le)\" src=\"\/\/www.escapades-photographiques.ch\/Site\/blog\/..\/blog.uploads\/2014\/04\/2014-04-06_089_5DmII.jpg\" alt=\"Orchis pallens (Orchis p\u00e2le)\" width=\"317\" height=\"476\" class=\"size-full wp-image-2019\" srcset=\"https:\/\/www.escapades-photographiques.ch\/Site\/blog\/..\/blog.uploads\/2014\/04\/2014-04-06_089_5DmII.jpg 317w, https:\/\/www.escapades-photographiques.ch\/Site\/blog\/..\/blog.uploads\/2014\/04\/2014-04-06_089_5DmII-199x300.jpg 199w\" sizes=\"(max-width: 317px) 100vw, 317px\" \/><p id=\"caption-attachment-2019\" class=\"wp-caption-text\">Orchis pallens (Orchis p\u00e2le)<\/p><\/div>\n<div id=\"attachment_2020\" style=\"width: 327px\" class=\"wp-caption alignleft\"><img aria-describedby=\"caption-attachment-2020\" decoding=\"async\" loading=\"lazy\" title=\"Orchis pallens (Orchis p\u00e2le) d\u00e9butant\" src=\"\/\/www.escapades-photographiques.ch\/Site\/blog\/..\/blog.uploads\/2014\/04\/2014-04-06_102_5DmII.jpg\" alt=\"Orchis pallens (Orchis p\u00e2le) d\u00e9butant\" width=\"317\" height=\"476\" class=\"size-full wp-image-2020\" srcset=\"https:\/\/www.escapades-photographiques.ch\/Site\/blog\/..\/blog.uploads\/2014\/04\/2014-04-06_102_5DmII.jpg 317w, https:\/\/www.escapades-photographiques.ch\/Site\/blog\/..\/blog.uploads\/2014\/04\/2014-04-06_102_5DmII-199x300.jpg 199w\" sizes=\"(max-width: 317px) 100vw, 317px\" \/><p id=\"caption-attachment-2020\" class=\"wp-caption-text\">Orchis pallens (Orchis p\u00e2le) d\u00e9butant<\/p><\/div>\n<p><br style=\"clear: both;\" \/><br \/>\n<strong>Chablais vaudois, le 6 avril<\/strong><\/p>\n<div id=\"attachment_2021\" style=\"width: 327px\" class=\"wp-caption alignleft\"><img aria-describedby=\"caption-attachment-2021\" decoding=\"async\" loading=\"lazy\" title=\"Ophrys sphegodes (Ophrys araign\u00e9e)\" src=\"\/\/www.escapades-photographiques.ch\/Site\/blog\/..\/blog.uploads\/2014\/04\/2014-04-06_129_5DmII.jpg\" alt=\"Ophrys sphegodes (Ophrys araign\u00e9e)\" width=\"317\" height=\"476\" class=\"size-full wp-image-2021\" srcset=\"https:\/\/www.escapades-photographiques.ch\/Site\/blog\/..\/blog.uploads\/2014\/04\/2014-04-06_129_5DmII.jpg 317w, https:\/\/www.escapades-photographiques.ch\/Site\/blog\/..\/blog.uploads\/2014\/04\/2014-04-06_129_5DmII-199x300.jpg 199w\" sizes=\"(max-width: 317px) 100vw, 317px\" \/><p id=\"caption-attachment-2021\" class=\"wp-caption-text\">Ophrys sphegodes (Ophrys araign\u00e9e)<\/p><\/div>\n<div id=\"attachment_2023\" style=\"width: 327px\" class=\"wp-caption alignleft\"><img aria-describedby=\"caption-attachment-2023\" decoding=\"async\" loading=\"lazy\" title=\"Ophrys sphegodes (Ophrys araign\u00e9e)\" src=\"\/\/www.escapades-photographiques.ch\/Site\/blog\/..\/blog.uploads\/2014\/04\/2014-04-06_159_5DmII.jpg\" alt=\"Ophrys sphegodes (Ophrys araign\u00e9e)\" width=\"317\" height=\"476\" class=\"size-full wp-image-2023\" srcset=\"https:\/\/www.escapades-photographiques.ch\/Site\/blog\/..\/blog.uploads\/2014\/04\/2014-04-06_159_5DmII.jpg 317w, https:\/\/www.escapades-photographiques.ch\/Site\/blog\/..\/blog.uploads\/2014\/04\/2014-04-06_159_5DmII-199x300.jpg 199w\" sizes=\"(max-width: 317px) 100vw, 317px\" \/><p id=\"caption-attachment-2023\" class=\"wp-caption-text\">Ophrys sphegodes (Ophrys araign\u00e9e)<\/p><\/div>\n<div id=\"attachment_2022\" style=\"width: 327px\" class=\"wp-caption alignleft\"><img aria-describedby=\"caption-attachment-2022\" decoding=\"async\" loading=\"lazy\" title=\"Ophrys sphegodes (Ophrys araign\u00e9e)\" src=\"\/\/www.escapades-photographiques.ch\/Site\/blog\/..\/blog.uploads\/2014\/04\/2014-04-06_151_5DmII.jpg\" alt=\"Ophrys sphegodes (Ophrys araign\u00e9e)\" width=\"317\" height=\"476\" class=\"size-full wp-image-2022\" srcset=\"https:\/\/www.escapades-photographiques.ch\/Site\/blog\/..\/blog.uploads\/2014\/04\/2014-04-06_151_5DmII.jpg 317w, https:\/\/www.escapades-photographiques.ch\/Site\/blog\/..\/blog.uploads\/2014\/04\/2014-04-06_151_5DmII-199x300.jpg 199w\" sizes=\"(max-width: 317px) 100vw, 317px\" \/><p id=\"caption-attachment-2022\" class=\"wp-caption-text\">Ophrys sphegodes (Ophrys araign\u00e9e)<\/p><\/div>\n<div id=\"attachment_2055\" style=\"width: 327px\" class=\"wp-caption alignleft\"><img aria-describedby=\"caption-attachment-2055\" decoding=\"async\" loading=\"lazy\" title=\"Ophrys sphegodes (Ophrys araign\u00e9e) - d\u00e9tail du biotope\" src=\"\/\/www.escapades-photographiques.ch\/Site\/blog\/..\/blog.uploads\/2014\/04\/2014-04-06_157_5DmII.jpg\" alt=\"Ophrys sphegodes (Ophrys araign\u00e9e) - d\u00e9tail du biotope\" width=\"317\" height=\"476\" class=\"size-full wp-image-2055\" srcset=\"https:\/\/www.escapades-photographiques.ch\/Site\/blog\/..\/blog.uploads\/2014\/04\/2014-04-06_157_5DmII.jpg 317w, https:\/\/www.escapades-photographiques.ch\/Site\/blog\/..\/blog.uploads\/2014\/04\/2014-04-06_157_5DmII-199x300.jpg 199w\" sizes=\"(max-width: 317px) 100vw, 317px\" \/><p id=\"caption-attachment-2055\" class=\"wp-caption-text\">Ophrys sphegodes (Ophrys araign\u00e9e) &#8211; d\u00e9tail du biotope<\/p><\/div>\n<p><br style=\"clear: both;\" \/><br \/>\n<strong>Entre Haute-Savoie et canton de Gen\u00e8ve vers Chancy, le 19 avril<\/strong><\/p>\n<div id=\"attachment_2027\" style=\"width: 327px\" class=\"wp-caption alignleft\"><img aria-describedby=\"caption-attachment-2027\" decoding=\"async\" loading=\"lazy\" title=\"Orchis purpurea (Orchis pourpre)\" src=\"\/\/www.escapades-photographiques.ch\/Site\/blog\/..\/blog.uploads\/2014\/04\/2014-04-19_075_5DmII.jpg\" alt=\"Orchis purpurea (Orchis pourpre)\" width=\"317\" height=\"476\" class=\"size-full wp-image-2027\" srcset=\"https:\/\/www.escapades-photographiques.ch\/Site\/blog\/..\/blog.uploads\/2014\/04\/2014-04-19_075_5DmII.jpg 317w, https:\/\/www.escapades-photographiques.ch\/Site\/blog\/..\/blog.uploads\/2014\/04\/2014-04-19_075_5DmII-199x300.jpg 199w\" sizes=\"(max-width: 317px) 100vw, 317px\" \/><p id=\"caption-attachment-2027\" class=\"wp-caption-text\">Orchis purpurea (Orchis pourpre)<\/p><\/div>\n<div id=\"attachment_2028\" style=\"width: 327px\" class=\"wp-caption alignleft\"><img aria-describedby=\"caption-attachment-2028\" decoding=\"async\" loading=\"lazy\" title=\"Anacamptis morio (Orchis bouffon) - blanc\" src=\"\/\/www.escapades-photographiques.ch\/Site\/blog\/..\/blog.uploads\/2014\/04\/2014-04-19_108_5DmII.jpg\" alt=\"Anacamptis morio (Orchis bouffon) - blanc\" width=\"317\" height=\"476\" class=\"size-full wp-image-2028\" srcset=\"https:\/\/www.escapades-photographiques.ch\/Site\/blog\/..\/blog.uploads\/2014\/04\/2014-04-19_108_5DmII.jpg 317w, https:\/\/www.escapades-photographiques.ch\/Site\/blog\/..\/blog.uploads\/2014\/04\/2014-04-19_108_5DmII-199x300.jpg 199w\" sizes=\"(max-width: 317px) 100vw, 317px\" \/><p id=\"caption-attachment-2028\" class=\"wp-caption-text\">Anacamptis morio (Orchis bouffon) &#8211; blanc<\/p><\/div>\n<div id=\"attachment_2026\" style=\"width: 327px\" class=\"wp-caption alignleft\"><img aria-describedby=\"caption-attachment-2026\" decoding=\"async\" loading=\"lazy\" title=\"Ophrys sphegodes (Ophrys araign\u00e9e) - en bouton\" src=\"\/\/www.escapades-photographiques.ch\/Site\/blog\/..\/blog.uploads\/2014\/04\/2014-04-19_054_5DmII.jpg\" alt=\"Ophrys sphegodes (Ophrys araign\u00e9e) - en bouton\" width=\"317\" height=\"476\" class=\"size-full wp-image-2026\" srcset=\"https:\/\/www.escapades-photographiques.ch\/Site\/blog\/..\/blog.uploads\/2014\/04\/2014-04-19_054_5DmII.jpg 317w, https:\/\/www.escapades-photographiques.ch\/Site\/blog\/..\/blog.uploads\/2014\/04\/2014-04-19_054_5DmII-199x300.jpg 199w\" sizes=\"(max-width: 317px) 100vw, 317px\" \/><p id=\"caption-attachment-2026\" class=\"wp-caption-text\">Ophrys sphegodes (Ophrys araign\u00e9e) &#8211; en bouton<\/p><\/div>\n<div id=\"attachment_2029\" style=\"width: 327px\" class=\"wp-caption alignleft\"><img aria-describedby=\"caption-attachment-2029\" decoding=\"async\" loading=\"lazy\" title=\"Ophrys sphegodes (Ophrys araign\u00e9e)\" src=\"\/\/www.escapades-photographiques.ch\/Site\/blog\/..\/blog.uploads\/2014\/04\/2014-04-19_149_5DmII.jpg\" alt=\"Ophrys sphegodes (Ophrys araign\u00e9e)\" width=\"317\" height=\"476\" class=\"size-full wp-image-2029\" srcset=\"https:\/\/www.escapades-photographiques.ch\/Site\/blog\/..\/blog.uploads\/2014\/04\/2014-04-19_149_5DmII.jpg 317w, https:\/\/www.escapades-photographiques.ch\/Site\/blog\/..\/blog.uploads\/2014\/04\/2014-04-19_149_5DmII-199x300.jpg 199w\" sizes=\"(max-width: 317px) 100vw, 317px\" \/><p id=\"caption-attachment-2029\" class=\"wp-caption-text\">Ophrys sphegodes (Ophrys araign\u00e9e)<\/p><\/div>\n<div id=\"attachment_2030\" style=\"width: 688px\" class=\"wp-caption alignleft\"><img aria-describedby=\"caption-attachment-2030\" decoding=\"async\" loading=\"lazy\" title=\"Orchis simia (Orchis singe) - d\u00e9but de floraison\" src=\"\/\/www.escapades-photographiques.ch\/Site\/blog\/..\/blog.uploads\/2014\/04\/2014-04-19_190_5DmII.jpg\" alt=\"Orchis simia (Orchis singe) - d\u00e9but de floraison\" width=\"678\" height=\"678\" class=\"size-full wp-image-2030\" srcset=\"https:\/\/www.escapades-photographiques.ch\/Site\/blog\/..\/blog.uploads\/2014\/04\/2014-04-19_190_5DmII.jpg 678w, https:\/\/www.escapades-photographiques.ch\/Site\/blog\/..\/blog.uploads\/2014\/04\/2014-04-19_190_5DmII-150x150.jpg 150w, https:\/\/www.escapades-photographiques.ch\/Site\/blog\/..\/blog.uploads\/2014\/04\/2014-04-19_190_5DmII-300x300.jpg 300w, https:\/\/www.escapades-photographiques.ch\/Site\/blog\/..\/blog.uploads\/2014\/04\/2014-04-19_190_5DmII-96x96.jpg 96w, https:\/\/www.escapades-photographiques.ch\/Site\/blog\/..\/blog.uploads\/2014\/04\/2014-04-19_190_5DmII-24x24.jpg 24w, https:\/\/www.escapades-photographiques.ch\/Site\/blog\/..\/blog.uploads\/2014\/04\/2014-04-19_190_5DmII-36x36.jpg 36w, https:\/\/www.escapades-photographiques.ch\/Site\/blog\/..\/blog.uploads\/2014\/04\/2014-04-19_190_5DmII-48x48.jpg 48w, https:\/\/www.escapades-photographiques.ch\/Site\/blog\/..\/blog.uploads\/2014\/04\/2014-04-19_190_5DmII-64x64.jpg 64w\" sizes=\"(max-width: 678px) 100vw, 678px\" \/><p id=\"caption-attachment-2030\" class=\"wp-caption-text\">Orchis simia (Orchis singe) &#8211; d\u00e9but de floraison<\/p><\/div>\n<div id=\"attachment_2032\" style=\"width: 327px\" class=\"wp-caption alignleft\"><img aria-describedby=\"caption-attachment-2032\" decoding=\"async\" loading=\"lazy\" title=\"Orchis simia (Orchis singe)\" src=\"\/\/www.escapades-photographiques.ch\/Site\/blog\/..\/blog.uploads\/2014\/04\/2014-04-19_223_5DmII.jpg\" alt=\"Orchis simia (Orchis singe)\" width=\"317\" height=\"476\" class=\"size-full wp-image-2032\" srcset=\"https:\/\/www.escapades-photographiques.ch\/Site\/blog\/..\/blog.uploads\/2014\/04\/2014-04-19_223_5DmII.jpg 317w, https:\/\/www.escapades-photographiques.ch\/Site\/blog\/..\/blog.uploads\/2014\/04\/2014-04-19_223_5DmII-199x300.jpg 199w\" sizes=\"(max-width: 317px) 100vw, 317px\" \/><p id=\"caption-attachment-2032\" class=\"wp-caption-text\">Orchis simia (Orchis singe)<\/p><\/div>\n<div id=\"attachment_2033\" style=\"width: 327px\" class=\"wp-caption alignleft\"><img aria-describedby=\"caption-attachment-2033\" decoding=\"async\" loading=\"lazy\" title=\"Orchis simia (Orchis singe) - d\u00e9tail\" src=\"\/\/www.escapades-photographiques.ch\/Site\/blog\/..\/blog.uploads\/2014\/04\/2014-04-19_234_5DmII.jpg\" alt=\"Orchis simia (Orchis singe) - d\u00e9tail\" width=\"317\" height=\"476\" class=\"size-full wp-image-2033\" srcset=\"https:\/\/www.escapades-photographiques.ch\/Site\/blog\/..\/blog.uploads\/2014\/04\/2014-04-19_234_5DmII.jpg 317w, https:\/\/www.escapades-photographiques.ch\/Site\/blog\/..\/blog.uploads\/2014\/04\/2014-04-19_234_5DmII-199x300.jpg 199w\" sizes=\"(max-width: 317px) 100vw, 317px\" \/><p id=\"caption-attachment-2033\" class=\"wp-caption-text\">Orchis simia (Orchis singe) &#8211; d\u00e9tail<\/p><\/div>\n<div id=\"attachment_2041\" style=\"width: 327px\" class=\"wp-caption alignleft\"><img aria-describedby=\"caption-attachment-2041\" decoding=\"async\" loading=\"lazy\" title=\"Neotinea ustulata (Orchis br\u00fbl\u00e9) - d\u00e9tail\" src=\"\/\/www.escapades-photographiques.ch\/Site\/blog\/..\/blog.uploads\/2014\/04\/2014-04-19_369_5DmII.jpg\" alt=\"Neotinea ustulata (Orchis br\u00fbl\u00e9) - d\u00e9tail\" width=\"317\" height=\"476\" class=\"size-full wp-image-2041\" srcset=\"https:\/\/www.escapades-photographiques.ch\/Site\/blog\/..\/blog.uploads\/2014\/04\/2014-04-19_369_5DmII.jpg 317w, https:\/\/www.escapades-photographiques.ch\/Site\/blog\/..\/blog.uploads\/2014\/04\/2014-04-19_369_5DmII-199x300.jpg 199w\" sizes=\"(max-width: 317px) 100vw, 317px\" \/><p id=\"caption-attachment-2041\" class=\"wp-caption-text\">Neotinea ustulata (Orchis br\u00fbl\u00e9) &#8211; d\u00e9tail<\/p><\/div>\n<div id=\"attachment_2031\" style=\"width: 327px\" class=\"wp-caption alignleft\"><img aria-describedby=\"caption-attachment-2031\" decoding=\"async\" loading=\"lazy\" title=\"Anacamptis morio (Orchis bouffon)\" src=\"\/\/www.escapades-photographiques.ch\/Site\/blog\/..\/blog.uploads\/2014\/04\/2014-04-19_207_5DmII.jpg\" alt=\"Anacamptis morio (Orchis bouffon)\" width=\"317\" height=\"476\" class=\"size-full wp-image-2031\" srcset=\"https:\/\/www.escapades-photographiques.ch\/Site\/blog\/..\/blog.uploads\/2014\/04\/2014-04-19_207_5DmII.jpg 317w, https:\/\/www.escapades-photographiques.ch\/Site\/blog\/..\/blog.uploads\/2014\/04\/2014-04-19_207_5DmII-199x300.jpg 199w\" sizes=\"(max-width: 317px) 100vw, 317px\" \/><p id=\"caption-attachment-2031\" class=\"wp-caption-text\">Anacamptis morio (Orchis bouffon)<\/p><\/div>\n<div id=\"attachment_2037\" style=\"width: 327px\" class=\"wp-caption alignleft\"><img aria-describedby=\"caption-attachment-2037\" decoding=\"async\" loading=\"lazy\" title=\"Ophrys sphegodes (Ophrys araign\u00e9e)\" src=\"\/\/www.escapades-photographiques.ch\/Site\/blog\/..\/blog.uploads\/2014\/04\/2014-04-19_294_5DmII.jpg\" alt=\"Ophrys sphegodes (Ophrys araign\u00e9e)\" width=\"317\" height=\"476\" class=\"size-full wp-image-2037\" srcset=\"https:\/\/www.escapades-photographiques.ch\/Site\/blog\/..\/blog.uploads\/2014\/04\/2014-04-19_294_5DmII.jpg 317w, https:\/\/www.escapades-photographiques.ch\/Site\/blog\/..\/blog.uploads\/2014\/04\/2014-04-19_294_5DmII-199x300.jpg 199w\" sizes=\"(max-width: 317px) 100vw, 317px\" \/><p id=\"caption-attachment-2037\" class=\"wp-caption-text\">Ophrys sphegodes (Ophrys araign\u00e9e)<\/p><\/div>\n<div id=\"attachment_2036\" style=\"width: 327px\" class=\"wp-caption alignleft\"><img aria-describedby=\"caption-attachment-2036\" decoding=\"async\" loading=\"lazy\" title=\"Ophrys sphegodes (Ophrys araign\u00e9e) - d\u00e9tail\" src=\"\/\/www.escapades-photographiques.ch\/Site\/blog\/..\/blog.uploads\/2014\/04\/2014-04-19_283_5DmII.jpg\" alt=\"Ophrys sphegodes (Ophrys araign\u00e9e) - d\u00e9tail\" width=\"317\" height=\"476\" class=\"size-full wp-image-2036\" srcset=\"https:\/\/www.escapades-photographiques.ch\/Site\/blog\/..\/blog.uploads\/2014\/04\/2014-04-19_283_5DmII.jpg 317w, https:\/\/www.escapades-photographiques.ch\/Site\/blog\/..\/blog.uploads\/2014\/04\/2014-04-19_283_5DmII-199x300.jpg 199w\" sizes=\"(max-width: 317px) 100vw, 317px\" \/><p id=\"caption-attachment-2036\" class=\"wp-caption-text\">Ophrys sphegodes (Ophrys araign\u00e9e) &#8211; d\u00e9tail<\/p><\/div>\n<div id=\"attachment_2038\" style=\"width: 327px\" class=\"wp-caption alignleft\"><img aria-describedby=\"caption-attachment-2038\" decoding=\"async\" loading=\"lazy\" title=\"Ophrys sphegodes (Ophrys araign\u00e9e) - d\u00e9tail\" src=\"\/\/www.escapades-photographiques.ch\/Site\/blog\/..\/blog.uploads\/2014\/04\/2014-04-19_321_5DmII.jpg\" alt=\"Ophrys sphegodes (Ophrys araign\u00e9e) - d\u00e9tail\" width=\"317\" height=\"476\" class=\"size-full wp-image-2038\" srcset=\"https:\/\/www.escapades-photographiques.ch\/Site\/blog\/..\/blog.uploads\/2014\/04\/2014-04-19_321_5DmII.jpg 317w, https:\/\/www.escapades-photographiques.ch\/Site\/blog\/..\/blog.uploads\/2014\/04\/2014-04-19_321_5DmII-199x300.jpg 199w\" sizes=\"(max-width: 317px) 100vw, 317px\" \/><p id=\"caption-attachment-2038\" class=\"wp-caption-text\">Ophrys sphegodes (Ophrys araign\u00e9e) &#8211; d\u00e9tail<\/p><\/div>\n<div id=\"attachment_2040\" style=\"width: 327px\" class=\"wp-caption alignleft\"><img aria-describedby=\"caption-attachment-2040\" decoding=\"async\" loading=\"lazy\" title=\"Ophrys insectifera (Ophrys mouche) \u2013 d\u00e9tail\" src=\"\/\/www.escapades-photographiques.ch\/Site\/blog\/..\/blog.uploads\/2014\/04\/2014-04-19_351_5DmII.jpg\" alt=\"Ophrys insectifera (Ophrys mouche) \u2013 d\u00e9tail\" width=\"317\" height=\"476\" class=\"size-full wp-image-2040\" srcset=\"https:\/\/www.escapades-photographiques.ch\/Site\/blog\/..\/blog.uploads\/2014\/04\/2014-04-19_351_5DmII.jpg 317w, https:\/\/www.escapades-photographiques.ch\/Site\/blog\/..\/blog.uploads\/2014\/04\/2014-04-19_351_5DmII-199x300.jpg 199w\" sizes=\"(max-width: 317px) 100vw, 317px\" \/><p id=\"caption-attachment-2040\" class=\"wp-caption-text\">Ophrys insectifera (Ophrys mouche) \u2013 d\u00e9tail<\/p><\/div>\n<div id=\"attachment_2034\" style=\"width: 327px\" class=\"wp-caption alignleft\"><img aria-describedby=\"caption-attachment-2034\" decoding=\"async\" loading=\"lazy\" title=\"Orchis purpurea (Orchis pourpre) - dans la ch\u00eanaie\" src=\"\/\/www.escapades-photographiques.ch\/Site\/blog\/..\/blog.uploads\/2014\/04\/2014-04-19_239_5DmII.jpg\" alt=\"Orchis purpurea (Orchis pourpre) - dans la ch\u00eanaie\" width=\"317\" height=\"476\" class=\"size-full wp-image-2034\" srcset=\"https:\/\/www.escapades-photographiques.ch\/Site\/blog\/..\/blog.uploads\/2014\/04\/2014-04-19_239_5DmII.jpg 317w, https:\/\/www.escapades-photographiques.ch\/Site\/blog\/..\/blog.uploads\/2014\/04\/2014-04-19_239_5DmII-199x300.jpg 199w\" sizes=\"(max-width: 317px) 100vw, 317px\" \/><p id=\"caption-attachment-2034\" class=\"wp-caption-text\">Orchis purpurea (Orchis pourpre) &#8211; dans la ch\u00eanaie<\/p><\/div>\n<div id=\"attachment_2035\" style=\"width: 327px\" class=\"wp-caption alignleft\"><img aria-describedby=\"caption-attachment-2035\" decoding=\"async\" loading=\"lazy\" title=\"Orchis purpurea (Orchis pourpre) - d\u00e9tail\" src=\"\/\/www.escapades-photographiques.ch\/Site\/blog\/..\/blog.uploads\/2014\/04\/2014-04-19_246_5DmII.jpg\" alt=\"Orchis purpurea (Orchis pourpre) - d\u00e9tail\" width=\"317\" height=\"476\" class=\"size-full wp-image-2035\" srcset=\"https:\/\/www.escapades-photographiques.ch\/Site\/blog\/..\/blog.uploads\/2014\/04\/2014-04-19_246_5DmII.jpg 317w, https:\/\/www.escapades-photographiques.ch\/Site\/blog\/..\/blog.uploads\/2014\/04\/2014-04-19_246_5DmII-199x300.jpg 199w\" sizes=\"(max-width: 317px) 100vw, 317px\" \/><p id=\"caption-attachment-2035\" class=\"wp-caption-text\">Orchis purpurea (Orchis pourpre) &#8211; d\u00e9tail<\/p><\/div>\n<div id=\"attachment_2042\" style=\"width: 688px\" class=\"wp-caption alignnone\"><img aria-describedby=\"caption-attachment-2042\" decoding=\"async\" loading=\"lazy\" title=\"Campagne genevoise et Jura fran\u00e7ais\" src=\"\/\/www.escapades-photographiques.ch\/Site\/blog\/..\/blog.uploads\/2014\/04\/2014-04-19_376_5DmII.jpg\" alt=\"Campagne genevoise et Jura fran\u00e7ais\" width=\"678\" height=\"452\" class=\"size-full wp-image-2042\" srcset=\"https:\/\/www.escapades-photographiques.ch\/Site\/blog\/..\/blog.uploads\/2014\/04\/2014-04-19_376_5DmII.jpg 678w, https:\/\/www.escapades-photographiques.ch\/Site\/blog\/..\/blog.uploads\/2014\/04\/2014-04-19_376_5DmII-300x200.jpg 300w\" sizes=\"(max-width: 678px) 100vw, 678px\" \/><p id=\"caption-attachment-2042\" class=\"wp-caption-text\">Campagne genevoise et Jura fran\u00e7ais<\/p><\/div>\n","protected":false},"excerpt":{"rendered":"<p>Petite s\u00e9lection de la flore observ\u00e9e durant le mois d&rsquo;avril. La flore est en avance par rapport au printemps 2013 (10-15 jours). Les Follat\u00e8res (Valais suisse), le 6 avril Chablais vaudois, le 6 avril Entre Haute-Savoie et canton de Gen\u00e8ve vers Chancy, le 19 avril<\/p>\n","protected":false},"author":1,"featured_media":0,"comment_status":"open","ping_status":"open","sticky":false,"template":"","format":"standard","meta":{"footnotes":""},"categories":[41],"tags":[47,42,44,46,56,55,53,54,112,49,50,296,295,297,298,59,60,43,48],"_links":{"self":[{"href":"https:\/\/www.escapades-photographiques.ch\/Site\/blog\/wp-json\/wp\/v2\/posts\/2044"}],"collection":[{"href":"https:\/\/www.escapades-photographiques.ch\/Site\/blog\/wp-json\/wp\/v2\/posts"}],"about":[{"href":"https:\/\/www.escapades-photographiques.ch\/Site\/blog\/wp-json\/wp\/v2\/types\/post"}],"author":[{"embeddable":true,"href":"https:\/\/www.escapades-photographiques.ch\/Site\/blog\/wp-json\/wp\/v2\/users\/1"}],"replies":[{"embeddable":true,"href":"https:\/\/www.escapades-photographiques.ch\/Site\/blog\/wp-json\/wp\/v2\/comments?post=2044"}],"version-history":[{"count":30,"href":"https:\/\/www.escapades-photographiques.ch\/Site\/blog\/wp-json\/wp\/v2\/posts\/2044\/revisions"}],"predecessor-version":[{"id":2077,"href":"https:\/\/www.escapades-photographiques.ch\/Site\/blog\/wp-json\/wp\/v2\/posts\/2044\/revisions\/2077"}],"wp:attachment":[{"href":"https:\/\/www.escapades-photographiques.ch\/Site\/blog\/wp-json\/wp\/v2\/media?parent=2044"}],"wp:term":[{"taxonomy":"category","embeddable":true,"href":"https:\/\/www.escapades-photographiques.ch\/Site\/blog\/wp-json\/wp\/v2\/categories?post=2044"},{"taxonomy":"post_tag","embeddable":true,"href":"https:\/\/www.escapades-photographiques.ch\/Site\/blog\/wp-json\/wp\/v2\/tags?post=2044"}],"curies":[{"name":"wp","href":"https:\/\/api.w.org\/{rel}","templated":true}]}}