{"id":2078,"date":"2014-06-14T18:17:55","date_gmt":"2014-06-14T17:17:55","guid":{"rendered":"http:\/\/www.escapades-photographiques.ch\/Site\/blog\/?p=2078"},"modified":"2014-06-14T18:23:09","modified_gmt":"2014-06-14T17:23:09","slug":"flore-du-mois-de-mai-dernier","status":"publish","type":"post","link":"https:\/\/www.escapades-photographiques.ch\/Site\/blog\/2014\/flore\/flore-du-mois-de-mai-dernier\/","title":{"rendered":"Flore du mois de mai dernier"},"content":{"rendered":"<p><strong>Orchis spitzelii dans le Jura fran\u00e7ais (Frasnois &#8211; 29 mai)<\/strong><\/p>\n<p>Cach\u00e9 dans la for\u00eat jurassienne se trouve le rare Orchis de Spitzel toujours aussi beau \u00e0 red\u00e9couvrir&#8230;<\/p>\n<div id=\"attachment_2106\" style=\"width: 327px\" class=\"wp-caption alignleft\"><img aria-describedby=\"caption-attachment-2106\" decoding=\"async\" loading=\"lazy\" title=\"Orchis spitzelii (Orchis de Spitzel)\" src=\"\/\/www.escapades-photographiques.ch\/Site\/blog\/..\/blog.uploads\/2014\/06\/2014-05-29_056_5DmII.jpg\" alt=\"Orchis spitzelii (Orchis de Spitzel)\" width=\"317\" height=\"476\" class=\"size-full wp-image-2106\" srcset=\"https:\/\/www.escapades-photographiques.ch\/Site\/blog\/..\/blog.uploads\/2014\/06\/2014-05-29_056_5DmII.jpg 317w, https:\/\/www.escapades-photographiques.ch\/Site\/blog\/..\/blog.uploads\/2014\/06\/2014-05-29_056_5DmII-199x300.jpg 199w\" sizes=\"(max-width: 317px) 100vw, 317px\" \/><p id=\"caption-attachment-2106\" class=\"wp-caption-text\">Orchis spitzelii (Orchis de Spitzel)<\/p><\/div>\n<div id=\"attachment_2102\" style=\"width: 327px\" class=\"wp-caption alignleft\"><img aria-describedby=\"caption-attachment-2102\" decoding=\"async\" loading=\"lazy\" title=\"Orchis spitzelii (Orchis de Spitzel)\" src=\"\/\/www.escapades-photographiques.ch\/Site\/blog\/..\/blog.uploads\/2014\/06\/2014-05-29_008_5DmII.jpg\" alt=\"Orchis spitzelii (Orchis de Spitzel)\" width=\"317\" height=\"476\" class=\"size-full wp-image-2102\" srcset=\"https:\/\/www.escapades-photographiques.ch\/Site\/blog\/..\/blog.uploads\/2014\/06\/2014-05-29_008_5DmII.jpg 317w, https:\/\/www.escapades-photographiques.ch\/Site\/blog\/..\/blog.uploads\/2014\/06\/2014-05-29_008_5DmII-199x300.jpg 199w\" sizes=\"(max-width: 317px) 100vw, 317px\" \/><p id=\"caption-attachment-2102\" class=\"wp-caption-text\">Orchis spitzelii (Orchis de Spitzel)<\/p><\/div>\n<div id=\"attachment_2107\" style=\"width: 327px\" class=\"wp-caption alignleft\"><img aria-describedby=\"caption-attachment-2107\" decoding=\"async\" loading=\"lazy\" title=\"Orchis spitzelii (Orchis de Spitzel)\" src=\"\/\/www.escapades-photographiques.ch\/Site\/blog\/..\/blog.uploads\/2014\/06\/2014-05-29_097_5DmII.jpg\" alt=\"Orchis spitzelii (Orchis de Spitzel)\" width=\"317\" height=\"476\" class=\"size-full wp-image-2107\" srcset=\"https:\/\/www.escapades-photographiques.ch\/Site\/blog\/..\/blog.uploads\/2014\/06\/2014-05-29_097_5DmII.jpg 317w, https:\/\/www.escapades-photographiques.ch\/Site\/blog\/..\/blog.uploads\/2014\/06\/2014-05-29_097_5DmII-199x300.jpg 199w\" sizes=\"(max-width: 317px) 100vw, 317px\" \/><p id=\"caption-attachment-2107\" class=\"wp-caption-text\">Orchis spitzelii (Orchis de Spitzel)<\/p><\/div>\n<div id=\"attachment_2108\" style=\"width: 327px\" class=\"wp-caption alignleft\"><img aria-describedby=\"caption-attachment-2108\" decoding=\"async\" loading=\"lazy\" title=\"Orchis spitzelii (Orchis de Spitzel)\" src=\"\/\/www.escapades-photographiques.ch\/Site\/blog\/..\/blog.uploads\/2014\/06\/2014-05-29_164_5DmII.jpg\" alt=\"Orchis spitzelii (Orchis de Spitzel)\" width=\"317\" height=\"476\" class=\"size-full wp-image-2108\" srcset=\"https:\/\/www.escapades-photographiques.ch\/Site\/blog\/..\/blog.uploads\/2014\/06\/2014-05-29_164_5DmII.jpg 317w, https:\/\/www.escapades-photographiques.ch\/Site\/blog\/..\/blog.uploads\/2014\/06\/2014-05-29_164_5DmII-199x300.jpg 199w\" sizes=\"(max-width: 317px) 100vw, 317px\" \/><p id=\"caption-attachment-2108\" class=\"wp-caption-text\">Orchis spitzelii (Orchis de Spitzel)<\/p><\/div>\n<div id=\"attachment_2105\" style=\"width: 327px\" class=\"wp-caption alignleft\"><img aria-describedby=\"caption-attachment-2105\" decoding=\"async\" loading=\"lazy\" title=\"Orchis spitzelii (Orchis de Spitzel)\" src=\"\/\/www.escapades-photographiques.ch\/Site\/blog\/..\/blog.uploads\/2014\/06\/2014-05-29_051_5DmII.jpg\" alt=\"Orchis spitzelii (Orchis de Spitzel)\" width=\"317\" height=\"476\" class=\"size-full wp-image-2105\" srcset=\"https:\/\/www.escapades-photographiques.ch\/Site\/blog\/..\/blog.uploads\/2014\/06\/2014-05-29_051_5DmII.jpg 317w, https:\/\/www.escapades-photographiques.ch\/Site\/blog\/..\/blog.uploads\/2014\/06\/2014-05-29_051_5DmII-199x300.jpg 199w\" sizes=\"(max-width: 317px) 100vw, 317px\" \/><p id=\"caption-attachment-2105\" class=\"wp-caption-text\">Orchis spitzelii (Orchis de Spitzel)<\/p><\/div>\n<div id=\"attachment_2103\" style=\"width: 327px\" class=\"wp-caption alignleft\"><img aria-describedby=\"caption-attachment-2103\" decoding=\"async\" loading=\"lazy\" title=\"Orchis spitzelii (Orchis de Spitzel) - d\u00e9tail\" src=\"\/\/www.escapades-photographiques.ch\/Site\/blog\/..\/blog.uploads\/2014\/06\/2014-05-29_013_5DmII.jpg\" alt=\"Orchis spitzelii (Orchis de Spitzel) - d\u00e9tail\" width=\"317\" height=\"476\" class=\"size-full wp-image-2103\" srcset=\"https:\/\/www.escapades-photographiques.ch\/Site\/blog\/..\/blog.uploads\/2014\/06\/2014-05-29_013_5DmII.jpg 317w, https:\/\/www.escapades-photographiques.ch\/Site\/blog\/..\/blog.uploads\/2014\/06\/2014-05-29_013_5DmII-199x300.jpg 199w\" sizes=\"(max-width: 317px) 100vw, 317px\" \/><p id=\"caption-attachment-2103\" class=\"wp-caption-text\">Orchis spitzelii (Orchis de Spitzel) &#8211; d\u00e9tail<\/p><\/div>\n<div id=\"attachment_2104\" style=\"width: 327px\" class=\"wp-caption alignleft\"><img aria-describedby=\"caption-attachment-2104\" decoding=\"async\" loading=\"lazy\" title=\"Orchis spitzelii (Orchis de Spitzel) - d\u00e9tail\" src=\"\/\/www.escapades-photographiques.ch\/Site\/blog\/..\/blog.uploads\/2014\/06\/2014-05-29_021_5DmII.jpg\" alt=\"Orchis spitzelii (Orchis de Spitzel) - d\u00e9tail\" width=\"317\" height=\"476\" class=\"size-full wp-image-2104\" srcset=\"https:\/\/www.escapades-photographiques.ch\/Site\/blog\/..\/blog.uploads\/2014\/06\/2014-05-29_021_5DmII.jpg 317w, https:\/\/www.escapades-photographiques.ch\/Site\/blog\/..\/blog.uploads\/2014\/06\/2014-05-29_021_5DmII-199x300.jpg 199w\" sizes=\"(max-width: 317px) 100vw, 317px\" \/><p id=\"caption-attachment-2104\" class=\"wp-caption-text\">Orchis spitzelii (Orchis de Spitzel) &#8211; d\u00e9tail<\/p><\/div>\n<div id=\"attachment_2109\" style=\"width: 327px\" class=\"wp-caption alignleft\"><img aria-describedby=\"caption-attachment-2109\" decoding=\"async\" loading=\"lazy\" title=\"Orchis spitzelii (Orchis de Spitzel) - d\u00e9tail\" src=\"\/\/www.escapades-photographiques.ch\/Site\/blog\/..\/blog.uploads\/2014\/06\/2014-05-29_176_5DmII.jpg\" alt=\"Orchis spitzelii (Orchis de Spitzel) - d\u00e9tail\" width=\"317\" height=\"476\" class=\"size-full wp-image-2109\" srcset=\"https:\/\/www.escapades-photographiques.ch\/Site\/blog\/..\/blog.uploads\/2014\/06\/2014-05-29_176_5DmII.jpg 317w, https:\/\/www.escapades-photographiques.ch\/Site\/blog\/..\/blog.uploads\/2014\/06\/2014-05-29_176_5DmII-199x300.jpg 199w\" sizes=\"(max-width: 317px) 100vw, 317px\" \/><p id=\"caption-attachment-2109\" class=\"wp-caption-text\">Orchis spitzelii (Orchis de Spitzel) &#8211; d\u00e9tail<\/p><\/div>\n<div id=\"attachment_2080\" style=\"width: 688px\" class=\"wp-caption alignleft\"><img aria-describedby=\"caption-attachment-2080\" decoding=\"async\" loading=\"lazy\" title=\"Lacs de Bellefontaine et des Mortes depuis la Roche Bernard\" src=\"\/\/www.escapades-photographiques.ch\/Site\/blog\/..\/blog.uploads\/2014\/06\/2014-05-29_196_5DmII-2014-05-29_202_5DmII_7-images.jpg\" alt=\"Lacs de Bellefontaine et des Mortes depuis la Roche Bernard\" width=\"678\" height=\"249\" class=\"size-full wp-image-2080\" srcset=\"https:\/\/www.escapades-photographiques.ch\/Site\/blog\/..\/blog.uploads\/2014\/06\/2014-05-29_196_5DmII-2014-05-29_202_5DmII_7-images.jpg 678w, https:\/\/www.escapades-photographiques.ch\/Site\/blog\/..\/blog.uploads\/2014\/06\/2014-05-29_196_5DmII-2014-05-29_202_5DmII_7-images-300x110.jpg 300w\" sizes=\"(max-width: 678px) 100vw, 678px\" \/><p id=\"caption-attachment-2080\" class=\"wp-caption-text\">Lacs de Bellefontaine et des Mortes depuis la Roche Bernard<\/p><\/div>\n<p><br style=\"clear: both;\" \/><br \/>\n<strong>Orchid\u00e9es vaudoises (25 mai)<\/strong><\/p>\n<p>Petit tour dans le nord vaudois pour y revoir les orchid\u00e9es vaudoises du mois de mai.<\/p>\n<p><strong><em>Vers La Sarraz<\/em><\/strong><\/p>\n<div id=\"attachment_2088\" style=\"width: 327px\" class=\"wp-caption alignleft\"><img aria-describedby=\"caption-attachment-2088\" decoding=\"async\" loading=\"lazy\" title=\"Ophrys fuciflora (Ophrys frelon)\" src=\"\/\/www.escapades-photographiques.ch\/Site\/blog\/..\/blog.uploads\/2014\/06\/2014-05-25_060_5DmII.jpg\" alt=\"Ophrys fuciflora (Ophrys frelon)\" width=\"317\" height=\"476\" class=\"size-full wp-image-2088\" srcset=\"https:\/\/www.escapades-photographiques.ch\/Site\/blog\/..\/blog.uploads\/2014\/06\/2014-05-25_060_5DmII.jpg 317w, https:\/\/www.escapades-photographiques.ch\/Site\/blog\/..\/blog.uploads\/2014\/06\/2014-05-25_060_5DmII-199x300.jpg 199w\" sizes=\"(max-width: 317px) 100vw, 317px\" \/><p id=\"caption-attachment-2088\" class=\"wp-caption-text\">Ophrys fuciflora (Ophrys frelon)<\/p><\/div>\n<div id=\"attachment_2090\" style=\"width: 327px\" class=\"wp-caption alignleft\"><img aria-describedby=\"caption-attachment-2090\" decoding=\"async\" loading=\"lazy\" title=\"Ophrys fuciflora (Ophrys frelon) - d\u00e9tail\" src=\"\/\/www.escapades-photographiques.ch\/Site\/blog\/..\/blog.uploads\/2014\/06\/2014-05-25_073_5DmII.jpg\" alt=\"Ophrys fuciflora (Ophrys frelon) - d\u00e9tail\" width=\"317\" height=\"476\" class=\"size-full wp-image-2090\" srcset=\"https:\/\/www.escapades-photographiques.ch\/Site\/blog\/..\/blog.uploads\/2014\/06\/2014-05-25_073_5DmII.jpg 317w, https:\/\/www.escapades-photographiques.ch\/Site\/blog\/..\/blog.uploads\/2014\/06\/2014-05-25_073_5DmII-199x300.jpg 199w\" sizes=\"(max-width: 317px) 100vw, 317px\" \/><p id=\"caption-attachment-2090\" class=\"wp-caption-text\">Ophrys fuciflora (Ophrys frelon) &#8211; d\u00e9tail<\/p><\/div>\n<div id=\"attachment_2087\" style=\"width: 688px\" class=\"wp-caption alignnone\"><img aria-describedby=\"caption-attachment-2087\" decoding=\"async\" loading=\"lazy\" title=\"Ophrys fuciflora (Ophrys frelon) - d\u00e9tail\" src=\"\/\/www.escapades-photographiques.ch\/Site\/blog\/..\/blog.uploads\/2014\/06\/2014-05-25_055_5DmII.jpg\" alt=\"Ophrys fuciflora (Ophrys frelon) - d\u00e9tail\" width=\"678\" height=\"452\" class=\"size-full wp-image-2087\" srcset=\"https:\/\/www.escapades-photographiques.ch\/Site\/blog\/..\/blog.uploads\/2014\/06\/2014-05-25_055_5DmII.jpg 678w, https:\/\/www.escapades-photographiques.ch\/Site\/blog\/..\/blog.uploads\/2014\/06\/2014-05-25_055_5DmII-300x200.jpg 300w\" sizes=\"(max-width: 678px) 100vw, 678px\" \/><p id=\"caption-attachment-2087\" class=\"wp-caption-text\">Ophrys fuciflora (Ophrys frelon) &#8211; d\u00e9tail<\/p><\/div>\n<div id=\"attachment_2094\" style=\"width: 327px\" class=\"wp-caption alignleft\"><img aria-describedby=\"caption-attachment-2094\" decoding=\"async\" loading=\"lazy\" title=\"Ophrys fuciflora (Ophrys frelon) \" src=\"\/\/www.escapades-photographiques.ch\/Site\/blog\/..\/blog.uploads\/2014\/06\/2014-05-25_124_5DmII.jpg\" alt=\"Ophrys fuciflora (Ophrys frelon) \" width=\"317\" height=\"476\" class=\"size-full wp-image-2094\" srcset=\"https:\/\/www.escapades-photographiques.ch\/Site\/blog\/..\/blog.uploads\/2014\/06\/2014-05-25_124_5DmII.jpg 317w, https:\/\/www.escapades-photographiques.ch\/Site\/blog\/..\/blog.uploads\/2014\/06\/2014-05-25_124_5DmII-199x300.jpg 199w\" sizes=\"(max-width: 317px) 100vw, 317px\" \/><p id=\"caption-attachment-2094\" class=\"wp-caption-text\">Ophrys fuciflora (Ophrys frelon)<\/p><\/div>\n<div id=\"attachment_2089\" style=\"width: 327px\" class=\"wp-caption alignleft\"><img aria-describedby=\"caption-attachment-2089\" decoding=\"async\" loading=\"lazy\" title=\"Ophrys fuciflora (Ophrys frelon) - d\u00e9tail\" src=\"\/\/www.escapades-photographiques.ch\/Site\/blog\/..\/blog.uploads\/2014\/06\/2014-05-25_066_5DmII.jpg\" alt=\"Ophrys fuciflora (Ophrys frelon) - d\u00e9tail\" width=\"317\" height=\"476\" class=\"size-full wp-image-2089\" srcset=\"https:\/\/www.escapades-photographiques.ch\/Site\/blog\/..\/blog.uploads\/2014\/06\/2014-05-25_066_5DmII.jpg 317w, https:\/\/www.escapades-photographiques.ch\/Site\/blog\/..\/blog.uploads\/2014\/06\/2014-05-25_066_5DmII-199x300.jpg 199w\" sizes=\"(max-width: 317px) 100vw, 317px\" \/><p id=\"caption-attachment-2089\" class=\"wp-caption-text\">Ophrys fuciflora (Ophrys frelon) &#8211; d\u00e9tail<\/p><\/div>\n<div id=\"attachment_2092\" style=\"width: 327px\" class=\"wp-caption alignleft\"><img aria-describedby=\"caption-attachment-2092\" decoding=\"async\" loading=\"lazy\" title=\"Ophrys fuciflora (Ophrys frelon) - d\u00e9tail\" src=\"\/\/www.escapades-photographiques.ch\/Site\/blog\/..\/blog.uploads\/2014\/06\/2014-05-25_097_5DmII.jpg\" alt=\"Ophrys fuciflora (Ophrys frelon) - d\u00e9tail\" width=\"317\" height=\"476\" class=\"size-full wp-image-2092\" srcset=\"https:\/\/www.escapades-photographiques.ch\/Site\/blog\/..\/blog.uploads\/2014\/06\/2014-05-25_097_5DmII.jpg 317w, https:\/\/www.escapades-photographiques.ch\/Site\/blog\/..\/blog.uploads\/2014\/06\/2014-05-25_097_5DmII-199x300.jpg 199w\" sizes=\"(max-width: 317px) 100vw, 317px\" \/><p id=\"caption-attachment-2092\" class=\"wp-caption-text\">Ophrys fuciflora (Ophrys frelon) &#8211; d\u00e9tail<\/p><\/div>\n<div id=\"attachment_2091\" style=\"width: 327px\" class=\"wp-caption alignleft\"><img aria-describedby=\"caption-attachment-2091\" decoding=\"async\" loading=\"lazy\" title=\"Ophrys fuciflora (Ophrys frelon) - d\u00e9tail\" src=\"\/\/www.escapades-photographiques.ch\/Site\/blog\/..\/blog.uploads\/2014\/06\/2014-05-25_086_5DmII.jpg\" alt=\"Ophrys fuciflora (Ophrys frelon) - d\u00e9tail\" width=\"317\" height=\"476\" class=\"size-full wp-image-2091\" srcset=\"https:\/\/www.escapades-photographiques.ch\/Site\/blog\/..\/blog.uploads\/2014\/06\/2014-05-25_086_5DmII.jpg 317w, https:\/\/www.escapades-photographiques.ch\/Site\/blog\/..\/blog.uploads\/2014\/06\/2014-05-25_086_5DmII-199x300.jpg 199w\" sizes=\"(max-width: 317px) 100vw, 317px\" \/><p id=\"caption-attachment-2091\" class=\"wp-caption-text\">Ophrys fuciflora (Ophrys frelon) &#8211; d\u00e9tail<\/p><\/div>\n<div id=\"attachment_2093\" style=\"width: 327px\" class=\"wp-caption alignleft\"><img aria-describedby=\"caption-attachment-2093\" decoding=\"async\" loading=\"lazy\" title=\"Orchis anthropophora (Orchis homme-pendu)\" src=\"\/\/www.escapades-photographiques.ch\/Site\/blog\/..\/blog.uploads\/2014\/06\/2014-05-25_108_5DmII.jpg\" alt=\"Orchis anthropophora (Orchis homme-pendu)\" width=\"317\" height=\"476\" class=\"size-full wp-image-2093\" srcset=\"https:\/\/www.escapades-photographiques.ch\/Site\/blog\/..\/blog.uploads\/2014\/06\/2014-05-25_108_5DmII.jpg 317w, https:\/\/www.escapades-photographiques.ch\/Site\/blog\/..\/blog.uploads\/2014\/06\/2014-05-25_108_5DmII-199x300.jpg 199w\" sizes=\"(max-width: 317px) 100vw, 317px\" \/><p id=\"caption-attachment-2093\" class=\"wp-caption-text\">Orchis anthropophora (Orchis homme-pendu)<\/p><\/div>\n<div id=\"attachment_2095\" style=\"width: 327px\" class=\"wp-caption alignleft\"><img aria-describedby=\"caption-attachment-2095\" decoding=\"async\" loading=\"lazy\" title=\"For\u00eat et cascade\" src=\"\/\/www.escapades-photographiques.ch\/Site\/blog\/..\/blog.uploads\/2014\/06\/2014-05-25_153_5DmII.jpg\" alt=\"For\u00eat et cascade\" width=\"317\" height=\"476\" class=\"size-full wp-image-2095\" srcset=\"https:\/\/www.escapades-photographiques.ch\/Site\/blog\/..\/blog.uploads\/2014\/06\/2014-05-25_153_5DmII.jpg 317w, https:\/\/www.escapades-photographiques.ch\/Site\/blog\/..\/blog.uploads\/2014\/06\/2014-05-25_153_5DmII-199x300.jpg 199w\" sizes=\"(max-width: 317px) 100vw, 317px\" \/><p id=\"caption-attachment-2095\" class=\"wp-caption-text\">For\u00eat et cascade<\/p><\/div>\n<p><br style=\"clear: both;\" \/><br \/>\n<strong><em>Bord de route \u00e0 Aclens<\/em><\/strong><\/p>\n<div id=\"attachment_2096\" style=\"width: 327px\" class=\"wp-caption alignleft\"><img aria-describedby=\"caption-attachment-2096\" decoding=\"async\" loading=\"lazy\" title=\"Himantoglossum hircinum (Orchis bouc) \" src=\"\/\/www.escapades-photographiques.ch\/Site\/blog\/..\/blog.uploads\/2014\/06\/2014-05-25_160_5DmII.jpg\" alt=\"Himantoglossum hircinum (Orchis bouc) \" width=\"317\" height=\"476\" class=\"size-full wp-image-2096\" srcset=\"https:\/\/www.escapades-photographiques.ch\/Site\/blog\/..\/blog.uploads\/2014\/06\/2014-05-25_160_5DmII.jpg 317w, https:\/\/www.escapades-photographiques.ch\/Site\/blog\/..\/blog.uploads\/2014\/06\/2014-05-25_160_5DmII-199x300.jpg 199w\" sizes=\"(max-width: 317px) 100vw, 317px\" \/><p id=\"caption-attachment-2096\" class=\"wp-caption-text\">Himantoglossum hircinum (Orchis bouc)<\/p><\/div>\n<div id=\"attachment_2097\" style=\"width: 327px\" class=\"wp-caption alignleft\"><img aria-describedby=\"caption-attachment-2097\" decoding=\"async\" loading=\"lazy\" title=\"Himantoglossum hircinum (Orchis bouc)  - d\u00e9tail\" src=\"\/\/www.escapades-photographiques.ch\/Site\/blog\/..\/blog.uploads\/2014\/06\/2014-05-25_165_5DmII.jpg\" alt=\"Himantoglossum hircinum (Orchis bouc)  - d\u00e9tail\" width=\"317\" height=\"476\" class=\"size-full wp-image-2097\" srcset=\"https:\/\/www.escapades-photographiques.ch\/Site\/blog\/..\/blog.uploads\/2014\/06\/2014-05-25_165_5DmII.jpg 317w, https:\/\/www.escapades-photographiques.ch\/Site\/blog\/..\/blog.uploads\/2014\/06\/2014-05-25_165_5DmII-199x300.jpg 199w\" sizes=\"(max-width: 317px) 100vw, 317px\" \/><p id=\"caption-attachment-2097\" class=\"wp-caption-text\">Himantoglossum hircinum (Orchis bouc)  &#8211; d\u00e9tail<\/p><\/div>\n<div id=\"attachment_2098\" style=\"width: 327px\" class=\"wp-caption alignleft\"><img aria-describedby=\"caption-attachment-2098\" decoding=\"async\" loading=\"lazy\" title=\"Ophrys apifera (Ophrys abeille)\" src=\"\/\/www.escapades-photographiques.ch\/Site\/blog\/..\/blog.uploads\/2014\/06\/2014-05-25_172_5DmII.jpg\" alt=\"Ophrys apifera (Ophrys abeille)\" width=\"317\" height=\"476\" class=\"size-full wp-image-2098\" srcset=\"https:\/\/www.escapades-photographiques.ch\/Site\/blog\/..\/blog.uploads\/2014\/06\/2014-05-25_172_5DmII.jpg 317w, https:\/\/www.escapades-photographiques.ch\/Site\/blog\/..\/blog.uploads\/2014\/06\/2014-05-25_172_5DmII-199x300.jpg 199w\" sizes=\"(max-width: 317px) 100vw, 317px\" \/><p id=\"caption-attachment-2098\" class=\"wp-caption-text\">Ophrys apifera (Ophrys abeille)<\/p><\/div>\n<div id=\"attachment_2100\" style=\"width: 327px\" class=\"wp-caption alignleft\"><img aria-describedby=\"caption-attachment-2100\" decoding=\"async\" loading=\"lazy\" title=\"Ophrys apifera (Ophrys abeille)\" src=\"\/\/www.escapades-photographiques.ch\/Site\/blog\/..\/blog.uploads\/2014\/06\/2014-05-25_191_5DmII.jpg\" alt=\"Ophrys apifera (Ophrys abeille)\" width=\"317\" height=\"476\" class=\"size-full wp-image-2100\" srcset=\"https:\/\/www.escapades-photographiques.ch\/Site\/blog\/..\/blog.uploads\/2014\/06\/2014-05-25_191_5DmII.jpg 317w, https:\/\/www.escapades-photographiques.ch\/Site\/blog\/..\/blog.uploads\/2014\/06\/2014-05-25_191_5DmII-199x300.jpg 199w\" sizes=\"(max-width: 317px) 100vw, 317px\" \/><p id=\"caption-attachment-2100\" class=\"wp-caption-text\">Ophrys apifera (Ophrys abeille)<\/p><\/div>\n<div id=\"attachment_2099\" style=\"width: 688px\" class=\"wp-caption alignnone\"><img aria-describedby=\"caption-attachment-2099\" decoding=\"async\" loading=\"lazy\" title=\"Ophrys apifera (Ophrys abeille) - d\u00e9tail\" src=\"\/\/www.escapades-photographiques.ch\/Site\/blog\/..\/blog.uploads\/2014\/06\/2014-05-25_179_5DmII.jpg\" alt=\"Ophrys apifera (Ophrys abeille) - d\u00e9tail\" width=\"678\" height=\"452\" class=\"size-full wp-image-2099\" srcset=\"https:\/\/www.escapades-photographiques.ch\/Site\/blog\/..\/blog.uploads\/2014\/06\/2014-05-25_179_5DmII.jpg 678w, https:\/\/www.escapades-photographiques.ch\/Site\/blog\/..\/blog.uploads\/2014\/06\/2014-05-25_179_5DmII-300x200.jpg 300w\" sizes=\"(max-width: 678px) 100vw, 678px\" \/><p id=\"caption-attachment-2099\" class=\"wp-caption-text\">Ophrys apifera (Ophrys abeille) &#8211; d\u00e9tail<\/p><\/div>\n<div id=\"attachment_2148\" style=\"width: 327px\" class=\"wp-caption alignleft\"><img aria-describedby=\"caption-attachment-2148\" decoding=\"async\" loading=\"lazy\" title=\"Anacamptis pyramidalis (Orchis pyramidal) - en bouton\" src=\"\/\/www.escapades-photographiques.ch\/Site\/blog\/..\/blog.uploads\/2014\/06\/2014-05-25_190_5DmII.jpg\" alt=\"Anacamptis pyramidalis (Orchis pyramidal) - en bouton\" width=\"317\" height=\"476\" class=\"size-full wp-image-2148\" srcset=\"https:\/\/www.escapades-photographiques.ch\/Site\/blog\/..\/blog.uploads\/2014\/06\/2014-05-25_190_5DmII.jpg 317w, https:\/\/www.escapades-photographiques.ch\/Site\/blog\/..\/blog.uploads\/2014\/06\/2014-05-25_190_5DmII-199x300.jpg 199w\" sizes=\"(max-width: 317px) 100vw, 317px\" \/><p id=\"caption-attachment-2148\" class=\"wp-caption-text\">Anacamptis pyramidalis (Orchis pyramidal) &#8211; en bouton<\/p><\/div>\n<div id=\"attachment_2101\" style=\"width: 327px\" class=\"wp-caption alignleft\"><img aria-describedby=\"caption-attachment-2101\" decoding=\"async\" loading=\"lazy\" title=\"Anacamptis pyramidalis (Orchis pyramidal)\" src=\"\/\/www.escapades-photographiques.ch\/Site\/blog\/..\/blog.uploads\/2014\/06\/2014-05-25_196_5DmII.jpg\" alt=\"Anacamptis pyramidalis (Orchis pyramidal)\" width=\"317\" height=\"476\" class=\"size-full wp-image-2101\" srcset=\"https:\/\/www.escapades-photographiques.ch\/Site\/blog\/..\/blog.uploads\/2014\/06\/2014-05-25_196_5DmII.jpg 317w, https:\/\/www.escapades-photographiques.ch\/Site\/blog\/..\/blog.uploads\/2014\/06\/2014-05-25_196_5DmII-199x300.jpg 199w\" sizes=\"(max-width: 317px) 100vw, 317px\" \/><p id=\"caption-attachment-2101\" class=\"wp-caption-text\">Anacamptis pyramidalis (Orchis pyramidal)<\/p><\/div>\n<p><br style=\"clear: both;\" \/><br \/>\n<strong><em>Vers Bonvillars<\/em><\/strong><\/p>\n<div id=\"attachment_2114\" style=\"width: 688px\" class=\"wp-caption alignnone\"><img aria-describedby=\"caption-attachment-2114\" decoding=\"async\" loading=\"lazy\" title=\"Ophrys fuciflora (Ophrys frelon) - d\u00e9tail\" src=\"\/\/www.escapades-photographiques.ch\/Site\/blog\/..\/blog.uploads\/2014\/06\/2014-05-25_006_5DmII.jpg\" alt=\"Ophrys fuciflora (Ophrys frelon) - d\u00e9tail\" width=\"678\" height=\"452\" class=\"size-full wp-image-2114\" srcset=\"https:\/\/www.escapades-photographiques.ch\/Site\/blog\/..\/blog.uploads\/2014\/06\/2014-05-25_006_5DmII.jpg 678w, https:\/\/www.escapades-photographiques.ch\/Site\/blog\/..\/blog.uploads\/2014\/06\/2014-05-25_006_5DmII-300x200.jpg 300w\" sizes=\"(max-width: 678px) 100vw, 678px\" \/><p id=\"caption-attachment-2114\" class=\"wp-caption-text\">Ophrys fuciflora (Ophrys frelon) &#8211; d\u00e9tail<\/p><\/div>\n<div id=\"attachment_2085\" style=\"width: 327px\" class=\"wp-caption alignleft\"><img aria-describedby=\"caption-attachment-2085\" decoding=\"async\" loading=\"lazy\" title=\"Ophrys fuciflora (Ophrys frelon) - d\u00e9tail\" src=\"\/\/www.escapades-photographiques.ch\/Site\/blog\/..\/blog.uploads\/2014\/06\/2014-05-25_040_5DmII.jpg\" alt=\"Ophrys fuciflora (Ophrys frelon) - d\u00e9tail\" width=\"317\" height=\"476\" class=\"size-full wp-image-2085\" srcset=\"https:\/\/www.escapades-photographiques.ch\/Site\/blog\/..\/blog.uploads\/2014\/06\/2014-05-25_040_5DmII.jpg 317w, https:\/\/www.escapades-photographiques.ch\/Site\/blog\/..\/blog.uploads\/2014\/06\/2014-05-25_040_5DmII-199x300.jpg 199w\" sizes=\"(max-width: 317px) 100vw, 317px\" \/><p id=\"caption-attachment-2085\" class=\"wp-caption-text\">Ophrys fuciflora (Ophrys frelon) &#8211; d\u00e9tail<\/p><\/div>\n<div id=\"attachment_2086\" style=\"width: 327px\" class=\"wp-caption alignleft\"><img aria-describedby=\"caption-attachment-2086\" decoding=\"async\" loading=\"lazy\" title=\"Ophrys fuciflora (Ophrys frelon) - d\u00e9tail\" src=\"\/\/www.escapades-photographiques.ch\/Site\/blog\/..\/blog.uploads\/2014\/06\/2014-05-25_051_5DmII.jpg\" alt=\"Ophrys fuciflora (Ophrys frelon) - d\u00e9tail\" width=\"317\" height=\"476\" class=\"size-full wp-image-2086\" srcset=\"https:\/\/www.escapades-photographiques.ch\/Site\/blog\/..\/blog.uploads\/2014\/06\/2014-05-25_051_5DmII.jpg 317w, https:\/\/www.escapades-photographiques.ch\/Site\/blog\/..\/blog.uploads\/2014\/06\/2014-05-25_051_5DmII-199x300.jpg 199w\" sizes=\"(max-width: 317px) 100vw, 317px\" \/><p id=\"caption-attachment-2086\" class=\"wp-caption-text\">Ophrys fuciflora (Ophrys frelon) &#8211; d\u00e9tail<\/p><\/div>\n<div id=\"attachment_2084\" style=\"width: 327px\" class=\"wp-caption alignleft\"><img aria-describedby=\"caption-attachment-2084\" decoding=\"async\" loading=\"lazy\" title=\"Orchis anthropophora (Orchis homme-pendu)\" src=\"\/\/www.escapades-photographiques.ch\/Site\/blog\/..\/blog.uploads\/2014\/06\/2014-05-25_012_5DmII.jpg\" alt=\"Orchis anthropophora (Orchis homme-pendu)\" width=\"317\" height=\"476\" class=\"size-full wp-image-2084\" srcset=\"https:\/\/www.escapades-photographiques.ch\/Site\/blog\/..\/blog.uploads\/2014\/06\/2014-05-25_012_5DmII.jpg 317w, https:\/\/www.escapades-photographiques.ch\/Site\/blog\/..\/blog.uploads\/2014\/06\/2014-05-25_012_5DmII-199x300.jpg 199w\" sizes=\"(max-width: 317px) 100vw, 317px\" \/><p id=\"caption-attachment-2084\" class=\"wp-caption-text\">Orchis anthropophora (Orchis homme-pendu)<\/p><\/div>\n<p><br style=\"clear: both;\" \/><br \/>\n<strong>Le Haut-Jura vers le Reculet (Jura fran\u00e7ais &#8211; 10 mai)<\/strong><\/p>\n<p>La flore d\u00e9butait en ce d\u00e9but mai dans le Haut-Jura fran\u00e7ais.<\/p>\n<div id=\"attachment_2143\" style=\"width: 688px\" class=\"wp-caption alignnone\"><img aria-describedby=\"caption-attachment-2143\" decoding=\"async\" loading=\"lazy\" title=\"Cr\u00eates du Haut-Jura\" src=\"\/\/www.escapades-photographiques.ch\/Site\/blog\/..\/blog.uploads\/2014\/06\/2014-05-10_084_5DmII.jpg\" alt=\"Cr\u00eates du Haut-Jura\" width=\"678\" height=\"452\" class=\"size-full wp-image-2143\" srcset=\"https:\/\/www.escapades-photographiques.ch\/Site\/blog\/..\/blog.uploads\/2014\/06\/2014-05-10_084_5DmII.jpg 678w, https:\/\/www.escapades-photographiques.ch\/Site\/blog\/..\/blog.uploads\/2014\/06\/2014-05-10_084_5DmII-300x200.jpg 300w\" sizes=\"(max-width: 678px) 100vw, 678px\" \/><p id=\"caption-attachment-2143\" class=\"wp-caption-text\">Cr\u00eates du Haut-Jura<\/p><\/div>\n<div id=\"attachment_2142\" style=\"width: 688px\" class=\"wp-caption alignnone\"><img aria-describedby=\"caption-attachment-2142\" decoding=\"async\" loading=\"lazy\" title=\"Narcissus pseudonarcissus (Narcisse jaune)\" src=\"\/\/www.escapades-photographiques.ch\/Site\/blog\/..\/blog.uploads\/2014\/06\/2014-05-10_024_5DmII.jpg\" alt=\"Narcissus pseudonarcissus (Narcisse jaune)\" width=\"678\" height=\"678\" class=\"size-full wp-image-2142\" srcset=\"https:\/\/www.escapades-photographiques.ch\/Site\/blog\/..\/blog.uploads\/2014\/06\/2014-05-10_024_5DmII.jpg 678w, https:\/\/www.escapades-photographiques.ch\/Site\/blog\/..\/blog.uploads\/2014\/06\/2014-05-10_024_5DmII-150x150.jpg 150w, https:\/\/www.escapades-photographiques.ch\/Site\/blog\/..\/blog.uploads\/2014\/06\/2014-05-10_024_5DmII-300x300.jpg 300w, https:\/\/www.escapades-photographiques.ch\/Site\/blog\/..\/blog.uploads\/2014\/06\/2014-05-10_024_5DmII-96x96.jpg 96w, https:\/\/www.escapades-photographiques.ch\/Site\/blog\/..\/blog.uploads\/2014\/06\/2014-05-10_024_5DmII-24x24.jpg 24w, https:\/\/www.escapades-photographiques.ch\/Site\/blog\/..\/blog.uploads\/2014\/06\/2014-05-10_024_5DmII-36x36.jpg 36w, https:\/\/www.escapades-photographiques.ch\/Site\/blog\/..\/blog.uploads\/2014\/06\/2014-05-10_024_5DmII-48x48.jpg 48w, https:\/\/www.escapades-photographiques.ch\/Site\/blog\/..\/blog.uploads\/2014\/06\/2014-05-10_024_5DmII-64x64.jpg 64w\" sizes=\"(max-width: 678px) 100vw, 678px\" \/><p id=\"caption-attachment-2142\" class=\"wp-caption-text\">Narcissus pseudonarcissus (Narcisse jaune)<\/p><\/div>\n<div id=\"attachment_2081\" style=\"width: 688px\" class=\"wp-caption alignnone\"><img aria-describedby=\"caption-attachment-2081\" decoding=\"async\" loading=\"lazy\" title=\"Gentiana acaulis (Gentiane acaule)\" src=\"\/\/www.escapades-photographiques.ch\/Site\/blog\/..\/blog.uploads\/2014\/06\/2014-05-10_014_5DmII.jpg\" alt=\"Gentiana acaulis (Gentiane acaule)\" width=\"678\" height=\"452\" class=\"size-full wp-image-2081\" srcset=\"https:\/\/www.escapades-photographiques.ch\/Site\/blog\/..\/blog.uploads\/2014\/06\/2014-05-10_014_5DmII.jpg 678w, https:\/\/www.escapades-photographiques.ch\/Site\/blog\/..\/blog.uploads\/2014\/06\/2014-05-10_014_5DmII-300x200.jpg 300w\" sizes=\"(max-width: 678px) 100vw, 678px\" \/><p id=\"caption-attachment-2081\" class=\"wp-caption-text\">Gentiana acaulis (Gentiane acaule)<\/p><\/div>\n<div id=\"attachment_2083\" style=\"width: 327px\" class=\"wp-caption alignleft\"><img aria-describedby=\"caption-attachment-2083\" decoding=\"async\" loading=\"lazy\" title=\"Dactylorhiza sambucina (Orchis sureau)\" src=\"\/\/www.escapades-photographiques.ch\/Site\/blog\/..\/blog.uploads\/2014\/06\/2014-05-10_046_5DmII.jpg\" alt=\"Dactylorhiza sambucina (Orchis sureau)\" width=\"317\" height=\"476\" class=\"size-full wp-image-2083\" srcset=\"https:\/\/www.escapades-photographiques.ch\/Site\/blog\/..\/blog.uploads\/2014\/06\/2014-05-10_046_5DmII.jpg 317w, https:\/\/www.escapades-photographiques.ch\/Site\/blog\/..\/blog.uploads\/2014\/06\/2014-05-10_046_5DmII-199x300.jpg 199w\" sizes=\"(max-width: 317px) 100vw, 317px\" \/><p id=\"caption-attachment-2083\" class=\"wp-caption-text\">Dactylorhiza sambucina (Orchis sureau)<\/p><\/div>\n<div id=\"attachment_2082\" style=\"width: 327px\" class=\"wp-caption alignleft\"><img aria-describedby=\"caption-attachment-2082\" decoding=\"async\" loading=\"lazy\" title=\"Dactylorhiza sambucina (Orchis sureau)\" src=\"\/\/www.escapades-photographiques.ch\/Site\/blog\/..\/blog.uploads\/2014\/06\/2014-05-10_029_5DmII.jpg\" alt=\"Dactylorhiza sambucina (Orchis sureau)\" width=\"317\" height=\"476\" class=\"size-full wp-image-2082\" srcset=\"https:\/\/www.escapades-photographiques.ch\/Site\/blog\/..\/blog.uploads\/2014\/06\/2014-05-10_029_5DmII.jpg 317w, https:\/\/www.escapades-photographiques.ch\/Site\/blog\/..\/blog.uploads\/2014\/06\/2014-05-10_029_5DmII-199x300.jpg 199w\" sizes=\"(max-width: 317px) 100vw, 317px\" \/><p id=\"caption-attachment-2082\" class=\"wp-caption-text\">Dactylorhiza sambucina (Orchis sureau)<\/p><\/div>\n<div id=\"attachment_2110\" style=\"width: 688px\" class=\"wp-caption alignnone\"><img aria-describedby=\"caption-attachment-2110\" decoding=\"async\" loading=\"lazy\" title=\"Crocus albiflorus (Crocus du printemps)\" src=\"\/\/www.escapades-photographiques.ch\/Site\/blog\/..\/blog.uploads\/2014\/06\/2014-05-10_059_5DmII.jpg\" alt=\"Crocus albiflorus (Crocus du printemps)\" width=\"678\" height=\"452\" class=\"size-full wp-image-2110\" srcset=\"https:\/\/www.escapades-photographiques.ch\/Site\/blog\/..\/blog.uploads\/2014\/06\/2014-05-10_059_5DmII.jpg 678w, https:\/\/www.escapades-photographiques.ch\/Site\/blog\/..\/blog.uploads\/2014\/06\/2014-05-10_059_5DmII-300x200.jpg 300w\" sizes=\"(max-width: 678px) 100vw, 678px\" \/><p id=\"caption-attachment-2110\" class=\"wp-caption-text\">Crocus albiflorus (Crocus du printemps)<\/p><\/div>\n<div id=\"attachment_2111\" style=\"width: 688px\" class=\"wp-caption alignnone\"><img aria-describedby=\"caption-attachment-2111\" decoding=\"async\" loading=\"lazy\" title=\"Gentiana verna (Gentiane de printemps)\" src=\"\/\/www.escapades-photographiques.ch\/Site\/blog\/..\/blog.uploads\/2014\/06\/2014-05-10_067_5DmII.jpg\" alt=\"Gentiana verna (Gentiane de printemps)\" width=\"678\" height=\"452\" class=\"size-full wp-image-2111\" srcset=\"https:\/\/www.escapades-photographiques.ch\/Site\/blog\/..\/blog.uploads\/2014\/06\/2014-05-10_067_5DmII.jpg 678w, https:\/\/www.escapades-photographiques.ch\/Site\/blog\/..\/blog.uploads\/2014\/06\/2014-05-10_067_5DmII-300x200.jpg 300w\" sizes=\"(max-width: 678px) 100vw, 678px\" \/><p id=\"caption-attachment-2111\" class=\"wp-caption-text\">Gentiana verna (Gentiane de printemps)<\/p><\/div>\n<div id=\"attachment_2112\" style=\"width: 688px\" class=\"wp-caption alignnone\"><img aria-describedby=\"caption-attachment-2112\" decoding=\"async\" loading=\"lazy\" title=\"Soldanella alpina (Soldanelle des Alpes)\" src=\"\/\/www.escapades-photographiques.ch\/Site\/blog\/..\/blog.uploads\/2014\/06\/2014-05-10_072_5DmII.jpg\" alt=\"Soldanella alpina (Soldanelle des Alpes)\" width=\"678\" height=\"678\" class=\"size-full wp-image-2112\" srcset=\"https:\/\/www.escapades-photographiques.ch\/Site\/blog\/..\/blog.uploads\/2014\/06\/2014-05-10_072_5DmII.jpg 678w, https:\/\/www.escapades-photographiques.ch\/Site\/blog\/..\/blog.uploads\/2014\/06\/2014-05-10_072_5DmII-150x150.jpg 150w, https:\/\/www.escapades-photographiques.ch\/Site\/blog\/..\/blog.uploads\/2014\/06\/2014-05-10_072_5DmII-300x300.jpg 300w, https:\/\/www.escapades-photographiques.ch\/Site\/blog\/..\/blog.uploads\/2014\/06\/2014-05-10_072_5DmII-96x96.jpg 96w, https:\/\/www.escapades-photographiques.ch\/Site\/blog\/..\/blog.uploads\/2014\/06\/2014-05-10_072_5DmII-24x24.jpg 24w, https:\/\/www.escapades-photographiques.ch\/Site\/blog\/..\/blog.uploads\/2014\/06\/2014-05-10_072_5DmII-36x36.jpg 36w, https:\/\/www.escapades-photographiques.ch\/Site\/blog\/..\/blog.uploads\/2014\/06\/2014-05-10_072_5DmII-48x48.jpg 48w, https:\/\/www.escapades-photographiques.ch\/Site\/blog\/..\/blog.uploads\/2014\/06\/2014-05-10_072_5DmII-64x64.jpg 64w\" sizes=\"(max-width: 678px) 100vw, 678px\" \/><p id=\"caption-attachment-2112\" class=\"wp-caption-text\">Soldanella alpina (Soldanelle des Alpes)<\/p><\/div>\n<div id=\"attachment_2113\" style=\"width: 688px\" class=\"wp-caption alignnone\"><img aria-describedby=\"caption-attachment-2113\" decoding=\"async\" loading=\"lazy\" title=\"Orchis militaris (Orchis militaire)\" src=\"\/\/www.escapades-photographiques.ch\/Site\/blog\/..\/blog.uploads\/2014\/06\/2014-05-10_091_5DmII.jpg\" alt=\"Orchis militaris (Orchis militaire)\" width=\"678\" height=\"678\" class=\"size-full wp-image-2113\" srcset=\"https:\/\/www.escapades-photographiques.ch\/Site\/blog\/..\/blog.uploads\/2014\/06\/2014-05-10_091_5DmII.jpg 678w, https:\/\/www.escapades-photographiques.ch\/Site\/blog\/..\/blog.uploads\/2014\/06\/2014-05-10_091_5DmII-150x150.jpg 150w, https:\/\/www.escapades-photographiques.ch\/Site\/blog\/..\/blog.uploads\/2014\/06\/2014-05-10_091_5DmII-300x300.jpg 300w, https:\/\/www.escapades-photographiques.ch\/Site\/blog\/..\/blog.uploads\/2014\/06\/2014-05-10_091_5DmII-96x96.jpg 96w, https:\/\/www.escapades-photographiques.ch\/Site\/blog\/..\/blog.uploads\/2014\/06\/2014-05-10_091_5DmII-24x24.jpg 24w, https:\/\/www.escapades-photographiques.ch\/Site\/blog\/..\/blog.uploads\/2014\/06\/2014-05-10_091_5DmII-36x36.jpg 36w, https:\/\/www.escapades-photographiques.ch\/Site\/blog\/..\/blog.uploads\/2014\/06\/2014-05-10_091_5DmII-48x48.jpg 48w, https:\/\/www.escapades-photographiques.ch\/Site\/blog\/..\/blog.uploads\/2014\/06\/2014-05-10_091_5DmII-64x64.jpg 64w\" sizes=\"(max-width: 678px) 100vw, 678px\" \/><p id=\"caption-attachment-2113\" class=\"wp-caption-text\">Orchis militaris (Orchis militaire)<\/p><\/div>\n","protected":false},"excerpt":{"rendered":"<p>Orchis spitzelii dans le Jura fran\u00e7ais (Frasnois &#8211; 29 mai) Cach\u00e9 dans la for\u00eat jurassienne se trouve le rare Orchis de Spitzel toujours aussi beau \u00e0 red\u00e9couvrir&#8230; Orchid\u00e9es vaudoises (25 mai) Petit tour dans le nord vaudois pour y revoir les orchid\u00e9es vaudoises du mois de mai. Vers La Sarraz Bord de route \u00e0 Aclens <a href='https:\/\/www.escapades-photographiques.ch\/Site\/blog\/2014\/flore\/flore-du-mois-de-mai-dernier\/' class='excerpt-more'>[&#8230;]<\/a><\/p>\n","protected":false},"author":1,"featured_media":0,"comment_status":"open","ping_status":"open","sticky":false,"template":"","format":"standard","meta":{"footnotes":""},"categories":[41,204],"tags":[126,365,366,45,363,367,364,368,84,95,361,362,94,93,105,104,88,87,86,67,85,117,68,64,63,127,116,66,369,370],"_links":{"self":[{"href":"https:\/\/www.escapades-photographiques.ch\/Site\/blog\/wp-json\/wp\/v2\/posts\/2078"}],"collection":[{"href":"https:\/\/www.escapades-photographiques.ch\/Site\/blog\/wp-json\/wp\/v2\/posts"}],"about":[{"href":"https:\/\/www.escapades-photographiques.ch\/Site\/blog\/wp-json\/wp\/v2\/types\/post"}],"author":[{"embeddable":true,"href":"https:\/\/www.escapades-photographiques.ch\/Site\/blog\/wp-json\/wp\/v2\/users\/1"}],"replies":[{"embeddable":true,"href":"https:\/\/www.escapades-photographiques.ch\/Site\/blog\/wp-json\/wp\/v2\/comments?post=2078"}],"version-history":[{"count":33,"href":"https:\/\/www.escapades-photographiques.ch\/Site\/blog\/wp-json\/wp\/v2\/posts\/2078\/revisions"}],"predecessor-version":[{"id":2149,"href":"https:\/\/www.escapades-photographiques.ch\/Site\/blog\/wp-json\/wp\/v2\/posts\/2078\/revisions\/2149"}],"wp:attachment":[{"href":"https:\/\/www.escapades-photographiques.ch\/Site\/blog\/wp-json\/wp\/v2\/media?parent=2078"}],"wp:term":[{"taxonomy":"category","embeddable":true,"href":"https:\/\/www.escapades-photographiques.ch\/Site\/blog\/wp-json\/wp\/v2\/categories?post=2078"},{"taxonomy":"post_tag","embeddable":true,"href":"https:\/\/www.escapades-photographiques.ch\/Site\/blog\/wp-json\/wp\/v2\/tags?post=2078"}],"curies":[{"name":"wp","href":"https:\/\/api.w.org\/{rel}","templated":true}]}}