{"id":2194,"date":"2014-07-02T23:12:32","date_gmt":"2014-07-02T22:12:32","guid":{"rendered":"http:\/\/www.escapades-photographiques.ch\/Site\/blog\/?p=2194"},"modified":"2014-07-02T23:15:59","modified_gmt":"2014-07-02T22:15:59","slug":"randonnee-dans-la-partie-italienne-du-val-onsernone","status":"publish","type":"post","link":"https:\/\/www.escapades-photographiques.ch\/Site\/blog\/2014\/randonnee\/randonnee-dans-la-partie-italienne-du-val-onsernone\/","title":{"rendered":"Randonn\u00e9e dans la partie italienne du val Onsernone"},"content":{"rendered":"<p>Compte rendu en images d&rsquo;une rando-bivouac qui s&rsquo;est d\u00e9roul\u00e9e entre le 7 et le 9 juin 2014 dans la partie italienne du val Onsernone (plus d&rsquo;infos sur le val Onsernone <a href=\"\/Paysages\/Val_Onsernone\" target=\"_blank\">ici<\/a>). Encore pas mal de neige pour la saison dans cette r\u00e9gion des Alpes. M\u00e9t\u00e9o magnifique durant ce week-end de Pentec\u00f4te avec un risque d&rsquo;orages nul ce qui \u00e9tait plut\u00f4t requis pour bivouaquer proche des cols&#8230; <\/p>\n<p><strong>Samedi 7 juin<\/strong><\/p>\n<div id=\"attachment_2165\" style=\"width: 688px\" class=\"wp-caption alignnone\"><img aria-describedby=\"caption-attachment-2165\" decoding=\"async\" loading=\"lazy\" title=\"Alpe Pianezza di Vocogno et val Onsernone au coucher du soleil\" src=\"\/\/www.escapades-photographiques.ch\/Site\/blog\/..\/blog.uploads\/2014\/07\/2014-06-07_043_5DmII.jpg\" alt=\"Alpe Pianezza di Vocogno et val Onsernone au coucher du soleil\" width=\"678\" height=\"452\" class=\"size-full wp-image-2165\" srcset=\"https:\/\/www.escapades-photographiques.ch\/Site\/blog\/..\/blog.uploads\/2014\/07\/2014-06-07_043_5DmII.jpg 678w, https:\/\/www.escapades-photographiques.ch\/Site\/blog\/..\/blog.uploads\/2014\/07\/2014-06-07_043_5DmII-300x200.jpg 300w\" sizes=\"(max-width: 678px) 100vw, 678px\" \/><p id=\"caption-attachment-2165\" class=\"wp-caption-text\">Alpe Pianezza di Vocogno et val Onsernone au coucher du soleil<\/p><\/div>\n<div id=\"attachment_2163\" style=\"width: 688px\" class=\"wp-caption alignnone\"><img aria-describedby=\"caption-attachment-2163\" decoding=\"async\" loading=\"lazy\" title=\"Alpe Pianezza di Vocogno (cabane) avec le sommet du Pilone (ou Cima Pian del Bozzo) en arri\u00e8re plan\" src=\"\/\/www.escapades-photographiques.ch\/Site\/blog\/..\/blog.uploads\/2014\/07\/2014-06-07_036_5DmII.jpg\" alt=\"Alpe Pianezza di Vocogno (cabane) avec le sommet du Pilone (ou Cima Pian del Bozzo) en arri\u00e8re plan\" width=\"678\" height=\"452\" class=\"size-full wp-image-2163\" srcset=\"https:\/\/www.escapades-photographiques.ch\/Site\/blog\/..\/blog.uploads\/2014\/07\/2014-06-07_036_5DmII.jpg 678w, https:\/\/www.escapades-photographiques.ch\/Site\/blog\/..\/blog.uploads\/2014\/07\/2014-06-07_036_5DmII-300x200.jpg 300w\" sizes=\"(max-width: 678px) 100vw, 678px\" \/><p id=\"caption-attachment-2163\" class=\"wp-caption-text\">Alpe Pianezza di Vocogno (cabane) avec le sommet du Pilone (ou Cima Pian del Bozzo) en arri\u00e8re plan<\/p><\/div>\n<div id=\"attachment_2166\" style=\"width: 688px\" class=\"wp-caption alignnone\"><img aria-describedby=\"caption-attachment-2166\" decoding=\"async\" loading=\"lazy\" title=\"2014-06-07_053_5DmII\" src=\"\/\/www.escapades-photographiques.ch\/Site\/blog\/..\/blog.uploads\/2014\/07\/2014-06-07_053_5DmII.jpg\" alt=\"Alpe Pianezza di Vocogno et val Onsernone au cr\u00e9puscule\" width=\"678\" height=\"452\" class=\"size-full wp-image-2166\" srcset=\"https:\/\/www.escapades-photographiques.ch\/Site\/blog\/..\/blog.uploads\/2014\/07\/2014-06-07_053_5DmII.jpg 678w, https:\/\/www.escapades-photographiques.ch\/Site\/blog\/..\/blog.uploads\/2014\/07\/2014-06-07_053_5DmII-300x200.jpg 300w\" sizes=\"(max-width: 678px) 100vw, 678px\" \/><p id=\"caption-attachment-2166\" class=\"wp-caption-text\">Alpe Pianezza di Vocogno et val Onsernone au cr\u00e9puscule<\/p><\/div>\n<div id=\"attachment_2162\" style=\"width: 327px\" class=\"wp-caption alignleft\"><img aria-describedby=\"caption-attachment-2162\" decoding=\"async\" loading=\"lazy\" title=\"2014-06-07_018_5DmII\" src=\"\/\/www.escapades-photographiques.ch\/Site\/blog\/..\/blog.uploads\/2014\/07\/2014-06-07_018_5DmII.jpg\" alt=\"Nouveaux panneaux indicateurs \u00e0 Alpe Pianezza di Vocogno\" width=\"317\" height=\"476\" class=\"size-full wp-image-2162\" srcset=\"https:\/\/www.escapades-photographiques.ch\/Site\/blog\/..\/blog.uploads\/2014\/07\/2014-06-07_018_5DmII.jpg 317w, https:\/\/www.escapades-photographiques.ch\/Site\/blog\/..\/blog.uploads\/2014\/07\/2014-06-07_018_5DmII-199x300.jpg 199w\" sizes=\"(max-width: 317px) 100vw, 317px\" \/><p id=\"caption-attachment-2162\" class=\"wp-caption-text\">Nouveaux panneaux indicateurs \u00e0 Alpe Pianezza di Vocogno<\/p><\/div>\n<div id=\"attachment_2167\" style=\"width: 327px\" class=\"wp-caption alignleft\"><img aria-describedby=\"caption-attachment-2167\" decoding=\"async\" loading=\"lazy\" title=\"Lune et arbre foudroy\u00e9\" src=\"\/\/www.escapades-photographiques.ch\/Site\/blog\/..\/blog.uploads\/2014\/07\/2014-06-07_071_5DmII.jpg\" alt=\"Lune et arbre foudroy\u00e9\" width=\"317\" height=\"476\" class=\"size-full wp-image-2167\" srcset=\"https:\/\/www.escapades-photographiques.ch\/Site\/blog\/..\/blog.uploads\/2014\/07\/2014-06-07_071_5DmII.jpg 317w, https:\/\/www.escapades-photographiques.ch\/Site\/blog\/..\/blog.uploads\/2014\/07\/2014-06-07_071_5DmII-199x300.jpg 199w\" sizes=\"(max-width: 317px) 100vw, 317px\" \/><p id=\"caption-attachment-2167\" class=\"wp-caption-text\">Lune et arbre foudroy\u00e9<\/p><\/div>\n<p><br style=\"clear: both;\" \/><br \/>\n<strong>Dimanche 8 juin<\/strong><\/p>\n<div id=\"attachment_2169\" style=\"width: 688px\" class=\"wp-caption alignnone\"><img aria-describedby=\"caption-attachment-2169\" decoding=\"async\" loading=\"lazy\" title=\"Alpe Pianezza di Vocogno et val Onsernone au lever du soleil\" src=\"\/\/www.escapades-photographiques.ch\/Site\/blog\/..\/blog.uploads\/2014\/07\/2014-06-08_041_5DmII.jpg\" alt=\"Alpe Pianezza di Vocogno et val Onsernone au lever du soleil\" width=\"678\" height=\"451\" class=\"size-full wp-image-2169\" srcset=\"https:\/\/www.escapades-photographiques.ch\/Site\/blog\/..\/blog.uploads\/2014\/07\/2014-06-08_041_5DmII.jpg 678w, https:\/\/www.escapades-photographiques.ch\/Site\/blog\/..\/blog.uploads\/2014\/07\/2014-06-08_041_5DmII-300x199.jpg 300w\" sizes=\"(max-width: 678px) 100vw, 678px\" \/><p id=\"caption-attachment-2169\" class=\"wp-caption-text\">Alpe Pianezza di Vocogno et val Onsernone au lever du soleil<\/p><\/div>\n<div id=\"attachment_2170\" style=\"width: 688px\" class=\"wp-caption alignnone\"><img aria-describedby=\"caption-attachment-2170\" decoding=\"async\" loading=\"lazy\" title=\"Alpe Pianezza di Vocogno et val Onsernone au lever du soleil\" src=\"\/\/www.escapades-photographiques.ch\/Site\/blog\/..\/blog.uploads\/2014\/07\/2014-06-08_047_5DmII.jpg\" alt=\"Alpe Pianezza di Vocogno et val Onsernone au lever du soleil\" width=\"678\" height=\"451\" class=\"size-full wp-image-2170\" srcset=\"https:\/\/www.escapades-photographiques.ch\/Site\/blog\/..\/blog.uploads\/2014\/07\/2014-06-08_047_5DmII.jpg 678w, https:\/\/www.escapades-photographiques.ch\/Site\/blog\/..\/blog.uploads\/2014\/07\/2014-06-08_047_5DmII-300x199.jpg 300w\" sizes=\"(max-width: 678px) 100vw, 678px\" \/><p id=\"caption-attachment-2170\" class=\"wp-caption-text\">Alpe Pianezza di Vocogno et val Onsernone au lever du soleil<\/p><\/div>\n<div id=\"attachment_2172\" style=\"width: 688px\" class=\"wp-caption alignnone\"><img aria-describedby=\"caption-attachment-2172\" decoding=\"async\" loading=\"lazy\" title=\"Alpe Pianezza di Vocogno et val Onsernone au lever du soleil\" src=\"\/\/www.escapades-photographiques.ch\/Site\/blog\/..\/blog.uploads\/2014\/07\/2014-06-08_057_5DmII.jpg\" alt=\"Alpe Pianezza di Vocogno et val Onsernone au lever du soleil\" width=\"678\" height=\"452\" class=\"size-full wp-image-2172\" srcset=\"https:\/\/www.escapades-photographiques.ch\/Site\/blog\/..\/blog.uploads\/2014\/07\/2014-06-08_057_5DmII.jpg 678w, https:\/\/www.escapades-photographiques.ch\/Site\/blog\/..\/blog.uploads\/2014\/07\/2014-06-08_057_5DmII-300x200.jpg 300w\" sizes=\"(max-width: 678px) 100vw, 678px\" \/><p id=\"caption-attachment-2172\" class=\"wp-caption-text\">Alpe Pianezza di Vocogno et val Onsernone au lever du soleil<\/p><\/div>\n<div id=\"attachment_2171\" style=\"width: 688px\" class=\"wp-caption alignnone\"><img aria-describedby=\"caption-attachment-2171\" decoding=\"async\" loading=\"lazy\" title=\"Val Onsernone et montagnes tessinoises\" src=\"\/\/www.escapades-photographiques.ch\/Site\/blog\/..\/blog.uploads\/2014\/07\/2014-06-08_051_5DmII.jpg\" alt=\"Val Onsernone et montagnes tessinoises\" width=\"678\" height=\"452\" class=\"size-full wp-image-2171\" srcset=\"https:\/\/www.escapades-photographiques.ch\/Site\/blog\/..\/blog.uploads\/2014\/07\/2014-06-08_051_5DmII.jpg 678w, https:\/\/www.escapades-photographiques.ch\/Site\/blog\/..\/blog.uploads\/2014\/07\/2014-06-08_051_5DmII-300x200.jpg 300w\" sizes=\"(max-width: 678px) 100vw, 678px\" \/><p id=\"caption-attachment-2171\" class=\"wp-caption-text\">Val Onsernone et montagnes tessinoises<\/p><\/div>\n<div id=\"attachment_2193\" style=\"width: 688px\" class=\"wp-caption alignnone\"><img aria-describedby=\"caption-attachment-2193\" decoding=\"async\" loading=\"lazy\" title=\"D\u00e9tail de l&#039;alpage d&#039;Alpe Pianezza di Vocogno\" src=\"\/\/www.escapades-photographiques.ch\/Site\/blog\/..\/blog.uploads\/2014\/07\/2014-06-08_055_5DmII.jpg\" alt=\"D\u00e9tail de l&#039;alpage d&#039;Alpe Pianezza di Vocogno\" width=\"678\" height=\"452\" class=\"size-full wp-image-2193\" srcset=\"https:\/\/www.escapades-photographiques.ch\/Site\/blog\/..\/blog.uploads\/2014\/07\/2014-06-08_055_5DmII.jpg 678w, https:\/\/www.escapades-photographiques.ch\/Site\/blog\/..\/blog.uploads\/2014\/07\/2014-06-08_055_5DmII-300x200.jpg 300w\" sizes=\"(max-width: 678px) 100vw, 678px\" \/><p id=\"caption-attachment-2193\" class=\"wp-caption-text\">D\u00e9tail de l&rsquo;alpage d&rsquo;Alpe Pianezza di Vocogno<\/p><\/div>\n<div id=\"attachment_2192\" style=\"width: 688px\" class=\"wp-caption alignnone\"><img aria-describedby=\"caption-attachment-2192\" decoding=\"async\" loading=\"lazy\" title=\"D\u00e9tail de l&#039;alpage d&#039;Alpe Pianezza di Vocogno\" src=\"\/\/www.escapades-photographiques.ch\/Site\/blog\/..\/blog.uploads\/2014\/07\/2014-06-08_052_5DmII.jpg\" alt=\"D\u00e9tail de l&#039;alpage d&#039;Alpe Pianezza di Vocogno\" width=\"678\" height=\"452\" class=\"size-full wp-image-2192\" srcset=\"https:\/\/www.escapades-photographiques.ch\/Site\/blog\/..\/blog.uploads\/2014\/07\/2014-06-08_052_5DmII.jpg 678w, https:\/\/www.escapades-photographiques.ch\/Site\/blog\/..\/blog.uploads\/2014\/07\/2014-06-08_052_5DmII-300x200.jpg 300w\" sizes=\"(max-width: 678px) 100vw, 678px\" \/><p id=\"caption-attachment-2192\" class=\"wp-caption-text\">D\u00e9tail de l&rsquo;alpage d&rsquo;Alpe Pianezza di Vocogno<\/p><\/div>\n<div id=\"attachment_2173\" style=\"width: 688px\" class=\"wp-caption alignnone\"><img aria-describedby=\"caption-attachment-2173\" decoding=\"async\" loading=\"lazy\" title=\"Vue sur la Cima Trubbio et la Bochetta di Muino encore enneig\u00e9e\" src=\"\/\/www.escapades-photographiques.ch\/Site\/blog\/..\/blog.uploads\/2014\/07\/2014-06-08_064_5DmII.jpg\" alt=\"Vue sur la Cima Trubbio et la Bochetta di Muino encore enneig\u00e9e\" width=\"678\" height=\"452\" class=\"size-full wp-image-2173\" srcset=\"https:\/\/www.escapades-photographiques.ch\/Site\/blog\/..\/blog.uploads\/2014\/07\/2014-06-08_064_5DmII.jpg 678w, https:\/\/www.escapades-photographiques.ch\/Site\/blog\/..\/blog.uploads\/2014\/07\/2014-06-08_064_5DmII-300x200.jpg 300w\" sizes=\"(max-width: 678px) 100vw, 678px\" \/><p id=\"caption-attachment-2173\" class=\"wp-caption-text\">Vue sur la Cima Trubbio et la Bochetta di Muino encore enneig\u00e9e<\/p><\/div>\n<div id=\"attachment_2174\" style=\"width: 688px\" class=\"wp-caption alignnone\"><img aria-describedby=\"caption-attachment-2174\" decoding=\"async\" loading=\"lazy\" title=\"Val Onsernone  depuis Alpe Pianezza di Vocogno\" src=\"\/\/www.escapades-photographiques.ch\/Site\/blog\/..\/blog.uploads\/2014\/07\/2014-06-08_075_5DmII.jpg\" alt=\"Val Onsernone  depuis Alpe Pianezza di Vocogno\" width=\"678\" height=\"452\" class=\"size-full wp-image-2174\" srcset=\"https:\/\/www.escapades-photographiques.ch\/Site\/blog\/..\/blog.uploads\/2014\/07\/2014-06-08_075_5DmII.jpg 678w, https:\/\/www.escapades-photographiques.ch\/Site\/blog\/..\/blog.uploads\/2014\/07\/2014-06-08_075_5DmII-300x200.jpg 300w\" sizes=\"(max-width: 678px) 100vw, 678px\" \/><p id=\"caption-attachment-2174\" class=\"wp-caption-text\">Val Onsernone  depuis Alpe Pianezza di Vocogno<\/p><\/div>\n<div id=\"attachment_2175\" style=\"width: 688px\" class=\"wp-caption alignnone\"><img aria-describedby=\"caption-attachment-2175\" decoding=\"async\" loading=\"lazy\" title=\"Val Onsernone depuis Alpe Tenda\" src=\"\/\/www.escapades-photographiques.ch\/Site\/blog\/..\/blog.uploads\/2014\/07\/2014-06-08_085_5DmII.jpg\" alt=\"Val Onsernone depuis Alpe Tenda\" width=\"678\" height=\"452\" class=\"size-full wp-image-2175\" srcset=\"https:\/\/www.escapades-photographiques.ch\/Site\/blog\/..\/blog.uploads\/2014\/07\/2014-06-08_085_5DmII.jpg 678w, https:\/\/www.escapades-photographiques.ch\/Site\/blog\/..\/blog.uploads\/2014\/07\/2014-06-08_085_5DmII-300x200.jpg 300w\" sizes=\"(max-width: 678px) 100vw, 678px\" \/><p id=\"caption-attachment-2175\" class=\"wp-caption-text\">Val Onsernone depuis Alpe Tenda<\/p><\/div>\n<div id=\"attachment_2176\" style=\"width: 688px\" class=\"wp-caption alignnone\"><img aria-describedby=\"caption-attachment-2176\" decoding=\"async\" loading=\"lazy\" title=\"Alpe i Motti au-dessus du val Vigezzo avec le massif de Val Grande\" src=\"\/\/www.escapades-photographiques.ch\/Site\/blog\/..\/blog.uploads\/2014\/07\/2014-06-08_089_5DmII.jpg\" alt=\"Alpe i Motti au-dessus du val Vigezzo avec le massif de Val Grande en arri\u00e8re plan\" width=\"678\" height=\"452\" class=\"size-full wp-image-2176\" srcset=\"https:\/\/www.escapades-photographiques.ch\/Site\/blog\/..\/blog.uploads\/2014\/07\/2014-06-08_089_5DmII.jpg 678w, https:\/\/www.escapades-photographiques.ch\/Site\/blog\/..\/blog.uploads\/2014\/07\/2014-06-08_089_5DmII-300x200.jpg 300w\" sizes=\"(max-width: 678px) 100vw, 678px\" \/><p id=\"caption-attachment-2176\" class=\"wp-caption-text\">Alpe i Motti au-dessus du val Vigezzo avec le massif de <a href=\"http:\/\/www.parks.it\/parco.nazionale.valgrande\/Findex.php\" target=\"_blank\">Val Grande<\/a> en arri\u00e8re plan<\/p><\/div>\n<div id=\"attachment_2177\" style=\"width: 688px\" class=\"wp-caption alignnone\"><img aria-describedby=\"caption-attachment-2177\" decoding=\"async\" loading=\"lazy\" title=\"Passo di Fontanalba encore bien enneig\u00e9\" src=\"\/\/www.escapades-photographiques.ch\/Site\/blog\/..\/blog.uploads\/2014\/07\/2014-06-08_091_5DmII.jpg\" alt=\"Passo di Fontanalba encore bien enneig\u00e9\" width=\"678\" height=\"452\" class=\"size-full wp-image-2177\" srcset=\"https:\/\/www.escapades-photographiques.ch\/Site\/blog\/..\/blog.uploads\/2014\/07\/2014-06-08_091_5DmII.jpg 678w, https:\/\/www.escapades-photographiques.ch\/Site\/blog\/..\/blog.uploads\/2014\/07\/2014-06-08_091_5DmII-300x200.jpg 300w\" sizes=\"(max-width: 678px) 100vw, 678px\" \/><p id=\"caption-attachment-2177\" class=\"wp-caption-text\">Passo di Fontanalba encore bien enneig\u00e9<\/p><\/div>\n<div id=\"attachment_2178\" style=\"width: 688px\" class=\"wp-caption alignnone\"><img aria-describedby=\"caption-attachment-2178\" decoding=\"async\" loading=\"lazy\" title=\"Depuis le Forcola di Larecchio vue sur le Lago di Larecchio (Weissmies et Fletschhorn au fond)\" src=\"\/\/www.escapades-photographiques.ch\/Site\/blog\/..\/blog.uploads\/2014\/07\/2014-06-08_092_5DmII.jpg\" alt=\"Depuis le Forcola di Larecchio vue sur le Lago di Larecchio (Weissmies et Fletschhorn au fond)\" width=\"678\" height=\"452\" class=\"size-full wp-image-2178\" srcset=\"https:\/\/www.escapades-photographiques.ch\/Site\/blog\/..\/blog.uploads\/2014\/07\/2014-06-08_092_5DmII.jpg 678w, https:\/\/www.escapades-photographiques.ch\/Site\/blog\/..\/blog.uploads\/2014\/07\/2014-06-08_092_5DmII-300x200.jpg 300w\" sizes=\"(max-width: 678px) 100vw, 678px\" \/><p id=\"caption-attachment-2178\" class=\"wp-caption-text\">Depuis le Forcola di Larecchio vue sur le Lago di Larecchio (Weissmies et Fletschhorn au fond)<\/p><\/div>\n<div id=\"attachment_2180\" style=\"width: 688px\" class=\"wp-caption alignleft\"><img aria-describedby=\"caption-attachment-2180\" decoding=\"async\" loading=\"lazy\" title=\"Forcola di Larecchio\" src=\"\/\/www.escapades-photographiques.ch\/Site\/blog\/..\/blog.uploads\/2014\/07\/2014-06-08_098_5DmII.jpg\" alt=\"Forcola di Larecchio\" width=\"678\" height=\"452\" class=\"size-full wp-image-2180\" srcset=\"https:\/\/www.escapades-photographiques.ch\/Site\/blog\/..\/blog.uploads\/2014\/07\/2014-06-08_098_5DmII.jpg 678w, https:\/\/www.escapades-photographiques.ch\/Site\/blog\/..\/blog.uploads\/2014\/07\/2014-06-08_098_5DmII-300x200.jpg 300w\" sizes=\"(max-width: 678px) 100vw, 678px\" \/><p id=\"caption-attachment-2180\" class=\"wp-caption-text\">Forcola di Larecchio<\/p><\/div>\n<div id=\"attachment_2179\" style=\"width: 327px\" class=\"wp-caption aligncenter\"><img aria-describedby=\"caption-attachment-2179\" decoding=\"async\" loading=\"lazy\" title=\"Forcola di Larecchio (nouveaux panneaux indicateurs) et papillon...\" src=\"\/\/www.escapades-photographiques.ch\/Site\/blog\/..\/blog.uploads\/2014\/07\/2014-06-08_097_5DmII.jpg\" alt=\"Forcola di Larecchio (nouveaux panneaux indicateurs) et papillon...\" width=\"317\" height=\"476\" class=\"size-full wp-image-2179\" srcset=\"https:\/\/www.escapades-photographiques.ch\/Site\/blog\/..\/blog.uploads\/2014\/07\/2014-06-08_097_5DmII.jpg 317w, https:\/\/www.escapades-photographiques.ch\/Site\/blog\/..\/blog.uploads\/2014\/07\/2014-06-08_097_5DmII-199x300.jpg 199w\" sizes=\"(max-width: 317px) 100vw, 317px\" \/><p id=\"caption-attachment-2179\" class=\"wp-caption-text\">Forcola di Larecchio (nouveaux panneaux indicateurs) et papillon&#8230;<\/p><\/div>\n<div id=\"attachment_2181\" style=\"width: 688px\" class=\"wp-caption alignnone\"><img aria-describedby=\"caption-attachment-2181\" decoding=\"async\" loading=\"lazy\" title=\"Lieu de bivouac au-dessus d&#039;Alpe Galeria avec le Pizzo di Fontanalba au fond\" src=\"\/\/www.escapades-photographiques.ch\/Site\/blog\/..\/blog.uploads\/2014\/07\/2014-06-08_114_5DmII.jpg\" alt=\"Lieu de bivouac au-dessus d&#039;Alpe Galeria avec le Pizzo di Fontanalba au fond\" width=\"678\" height=\"452\" class=\"size-full wp-image-2181\" srcset=\"https:\/\/www.escapades-photographiques.ch\/Site\/blog\/..\/blog.uploads\/2014\/07\/2014-06-08_114_5DmII.jpg 678w, https:\/\/www.escapades-photographiques.ch\/Site\/blog\/..\/blog.uploads\/2014\/07\/2014-06-08_114_5DmII-300x200.jpg 300w\" sizes=\"(max-width: 678px) 100vw, 678px\" \/><p id=\"caption-attachment-2181\" class=\"wp-caption-text\">Lieu de bivouac au-dessus d&rsquo;Alpe Galeria avec le Pizzo di Fontanalba au fond<\/p><\/div>\n<p><br style=\"clear: both;\" \/><br \/>\n<strong>Lundi 9 juin<\/strong><\/p>\n<div id=\"attachment_2233\" style=\"width: 688px\" class=\"wp-caption alignnone\"><img aria-describedby=\"caption-attachment-2233\" decoding=\"async\" loading=\"lazy\" title=\"Lever de soleil sur un petit lac glaciaire au-dessus d\u2019Alpe Galeria\" src=\"\/\/www.escapades-photographiques.ch\/Site\/blog\/..\/blog.uploads\/2014\/07\/2014-06-09_051_5DmII.jpg\" alt=\"Lever de soleil sur un petit lac glaciaire au-dessus d\u2019Alpe Galeria\" width=\"678\" height=\"452\" class=\"size-full wp-image-2233\" srcset=\"https:\/\/www.escapades-photographiques.ch\/Site\/blog\/..\/blog.uploads\/2014\/07\/2014-06-09_051_5DmII.jpg 678w, https:\/\/www.escapades-photographiques.ch\/Site\/blog\/..\/blog.uploads\/2014\/07\/2014-06-09_051_5DmII-300x200.jpg 300w\" sizes=\"(max-width: 678px) 100vw, 678px\" \/><p id=\"caption-attachment-2233\" class=\"wp-caption-text\">Lever de soleil sur un petit lac glaciaire au-dessus d\u2019Alpe Galeria<\/p><\/div>\n<div id=\"attachment_2183\" style=\"width: 688px\" class=\"wp-caption alignnone\"><img aria-describedby=\"caption-attachment-2183\" decoding=\"async\" loading=\"lazy\" title=\"Pioda del Corno et Pioda di Crana au-dessus d&#039;un petit lac glaciaire\" src=\"\/\/www.escapades-photographiques.ch\/Site\/blog\/..\/blog.uploads\/2014\/07\/2014-06-09_058_5DmII.jpg\" alt=\"Pioda del Corno et Pioda di Crana au-dessus d&#039;un petit lac glaciaire\" width=\"678\" height=\"452\" class=\"size-full wp-image-2183\" srcset=\"https:\/\/www.escapades-photographiques.ch\/Site\/blog\/..\/blog.uploads\/2014\/07\/2014-06-09_058_5DmII.jpg 678w, https:\/\/www.escapades-photographiques.ch\/Site\/blog\/..\/blog.uploads\/2014\/07\/2014-06-09_058_5DmII-300x200.jpg 300w\" sizes=\"(max-width: 678px) 100vw, 678px\" \/><p id=\"caption-attachment-2183\" class=\"wp-caption-text\">Pioda del Corno et Pioda di Crana au-dessus d&rsquo;un petit lac glaciaire<\/p><\/div>\n<div id=\"attachment_2236\" style=\"width: 688px\" class=\"wp-caption alignnone\"><img aria-describedby=\"caption-attachment-2236\" decoding=\"async\" loading=\"lazy\" title=\"Alpe Galeria et haut du val Onsernone au lever du soleil\" src=\"\/\/www.escapades-photographiques.ch\/Site\/blog\/..\/blog.uploads\/2014\/07\/2014-06-09_081_5DmII.jpg\" alt=\"Alpe Galeria et haut du val Onsernone au lever du soleil\" width=\"678\" height=\"452\" class=\"size-full wp-image-2236\" srcset=\"https:\/\/www.escapades-photographiques.ch\/Site\/blog\/..\/blog.uploads\/2014\/07\/2014-06-09_081_5DmII.jpg 678w, https:\/\/www.escapades-photographiques.ch\/Site\/blog\/..\/blog.uploads\/2014\/07\/2014-06-09_081_5DmII-300x200.jpg 300w\" sizes=\"(max-width: 678px) 100vw, 678px\" \/><p id=\"caption-attachment-2236\" class=\"wp-caption-text\">Alpe Galeria et haut du val Onsernone au lever du soleil<\/p><\/div>\n<div id=\"attachment_2185\" style=\"width: 688px\" class=\"wp-caption alignnone\"><img aria-describedby=\"caption-attachment-2185\" decoding=\"async\" loading=\"lazy\" title=\"Haut du val Onsernone au lever du soleil\" src=\"\/\/www.escapades-photographiques.ch\/Site\/blog\/..\/blog.uploads\/2014\/07\/2014-06-09_087_5DmII.jpg\" alt=\"Haut du val Onsernone au lever du soleil\" width=\"678\" height=\"451\" class=\"size-full wp-image-2185\" srcset=\"https:\/\/www.escapades-photographiques.ch\/Site\/blog\/..\/blog.uploads\/2014\/07\/2014-06-09_087_5DmII.jpg 678w, https:\/\/www.escapades-photographiques.ch\/Site\/blog\/..\/blog.uploads\/2014\/07\/2014-06-09_087_5DmII-300x199.jpg 300w\" sizes=\"(max-width: 678px) 100vw, 678px\" \/><p id=\"caption-attachment-2185\" class=\"wp-caption-text\">Haut du val Onsernone au lever du soleil<\/p><\/div>\n<div id=\"attachment_2186\" style=\"width: 688px\" class=\"wp-caption alignnone\"><img aria-describedby=\"caption-attachment-2186\" decoding=\"async\" loading=\"lazy\" title=\"Lieu de bivouac dans les crocus avec le Pizzo della Forcola au fond\" src=\"\/\/www.escapades-photographiques.ch\/Site\/blog\/..\/blog.uploads\/2014\/07\/2014-06-09_097_5DmII.jpg\" alt=\"Lieu de bivouac dans les crocus avec le Pizzo della Forcola au fond\" width=\"678\" height=\"452\" class=\"size-full wp-image-2186\" srcset=\"https:\/\/www.escapades-photographiques.ch\/Site\/blog\/..\/blog.uploads\/2014\/07\/2014-06-09_097_5DmII.jpg 678w, https:\/\/www.escapades-photographiques.ch\/Site\/blog\/..\/blog.uploads\/2014\/07\/2014-06-09_097_5DmII-300x200.jpg 300w\" sizes=\"(max-width: 678px) 100vw, 678px\" \/><p id=\"caption-attachment-2186\" class=\"wp-caption-text\">Lieu de bivouac dans les crocus avec le Pizzo della Forcola au fond<\/p><\/div>\n<div id=\"attachment_2187\" style=\"width: 688px\" class=\"wp-caption alignnone\"><img aria-describedby=\"caption-attachment-2187\" decoding=\"async\" loading=\"lazy\" title=\"Lago Panelatte encore pris dans les glaces\" src=\"\/\/www.escapades-photographiques.ch\/Site\/blog\/..\/blog.uploads\/2014\/07\/2014-06-09_099_5DmII.jpg\" alt=\"Lago Panelatte encore pris dans les glaces\" width=\"678\" height=\"452\" class=\"size-full wp-image-2187\" srcset=\"https:\/\/www.escapades-photographiques.ch\/Site\/blog\/..\/blog.uploads\/2014\/07\/2014-06-09_099_5DmII.jpg 678w, https:\/\/www.escapades-photographiques.ch\/Site\/blog\/..\/blog.uploads\/2014\/07\/2014-06-09_099_5DmII-300x200.jpg 300w\" sizes=\"(max-width: 678px) 100vw, 678px\" \/><p id=\"caption-attachment-2187\" class=\"wp-caption-text\">Lago Panelatte encore pris dans les glaces<\/p><\/div>\n<div id=\"attachment_2188\" style=\"width: 688px\" class=\"wp-caption alignnone\"><img aria-describedby=\"caption-attachment-2188\" decoding=\"async\" loading=\"lazy\" title=\"Pioda di Crana\" src=\"\/\/www.escapades-photographiques.ch\/Site\/blog\/..\/blog.uploads\/2014\/07\/2014-06-09_103_5DmII.jpg\" alt=\"Pioda di Crana\" width=\"678\" height=\"452\" class=\"size-full wp-image-2188\" srcset=\"https:\/\/www.escapades-photographiques.ch\/Site\/blog\/..\/blog.uploads\/2014\/07\/2014-06-09_103_5DmII.jpg 678w, https:\/\/www.escapades-photographiques.ch\/Site\/blog\/..\/blog.uploads\/2014\/07\/2014-06-09_103_5DmII-300x200.jpg 300w\" sizes=\"(max-width: 678px) 100vw, 678px\" \/><p id=\"caption-attachment-2188\" class=\"wp-caption-text\">Pioda di Crana<\/p><\/div>\n<div id=\"attachment_2189\" style=\"width: 688px\" class=\"wp-caption alignnone\"><img aria-describedby=\"caption-attachment-2189\" decoding=\"async\" loading=\"lazy\" title=\"Massif de Val Grande\" src=\"\/\/www.escapades-photographiques.ch\/Site\/blog\/..\/blog.uploads\/2014\/07\/2014-06-09_104_5DmII.jpg\" alt=\"Massif de Val Grande \" width=\"678\" height=\"452\" class=\"size-full wp-image-2189\" srcset=\"https:\/\/www.escapades-photographiques.ch\/Site\/blog\/..\/blog.uploads\/2014\/07\/2014-06-09_104_5DmII.jpg 678w, https:\/\/www.escapades-photographiques.ch\/Site\/blog\/..\/blog.uploads\/2014\/07\/2014-06-09_104_5DmII-300x200.jpg 300w\" sizes=\"(max-width: 678px) 100vw, 678px\" \/><p id=\"caption-attachment-2189\" class=\"wp-caption-text\">Massif de <a href=\"http:\/\/www.parks.it\/parco.nazionale.valgrande\/Findex.php\" target=\"_blank\">Val Grande<\/a><\/p><\/div>\n<div id=\"attachment_2190\" style=\"width: 688px\" class=\"wp-caption alignnone\"><img aria-describedby=\"caption-attachment-2190\" decoding=\"async\" loading=\"lazy\" title=\"Alpe i Motti et les marches du sentier montant au Passo di Fontanalba\" src=\"\/\/www.escapades-photographiques.ch\/Site\/blog\/..\/blog.uploads\/2014\/07\/2014-06-09_108_5DmII.jpg\" alt=\"Alpe i Motti et les marches du sentier montant au Passo di Fontanalba\" width=\"678\" height=\"452\" class=\"size-full wp-image-2190\" srcset=\"https:\/\/www.escapades-photographiques.ch\/Site\/blog\/..\/blog.uploads\/2014\/07\/2014-06-09_108_5DmII.jpg 678w, https:\/\/www.escapades-photographiques.ch\/Site\/blog\/..\/blog.uploads\/2014\/07\/2014-06-09_108_5DmII-300x200.jpg 300w\" sizes=\"(max-width: 678px) 100vw, 678px\" \/><p id=\"caption-attachment-2190\" class=\"wp-caption-text\">Alpe i Motti et les marches du sentier montant au Passo di Fontanalba<\/p><\/div>\n<div id=\"attachment_2191\" style=\"width: 688px\" class=\"wp-caption alignnone\"><img aria-describedby=\"caption-attachment-2191\" decoding=\"async\" loading=\"lazy\" title=\"Alpages pr\u00e8s d&#039;Arvogno au-dessus du Val Vigezzo\" src=\"\/\/www.escapades-photographiques.ch\/Site\/blog\/..\/blog.uploads\/2014\/07\/2014-06-09_117_5DmII.jpg\" alt=\"Alpages pr\u00e8s d&#039;Arvogno au-dessus du Val Vigezzo\" width=\"678\" height=\"451\" class=\"size-full wp-image-2191\" srcset=\"https:\/\/www.escapades-photographiques.ch\/Site\/blog\/..\/blog.uploads\/2014\/07\/2014-06-09_117_5DmII.jpg 678w, https:\/\/www.escapades-photographiques.ch\/Site\/blog\/..\/blog.uploads\/2014\/07\/2014-06-09_117_5DmII-300x199.jpg 300w\" sizes=\"(max-width: 678px) 100vw, 678px\" \/><p id=\"caption-attachment-2191\" class=\"wp-caption-text\">Alpages pr\u00e8s d&rsquo;Arvogno au-dessus du Val Vigezzo<\/p><\/div>\n<p><strong>Animations panoramiques<\/strong><\/p>\n\n<!-- PanoPress [1.0] -->\n<p style=\"font-size: 12px;\" id=\"pp_333224_explain\"><code><em>Note: aucune animation panoramique possible car Javascript n'est pas activ\u00e9. Veuillez l'activer pour afficher les animations.<\/em><\/code><\/p>\n<div class=\"pp-embed\" id=\"pp_333224_embed\"><img src=\"\/\/www.escapades-photographiques.ch\/Site\/blog\/..\/blog.uploads\/panoramics\/%5B2014-06-08_026_5DmII%5D-%5B2014-06-08_028_5DmII%5D_(3%20images)\/image_blog\/%5B2014-06-08_026_5DmII%5D-%5B2014-06-08_028_5DmII%5D_(3%20images).jpg\" alt=\"Animation panoramique\" title=\"Vue sur Alpe Pianezza di Vocogno et la vall\u00e9e Onsernone au lever du soleil\" class=\"aligncenter size-full\" \/><\/div>\n<script type=\"text\/javascript\">\n  jQuery( function() { pano_display.pano_embed( {\"explain\":true,\"id\":\"pp_333224\",\"obj_panopress\":{\"id\":\"pp_333224\",\"type\":\"html\",\"version\":\"4.0\",\"viewer\":null,\"width\":\"690\",\"height\":\"460\",\"title\":\"Vue sur Alpe Pianezza di Vocogno et la vall\\u00e9e Onsernone au lever du soleil\",\"alt\":null,\"button\":true,\"panobox\":false,\"preview\":\"\",\"file\":\"\/\/www.escapades-photographiques.ch\/Site\/blog\/..\/blog.uploads\/panoramics\/%5B2014-06-08_026_5DmII%5D-%5B2014-06-08_028_5DmII%5D_(3%20images)\/%5B2014-06-08_026_5DmII%5D-%5B2014-06-08_028_5DmII%5D_(3%20images).html\",\"button_img\":\"\/\/www.escapades-photographiques.ch\/Site\/blog\/..\/blog.uploads\/panoramics\/%5B2014-06-08_026_5DmII%5D-%5B2014-06-08_028_5DmII%5D_(3%20images)\/image_blog\/%5B2014-06-08_026_5DmII%5D-%5B2014-06-08_028_5DmII%5D_(3%20images).play.jpg\",\"params\":{\"base\":\"\/\/www.escapades-photographiques.ch\/Site\/blog\/..\/blog.uploads\/panoramics\/%5B2014-06-08_026_5DmII%5D-%5B2014-06-08_028_5DmII%5D_(3%20images)\/\"}},\"panobox\":false,\"settings_alt\":null,\"settings_preview\":\"\",\"width\":\"690\",\"height\":\"460\"}); } );\n<\/script>\n<p style=\"text-align: center;padding-top: 8px;\">Vue sur Alpe Pianezza di Vocogno et la vall\u00e9e Onsernone au lever du soleil<\/p>\n<!-- \/PanoPress -->\n\n\n<!-- PanoPress [1.0] -->\n<div class=\"pp-embed\" id=\"pp_163315_embed\"><img src=\"\/\/www.escapades-photographiques.ch\/Site\/blog\/..\/blog.uploads\/panoramics\/%5B2014-06-08_067_5DmII%5D-%5B2014-06-08_069_5DmII%5D_(3%20images)\/image_blog\/%5B2014-06-08_067_5DmII%5D-%5B2014-06-08_069_5DmII%5D_(3%20images).jpg\" alt=\"Animation panoramique\" title=\"Vue sur la vall\u00e9e Onsernone et la Cima del Sassone encore enneig\u00e9e\" class=\"aligncenter size-full\" \/><\/div>\n<script type=\"text\/javascript\">\n  jQuery( function() { pano_display.pano_embed( {\"explain\":null,\"id\":\"pp_163315\",\"obj_panopress\":{\"id\":\"pp_163315\",\"type\":\"html\",\"version\":\"4.0\",\"viewer\":null,\"width\":\"690\",\"height\":\"460\",\"title\":\"Vue sur la vall\\u00e9e Onsernone et la Cima del Sassone encore enneig\\u00e9e\",\"alt\":null,\"button\":true,\"panobox\":false,\"preview\":\"\",\"file\":\"\/\/www.escapades-photographiques.ch\/Site\/blog\/..\/blog.uploads\/panoramics\/%5B2014-06-08_067_5DmII%5D-%5B2014-06-08_069_5DmII%5D_(3%20images)\/%5B2014-06-08_067_5DmII%5D-%5B2014-06-08_069_5DmII%5D_(3%20images).html\",\"button_img\":\"\/\/www.escapades-photographiques.ch\/Site\/blog\/..\/blog.uploads\/panoramics\/%5B2014-06-08_067_5DmII%5D-%5B2014-06-08_069_5DmII%5D_(3%20images)\/image_blog\/%5B2014-06-08_067_5DmII%5D-%5B2014-06-08_069_5DmII%5D_(3%20images).play.jpg\",\"params\":{\"base\":\"\/\/www.escapades-photographiques.ch\/Site\/blog\/..\/blog.uploads\/panoramics\/%5B2014-06-08_067_5DmII%5D-%5B2014-06-08_069_5DmII%5D_(3%20images)\/\"}},\"panobox\":false,\"settings_alt\":null,\"settings_preview\":\"\",\"width\":\"690\",\"height\":\"460\"}); } );\n<\/script>\n<p style=\"text-align: center;padding-top: 8px;\">Vue sur la vall\u00e9e Onsernone et la Cima del Sassone encore enneig\u00e9e<\/p>\n<!-- \/PanoPress -->\n\n\n<!-- PanoPress [1.0] -->\n<div class=\"pp-embed\" id=\"pp_298566_embed\"><img src=\"\/\/www.escapades-photographiques.ch\/Site\/blog\/..\/blog.uploads\/panoramics\/%5B2014-06-07_041_5DmII%5D-%5B2014-06-07_044_5DmII%5D_(4%20images)\/image_blog\/%5B2014-06-07_041_5DmII%5D-%5B2014-06-07_044_5DmII%5D_(4%20images).jpg\" alt=\"Animation panoramique\" title=\"Vue sur Alpe Pianezza di Vocogno et la vall\u00e9e Onsernone au coucher du soleil\" class=\"aligncenter size-full\" \/><\/div>\n<script type=\"text\/javascript\">\n  jQuery( function() { pano_display.pano_embed( {\"explain\":null,\"id\":\"pp_298566\",\"obj_panopress\":{\"id\":\"pp_298566\",\"type\":\"html\",\"version\":\"4.0\",\"viewer\":null,\"width\":\"690\",\"height\":\"460\",\"title\":\"Vue sur Alpe Pianezza di Vocogno et la vall\\u00e9e Onsernone au coucher du soleil\",\"alt\":null,\"button\":true,\"panobox\":false,\"preview\":\"\",\"file\":\"\/\/www.escapades-photographiques.ch\/Site\/blog\/..\/blog.uploads\/panoramics\/%5B2014-06-07_041_5DmII%5D-%5B2014-06-07_044_5DmII%5D_(4%20images)\/%5B2014-06-07_041_5DmII%5D-%5B2014-06-07_044_5DmII%5D_(4%20images).html\",\"button_img\":\"\/\/www.escapades-photographiques.ch\/Site\/blog\/..\/blog.uploads\/panoramics\/%5B2014-06-07_041_5DmII%5D-%5B2014-06-07_044_5DmII%5D_(4%20images)\/image_blog\/%5B2014-06-07_041_5DmII%5D-%5B2014-06-07_044_5DmII%5D_(4%20images).play.jpg\",\"params\":{\"base\":\"\/\/www.escapades-photographiques.ch\/Site\/blog\/..\/blog.uploads\/panoramics\/%5B2014-06-07_041_5DmII%5D-%5B2014-06-07_044_5DmII%5D_(4%20images)\/\"}},\"panobox\":false,\"settings_alt\":null,\"settings_preview\":\"\",\"width\":\"690\",\"height\":\"460\"}); } );\n<\/script>\n<p style=\"text-align: center;padding-top: 8px;\">Vue sur Alpe Pianezza di Vocogno et la vall\u00e9e Onsernone au coucher du soleil<\/p>\n<!-- \/PanoPress -->\n\n\n<!-- PanoPress [1.0] -->\n<div class=\"pp-embed\" id=\"pp_152451_embed\"><img src=\"\/\/www.escapades-photographiques.ch\/Site\/blog\/..\/blog.uploads\/panoramics\/%5B2014-06-08_080_5DmII%5D-%5B2014-06-08_084_5DmII%5D_(5%20images)\/image_blog\/%5B2014-06-08_080_5DmII%5D-%5B2014-06-08_084_5DmII%5D_(5%20images).jpg\" alt=\"Animation panoramique\" title=\"Vall\u00e9e Onsernone, Alpes tessinoises et Cima del Sassone depuis Alpe Tenda\" class=\"aligncenter size-full\" \/><\/div>\n<script type=\"text\/javascript\">\n  jQuery( function() { pano_display.pano_embed( {\"explain\":null,\"id\":\"pp_152451\",\"obj_panopress\":{\"id\":\"pp_152451\",\"type\":\"html\",\"version\":\"4.0\",\"viewer\":null,\"width\":\"690\",\"height\":\"460\",\"title\":\"Vall\\u00e9e Onsernone, Alpes tessinoises et Cima del Sassone depuis Alpe Tenda\",\"alt\":null,\"button\":true,\"panobox\":false,\"preview\":\"\",\"file\":\"\/\/www.escapades-photographiques.ch\/Site\/blog\/..\/blog.uploads\/panoramics\/%5B2014-06-08_080_5DmII%5D-%5B2014-06-08_084_5DmII%5D_(5%20images)\/%5B2014-06-08_080_5DmII%5D-%5B2014-06-08_084_5DmII%5D_(5%20images).html\",\"button_img\":\"\/\/www.escapades-photographiques.ch\/Site\/blog\/..\/blog.uploads\/panoramics\/%5B2014-06-08_080_5DmII%5D-%5B2014-06-08_084_5DmII%5D_(5%20images)\/image_blog\/%5B2014-06-08_080_5DmII%5D-%5B2014-06-08_084_5DmII%5D_(5%20images).play.jpg\",\"params\":{\"base\":\"\/\/www.escapades-photographiques.ch\/Site\/blog\/..\/blog.uploads\/panoramics\/%5B2014-06-08_080_5DmII%5D-%5B2014-06-08_084_5DmII%5D_(5%20images)\/\"}},\"panobox\":false,\"settings_alt\":null,\"settings_preview\":\"\",\"width\":\"690\",\"height\":\"460\"}); } );\n<\/script>\n<p style=\"text-align: center;padding-top: 8px;\">Vall\u00e9e Onsernone, Alpes tessinoises et Cima del Sassone depuis Alpe Tenda<\/p>\n<!-- \/PanoPress -->\n\n\n<!-- PanoPress [1.0] -->\n<div class=\"pp-embed\" id=\"pp_465534_embed\"><img src=\"\/\/www.escapades-photographiques.ch\/Site\/blog\/..\/blog.uploads\/panoramics\/%5B2014-06-08_118_5DmII%5D-%5B2014-06-08_122_5DmII%5D_(5%20images)\/image_blog\/%5B2014-06-08_118_5DmII%5D-%5B2014-06-08_122_5DmII%5D_(5%20images).jpg\" alt=\"Animation panoramique\" title=\"Fin de journ\u00e9e au-dessus d'Alpe Galeria dans le haut du val Onsernone (partie italienne)\" class=\"aligncenter size-full\" \/><\/div>\n<script type=\"text\/javascript\">\n  jQuery( function() { pano_display.pano_embed( {\"explain\":null,\"id\":\"pp_465534\",\"obj_panopress\":{\"id\":\"pp_465534\",\"type\":\"html\",\"version\":\"4.0\",\"viewer\":null,\"width\":\"690\",\"height\":\"460\",\"title\":\"Fin de journ\\u00e9e au-dessus d'Alpe Galeria dans le haut du val Onsernone (partie italienne)\",\"alt\":null,\"button\":true,\"panobox\":false,\"preview\":\"\",\"file\":\"\/\/www.escapades-photographiques.ch\/Site\/blog\/..\/blog.uploads\/panoramics\/%5B2014-06-08_118_5DmII%5D-%5B2014-06-08_122_5DmII%5D_(5%20images)\/%5B2014-06-08_118_5DmII%5D-%5B2014-06-08_122_5DmII%5D_(5%20images).html\",\"button_img\":\"\/\/www.escapades-photographiques.ch\/Site\/blog\/..\/blog.uploads\/panoramics\/%5B2014-06-08_118_5DmII%5D-%5B2014-06-08_122_5DmII%5D_(5%20images)\/image_blog\/%5B2014-06-08_118_5DmII%5D-%5B2014-06-08_122_5DmII%5D_(5%20images).play.jpg\",\"params\":{\"base\":\"\/\/www.escapades-photographiques.ch\/Site\/blog\/..\/blog.uploads\/panoramics\/%5B2014-06-08_118_5DmII%5D-%5B2014-06-08_122_5DmII%5D_(5%20images)\/\"}},\"panobox\":false,\"settings_alt\":null,\"settings_preview\":\"\",\"width\":\"690\",\"height\":\"460\"}); } );\n<\/script>\n<p style=\"text-align: center;padding-top: 8px;\">Fin de journ\u00e9e au-dessus d'Alpe Galeria dans le haut du val Onsernone (partie italienne)<\/p>\n<!-- \/PanoPress -->\n\n","protected":false},"excerpt":{"rendered":"<p>Compte rendu en images d&rsquo;une rando-bivouac qui s&rsquo;est d\u00e9roul\u00e9e entre le 7 et le 9 juin 2014 dans la partie italienne du val Onsernone (plus d&rsquo;infos sur le val Onsernone ici). Encore pas mal de neige pour la saison dans cette r\u00e9gion des Alpes. M\u00e9t\u00e9o magnifique durant ce week-end de Pentec\u00f4te avec un risque d&rsquo;orages <a href='https:\/\/www.escapades-photographiques.ch\/Site\/blog\/2014\/randonnee\/randonnee-dans-la-partie-italienne-du-val-onsernone\/' class='excerpt-more'>[&#8230;]<\/a><\/p>\n","protected":false},"author":1,"featured_media":0,"comment_status":"open","ping_status":"open","sticky":false,"template":"","format":"standard","meta":{"footnotes":""},"categories":[204],"tags":[382,378,372,377,376,374,375,380,381,387,379,373,383,384,386,385,371],"_links":{"self":[{"href":"https:\/\/www.escapades-photographiques.ch\/Site\/blog\/wp-json\/wp\/v2\/posts\/2194"}],"collection":[{"href":"https:\/\/www.escapades-photographiques.ch\/Site\/blog\/wp-json\/wp\/v2\/posts"}],"about":[{"href":"https:\/\/www.escapades-photographiques.ch\/Site\/blog\/wp-json\/wp\/v2\/types\/post"}],"author":[{"embeddable":true,"href":"https:\/\/www.escapades-photographiques.ch\/Site\/blog\/wp-json\/wp\/v2\/users\/1"}],"replies":[{"embeddable":true,"href":"https:\/\/www.escapades-photographiques.ch\/Site\/blog\/wp-json\/wp\/v2\/comments?post=2194"}],"version-history":[{"count":48,"href":"https:\/\/www.escapades-photographiques.ch\/Site\/blog\/wp-json\/wp\/v2\/posts\/2194\/revisions"}],"predecessor-version":[{"id":2244,"href":"https:\/\/www.escapades-photographiques.ch\/Site\/blog\/wp-json\/wp\/v2\/posts\/2194\/revisions\/2244"}],"wp:attachment":[{"href":"https:\/\/www.escapades-photographiques.ch\/Site\/blog\/wp-json\/wp\/v2\/media?parent=2194"}],"wp:term":[{"taxonomy":"category","embeddable":true,"href":"https:\/\/www.escapades-photographiques.ch\/Site\/blog\/wp-json\/wp\/v2\/categories?post=2194"},{"taxonomy":"post_tag","embeddable":true,"href":"https:\/\/www.escapades-photographiques.ch\/Site\/blog\/wp-json\/wp\/v2\/tags?post=2194"}],"curies":[{"name":"wp","href":"https:\/\/api.w.org\/{rel}","templated":true}]}}