{"id":2246,"date":"2014-11-09T16:48:09","date_gmt":"2014-11-09T15:48:09","guid":{"rendered":"http:\/\/www.escapades-photographiques.ch\/Site\/blog\/?p=2246"},"modified":"2014-11-09T16:49:48","modified_gmt":"2014-11-09T15:49:48","slug":"tour-de-la-grande-casse-vanoise","status":"publish","type":"post","link":"https:\/\/www.escapades-photographiques.ch\/Site\/blog\/2014\/randonnee\/tour-de-la-grande-casse-vanoise\/","title":{"rendered":"Compte rendu en images du tour de la Grande Casse effectu\u00e9 en septembre dans la Vanoise"},"content":{"rendered":"<p>Petit compte rendu en images d&rsquo;une randonn\u00e9e sur quatre jours effectu\u00e9e autour de la Grande Casse en Vanoise entre le 6 et le 9 septembre 2014.<\/p>\n<p>D\u00e9tail de l&rsquo;itin\u00e9raire:<\/p>\n<ul>\n<li>6 septembre: Laisonnay d&rsquo;en bas, col de la Croix des Fr\u00eates, nuit au refuge du col du Palet.<\/li>\n<\/ul>\n<ul>\n<li>7 septembre: refuge du col du Palet, col du Palet, val Claret, col de la Leisse, col de la Vanoise, nuit au refuge du col de la Vanoise.<\/li>\n<\/ul>\n<ul>\n<li>8 septembre: refuge du col de la Vanoise, col Rosset, col de Leschaux, Refuge du Grand Bec, Plan Fournier, passage au pied de la tour du Merle, nuit au refuge du Plan des Gouilles.<\/li>\n<\/ul>\n<ul>\n<li>9 septembre: refuge du Plan des Gouilles, Champagny-le-Haut, Laisonnay d&rsquo;en bas (fin de la boucle).<\/li>\n<\/ul>\n<div id=\"attachment_2248\" style=\"width: 688px\" class=\"wp-caption alignnone\"><img aria-describedby=\"caption-attachment-2248\" decoding=\"async\" loading=\"lazy\" title=\"Lac du Grattaleu pr\u00e8s du refuge du col du Palet\" src=\"\/\/www.escapades-photographiques.ch\/Site\/blog\/..\/blog.uploads\/2014\/11\/2014-09-06_006_RX100III.jpg\" alt=\"Lac du Grattaleu pr\u00e8s du refuge du col du Palet\" width=\"678\" height=\"452\" class=\"size-full wp-image-2248\" srcset=\"https:\/\/www.escapades-photographiques.ch\/Site\/blog\/..\/blog.uploads\/2014\/11\/2014-09-06_006_RX100III.jpg 678w, https:\/\/www.escapades-photographiques.ch\/Site\/blog\/..\/blog.uploads\/2014\/11\/2014-09-06_006_RX100III-300x200.jpg 300w\" sizes=\"(max-width: 678px) 100vw, 678px\" \/><p id=\"caption-attachment-2248\" class=\"wp-caption-text\">Lac du Grattaleu pr\u00e8s du refuge du col du Palet<\/p><\/div>\n<div id=\"attachment_2249\" style=\"width: 688px\" class=\"wp-caption alignnone\"><img aria-describedby=\"caption-attachment-2249\" decoding=\"async\" loading=\"lazy\" title=\"Refuge du Col du Palet\" src=\"\/\/www.escapades-photographiques.ch\/Site\/blog\/..\/blog.uploads\/2014\/11\/2014-09-07_002_RX100III.jpg\" alt=\"Refuge du Col du Palet\" width=\"678\" height=\"452\" class=\"size-full wp-image-2249\" srcset=\"https:\/\/www.escapades-photographiques.ch\/Site\/blog\/..\/blog.uploads\/2014\/11\/2014-09-07_002_RX100III.jpg 678w, https:\/\/www.escapades-photographiques.ch\/Site\/blog\/..\/blog.uploads\/2014\/11\/2014-09-07_002_RX100III-300x200.jpg 300w\" sizes=\"(max-width: 678px) 100vw, 678px\" \/><p id=\"caption-attachment-2249\" class=\"wp-caption-text\">Refuge du Col du Palet<\/p><\/div>\n<div id=\"attachment_2250\" style=\"width: 688px\" class=\"wp-caption alignnone\"><img aria-describedby=\"caption-attachment-2250\" decoding=\"async\" loading=\"lazy\" title=\"Massif de la Grande Sassi\u00e8re avec la Tsanteleina (depuis le col du Palet, t\u00f4t le matin)\" src=\"\/\/www.escapades-photographiques.ch\/Site\/blog\/..\/blog.uploads\/2014\/11\/2014-09-07_003_RX100III.jpg\" alt=\"Massif de la Grande Sassi\u00e8re avec la Tsanteleina (depuis le col du Palet, t\u00f4t le matin)\" width=\"678\" height=\"452\" class=\"size-full wp-image-2250\" srcset=\"https:\/\/www.escapades-photographiques.ch\/Site\/blog\/..\/blog.uploads\/2014\/11\/2014-09-07_003_RX100III.jpg 678w, https:\/\/www.escapades-photographiques.ch\/Site\/blog\/..\/blog.uploads\/2014\/11\/2014-09-07_003_RX100III-300x200.jpg 300w\" sizes=\"(max-width: 678px) 100vw, 678px\" \/><p id=\"caption-attachment-2250\" class=\"wp-caption-text\">Massif de la Grande Sassi\u00e8re avec la Tsanteleina (depuis le col du Palet, t\u00f4t le matin)<\/p><\/div>\n<div id=\"attachment_2252\" style=\"width: 688px\" class=\"wp-caption alignnone\"><img aria-describedby=\"caption-attachment-2252\" decoding=\"async\" loading=\"lazy\" title=\"Petit lac avec la Grande Motte\" src=\"\/\/www.escapades-photographiques.ch\/Site\/blog\/..\/blog.uploads\/2014\/11\/2014-09-07_017_RX100III.jpg\" alt=\"Petit lac avec la Grande Motte\" width=\"678\" height=\"452\" class=\"size-full wp-image-2252\" srcset=\"https:\/\/www.escapades-photographiques.ch\/Site\/blog\/..\/blog.uploads\/2014\/11\/2014-09-07_017_RX100III.jpg 678w, https:\/\/www.escapades-photographiques.ch\/Site\/blog\/..\/blog.uploads\/2014\/11\/2014-09-07_017_RX100III-300x200.jpg 300w\" sizes=\"(max-width: 678px) 100vw, 678px\" \/><p id=\"caption-attachment-2252\" class=\"wp-caption-text\">Petit lac avec la Grande Motte<\/p><\/div>\n<div id=\"attachment_2253\" style=\"width: 688px\" class=\"wp-caption alignnone\"><img aria-describedby=\"caption-attachment-2253\" decoding=\"async\" loading=\"lazy\" title=\"Lac des Nettes en descendant du col de la Leisse\" src=\"\/\/www.escapades-photographiques.ch\/Site\/blog\/..\/blog.uploads\/2014\/11\/2014-09-07_019_RX100III.jpg\" alt=\"Lac des Nettes en descendant du col de la Leisse\" width=\"678\" height=\"452\" class=\"size-full wp-image-2253\" srcset=\"https:\/\/www.escapades-photographiques.ch\/Site\/blog\/..\/blog.uploads\/2014\/11\/2014-09-07_019_RX100III.jpg 678w, https:\/\/www.escapades-photographiques.ch\/Site\/blog\/..\/blog.uploads\/2014\/11\/2014-09-07_019_RX100III-300x200.jpg 300w\" sizes=\"(max-width: 678px) 100vw, 678px\" \/><p id=\"caption-attachment-2253\" class=\"wp-caption-text\">Lac des Nettes en descendant du col de la Leisse<\/p><\/div>\n<div id=\"attachment_2254\" style=\"width: 688px\" class=\"wp-caption alignnone\"><img aria-describedby=\"caption-attachment-2254\" decoding=\"async\" loading=\"lazy\" title=\"Vallon de la Leisse avec \u00e0 droite la face sud-est de la Grande Casse\" src=\"\/\/www.escapades-photographiques.ch\/Site\/blog\/..\/blog.uploads\/2014\/11\/2014-09-07_023_RX100III.jpg\" alt=\"Vallon de la Leisse avec \u00e0 droite la face sud-est de la Grande Casse\" width=\"678\" height=\"452\" class=\"size-full wp-image-2254\" srcset=\"https:\/\/www.escapades-photographiques.ch\/Site\/blog\/..\/blog.uploads\/2014\/11\/2014-09-07_023_RX100III.jpg 678w, https:\/\/www.escapades-photographiques.ch\/Site\/blog\/..\/blog.uploads\/2014\/11\/2014-09-07_023_RX100III-300x200.jpg 300w\" sizes=\"(max-width: 678px) 100vw, 678px\" \/><p id=\"caption-attachment-2254\" class=\"wp-caption-text\">Vallon de la Leisse avec \u00e0 droite la face sud-est de la Grande Casse<\/p><\/div>\n<div id=\"attachment_2255\" style=\"width: 688px\" class=\"wp-caption alignnone\"><img aria-describedby=\"caption-attachment-2255\" decoding=\"async\" loading=\"lazy\" title=\"Nuages lenticulaires au dessus du col de Pierre Blanche\" src=\"\/\/www.escapades-photographiques.ch\/Site\/blog\/..\/blog.uploads\/2014\/11\/2014-09-07_031_RX100III.jpg\" alt=\"Nuages lenticulaires au-dessus du col de Pierre Blanche\" width=\"678\" height=\"452\" class=\"size-full wp-image-2255\" srcset=\"https:\/\/www.escapades-photographiques.ch\/Site\/blog\/..\/blog.uploads\/2014\/11\/2014-09-07_031_RX100III.jpg 678w, https:\/\/www.escapades-photographiques.ch\/Site\/blog\/..\/blog.uploads\/2014\/11\/2014-09-07_031_RX100III-300x200.jpg 300w\" sizes=\"(max-width: 678px) 100vw, 678px\" \/><p id=\"caption-attachment-2255\" class=\"wp-caption-text\">Nuages lenticulaires au-dessus du col de Pierre Blanche<\/p><\/div>\n<div id=\"attachment_2256\" style=\"width: 688px\" class=\"wp-caption alignnone\"><img aria-describedby=\"caption-attachment-2256\" decoding=\"async\" loading=\"lazy\" title=\"Etagne (femelle du bouquetin)  en montant au col de la Vanoise au-dessus du vallon de la Leisse\" src=\"\/\/www.escapades-photographiques.ch\/Site\/blog\/..\/blog.uploads\/2014\/11\/2014-09-07_043_RX100III.jpg\" alt=\"Etagne (femelle du bouquetin)  en montant au col de la Vanoise au-dessus du vallon de la Leisse\" width=\"678\" height=\"452\" class=\"size-full wp-image-2256\" srcset=\"https:\/\/www.escapades-photographiques.ch\/Site\/blog\/..\/blog.uploads\/2014\/11\/2014-09-07_043_RX100III.jpg 678w, https:\/\/www.escapades-photographiques.ch\/Site\/blog\/..\/blog.uploads\/2014\/11\/2014-09-07_043_RX100III-300x200.jpg 300w\" sizes=\"(max-width: 678px) 100vw, 678px\" \/><p id=\"caption-attachment-2256\" class=\"wp-caption-text\">Etagne (femelle du bouquetin)  en montant au col de la Vanoise au-dessus du vallon de la Leisse<\/p><\/div>\n<div id=\"attachment_2257\" style=\"width: 688px\" class=\"wp-caption alignnone\"><img aria-describedby=\"caption-attachment-2257\" decoding=\"async\" loading=\"lazy\" title=\"Etagnes en montant au col de la Vanoise\" src=\"\/\/www.escapades-photographiques.ch\/Site\/blog\/..\/blog.uploads\/2014\/11\/2014-09-07_063_RX100III.jpg\" alt=\"Etagnes en montant au col de la Vanoise\" width=\"678\" height=\"452\" class=\"size-full wp-image-2257\" srcset=\"https:\/\/www.escapades-photographiques.ch\/Site\/blog\/..\/blog.uploads\/2014\/11\/2014-09-07_063_RX100III.jpg 678w, https:\/\/www.escapades-photographiques.ch\/Site\/blog\/..\/blog.uploads\/2014\/11\/2014-09-07_063_RX100III-300x200.jpg 300w\" sizes=\"(max-width: 678px) 100vw, 678px\" \/><p id=\"caption-attachment-2257\" class=\"wp-caption-text\">Etagnes en montant au col de la Vanoise<\/p><\/div>\n<div id=\"attachment_2259\" style=\"width: 688px\" class=\"wp-caption alignnone\"><img aria-describedby=\"caption-attachment-2259\" decoding=\"async\" loading=\"lazy\" title=\"Cairns lors de la mont\u00e9e au col de la Vanoise (versant sud-est)\" src=\"\/\/www.escapades-photographiques.ch\/Site\/blog\/..\/blog.uploads\/2014\/11\/2014-09-07_070_RX100III.jpg\" alt=\"Cairns lors de la mont\u00e9e au col de la Vanoise (versant sud-est)\" width=\"678\" height=\"452\" class=\"size-full wp-image-2259\" srcset=\"https:\/\/www.escapades-photographiques.ch\/Site\/blog\/..\/blog.uploads\/2014\/11\/2014-09-07_070_RX100III.jpg 678w, https:\/\/www.escapades-photographiques.ch\/Site\/blog\/..\/blog.uploads\/2014\/11\/2014-09-07_070_RX100III-300x200.jpg 300w\" sizes=\"(max-width: 678px) 100vw, 678px\" \/><p id=\"caption-attachment-2259\" class=\"wp-caption-text\">Cairns lors de la mont\u00e9e au col de la Vanoise (versant sud-est)<\/p><\/div>\n<div id=\"attachment_2260\" style=\"width: 688px\" class=\"wp-caption alignnone\"><img aria-describedby=\"caption-attachment-2260\" decoding=\"async\" loading=\"lazy\" title=\"Lac du col de la Vanoise\" src=\"\/\/www.escapades-photographiques.ch\/Site\/blog\/..\/blog.uploads\/2014\/11\/2014-09-07_079_RX100III.jpg\" alt=\"Lac du col de la Vanoise\" width=\"678\" height=\"452\" class=\"size-full wp-image-2260\" srcset=\"https:\/\/www.escapades-photographiques.ch\/Site\/blog\/..\/blog.uploads\/2014\/11\/2014-09-07_079_RX100III.jpg 678w, https:\/\/www.escapades-photographiques.ch\/Site\/blog\/..\/blog.uploads\/2014\/11\/2014-09-07_079_RX100III-300x200.jpg 300w\" sizes=\"(max-width: 678px) 100vw, 678px\" \/><p id=\"caption-attachment-2260\" class=\"wp-caption-text\">Lac du col de la Vanoise<\/p><\/div>\n<div id=\"attachment_2258\" style=\"width: 327px\" class=\"wp-caption alignleft\"><img aria-describedby=\"caption-attachment-2258\" decoding=\"async\" loading=\"lazy\" title=\"Etagnes en montant au col de la Vanoise\" src=\"\/\/www.escapades-photographiques.ch\/Site\/blog\/..\/blog.uploads\/2014\/11\/2014-09-07_066_RX100III.jpg\" alt=\"Etagnes en montant au col de la Vanoise\" width=\"317\" height=\"476\" class=\"size-full wp-image-2258\" srcset=\"https:\/\/www.escapades-photographiques.ch\/Site\/blog\/..\/blog.uploads\/2014\/11\/2014-09-07_066_RX100III.jpg 317w, https:\/\/www.escapades-photographiques.ch\/Site\/blog\/..\/blog.uploads\/2014\/11\/2014-09-07_066_RX100III-199x300.jpg 199w\" sizes=\"(max-width: 317px) 100vw, 317px\" \/><p id=\"caption-attachment-2258\" class=\"wp-caption-text\">Etagnes en montant au col de la Vanoise<\/p><\/div>\n<div id=\"attachment_2261\" style=\"width: 327px\" class=\"wp-caption alignleft\"><img aria-describedby=\"caption-attachment-2261\" decoding=\"async\" loading=\"lazy\" title=\"En montant au col Rosset: vue sur la vall\u00e9e en direction de Pralognan-la-Vanoise\" src=\"\/\/www.escapades-photographiques.ch\/Site\/blog\/..\/blog.uploads\/2014\/11\/2014-09-08_002_RX100III.jpg\" alt=\"En montant au col Rosset: vue sur la vall\u00e9e en direction de Pralognan-la-Vanoise\" width=\"317\" height=\"476\" class=\"size-full wp-image-2261\" srcset=\"https:\/\/www.escapades-photographiques.ch\/Site\/blog\/..\/blog.uploads\/2014\/11\/2014-09-08_002_RX100III.jpg 317w, https:\/\/www.escapades-photographiques.ch\/Site\/blog\/..\/blog.uploads\/2014\/11\/2014-09-08_002_RX100III-199x300.jpg 199w\" sizes=\"(max-width: 317px) 100vw, 317px\" \/><p id=\"caption-attachment-2261\" class=\"wp-caption-text\">En montant au col Rosset: vue sur la vall\u00e9e en direction de Pralognan-la-Vanoise<\/p><\/div>\n<div id=\"attachment_2262\" style=\"width: 688px\" class=\"wp-caption alignnone\"><img aria-describedby=\"caption-attachment-2262\" decoding=\"async\" loading=\"lazy\" title=\"Bouquetins au col Rosset\" src=\"\/\/www.escapades-photographiques.ch\/Site\/blog\/..\/blog.uploads\/2014\/11\/2014-09-08_018_RX100III.jpg\" alt=\"Bouquetins au col Rosset\" width=\"678\" height=\"452\" class=\"size-full wp-image-2262\" srcset=\"https:\/\/www.escapades-photographiques.ch\/Site\/blog\/..\/blog.uploads\/2014\/11\/2014-09-08_018_RX100III.jpg 678w, https:\/\/www.escapades-photographiques.ch\/Site\/blog\/..\/blog.uploads\/2014\/11\/2014-09-08_018_RX100III-300x200.jpg 300w\" sizes=\"(max-width: 678px) 100vw, 678px\" \/><p id=\"caption-attachment-2262\" class=\"wp-caption-text\">Bouquetins au col Rosset<\/p><\/div>\n<div id=\"attachment_2263\" style=\"width: 688px\" class=\"wp-caption alignnone\"><img aria-describedby=\"caption-attachment-2263\" decoding=\"async\" loading=\"lazy\" title=\"Sentier a\u00e9rien entre le cirque du Creux Noir et le col de Leschaux\" src=\"\/\/www.escapades-photographiques.ch\/Site\/blog\/..\/blog.uploads\/2014\/11\/2014-09-08_021_RX100III.jpg\" alt=\"Sentier a\u00e9rien entre le cirque du Creux Noir et le col de Leschaux\" width=\"678\" height=\"452\" class=\"size-full wp-image-2263\" srcset=\"https:\/\/www.escapades-photographiques.ch\/Site\/blog\/..\/blog.uploads\/2014\/11\/2014-09-08_021_RX100III.jpg 678w, https:\/\/www.escapades-photographiques.ch\/Site\/blog\/..\/blog.uploads\/2014\/11\/2014-09-08_021_RX100III-300x200.jpg 300w\" sizes=\"(max-width: 678px) 100vw, 678px\" \/><p id=\"caption-attachment-2263\" class=\"wp-caption-text\">Sentier a\u00e9rien entre le cirque du Creux Noir et le col de Leschaux<\/p><\/div>\n<div id=\"attachment_2264\" style=\"width: 688px\" class=\"wp-caption alignnone\"><img aria-describedby=\"caption-attachment-2264\" decoding=\"async\" loading=\"lazy\" title=\"Refuge du Grand Bec vers midi\" src=\"\/\/www.escapades-photographiques.ch\/Site\/blog\/..\/blog.uploads\/2014\/11\/2014-09-08_029_RX100III.jpg\" alt=\"Refuge du Grand Bec vers midi\" width=\"678\" height=\"452\" class=\"size-full wp-image-2264\" srcset=\"https:\/\/www.escapades-photographiques.ch\/Site\/blog\/..\/blog.uploads\/2014\/11\/2014-09-08_029_RX100III.jpg 678w, https:\/\/www.escapades-photographiques.ch\/Site\/blog\/..\/blog.uploads\/2014\/11\/2014-09-08_029_RX100III-300x200.jpg 300w\" sizes=\"(max-width: 678px) 100vw, 678px\" \/><p id=\"caption-attachment-2264\" class=\"wp-caption-text\">Refuge du Grand Bec vers midi<\/p><\/div>\n<div id=\"attachment_2265\" style=\"width: 688px\" class=\"wp-caption alignnone\"><img aria-describedby=\"caption-attachment-2265\" decoding=\"async\" loading=\"lazy\" title=\"Refuge du Plan des Gouilles\" src=\"\/\/www.escapades-photographiques.ch\/Site\/blog\/..\/blog.uploads\/2014\/11\/2014-09-08_038_RX100III.jpg\" alt=\"Refuge du Plan des Gouilles\" width=\"678\" height=\"452\" class=\"size-full wp-image-2265\" srcset=\"https:\/\/www.escapades-photographiques.ch\/Site\/blog\/..\/blog.uploads\/2014\/11\/2014-09-08_038_RX100III.jpg 678w, https:\/\/www.escapades-photographiques.ch\/Site\/blog\/..\/blog.uploads\/2014\/11\/2014-09-08_038_RX100III-300x200.jpg 300w\" sizes=\"(max-width: 678px) 100vw, 678px\" \/><p id=\"caption-attachment-2265\" class=\"wp-caption-text\">Refuge du Plan des Gouilles<\/p><\/div>\n<div id=\"attachment_2266\" style=\"width: 510px\" class=\"wp-caption aligncenter\"><img aria-describedby=\"caption-attachment-2266\" decoding=\"async\" loading=\"lazy\" title=\"Eglise de Champagny-le-Haut\" src=\"\/\/www.escapades-photographiques.ch\/Site\/blog\/..\/blog.uploads\/2014\/11\/2014-09-09_004_RX100III.jpg\" alt=\"Eglise de Champagny-le-Haut\" width=\"500\" height=\"750\" class=\"size-full wp-image-2266\" srcset=\"https:\/\/www.escapades-photographiques.ch\/Site\/blog\/..\/blog.uploads\/2014\/11\/2014-09-09_004_RX100III.jpg 500w, https:\/\/www.escapades-photographiques.ch\/Site\/blog\/..\/blog.uploads\/2014\/11\/2014-09-09_004_RX100III-200x300.jpg 200w\" sizes=\"(max-width: 500px) 100vw, 500px\" \/><p id=\"caption-attachment-2266\" class=\"wp-caption-text\">Eglise de Champagny-le-Haut<\/p><\/div>\n","protected":false},"excerpt":{"rendered":"<p>Petit compte rendu en images d&rsquo;une randonn\u00e9e sur quatre jours effectu\u00e9e autour de la Grande Casse en Vanoise entre le 6 et le 9 septembre 2014. D\u00e9tail de l&rsquo;itin\u00e9raire: 6 septembre: Laisonnay d&rsquo;en bas, col de la Croix des Fr\u00eates, nuit au refuge du col du Palet. 7 septembre: refuge du col du Palet, col <a href='https:\/\/www.escapades-photographiques.ch\/Site\/blog\/2014\/randonnee\/tour-de-la-grande-casse-vanoise\/' class='excerpt-more'>[&#8230;]<\/a><\/p>\n","protected":false},"author":1,"featured_media":0,"comment_status":"open","ping_status":"open","sticky":false,"template":"","format":"standard","meta":{"footnotes":""},"categories":[204],"tags":[236,389,391,401,393,390,397,400,392,398,399,394,388],"_links":{"self":[{"href":"https:\/\/www.escapades-photographiques.ch\/Site\/blog\/wp-json\/wp\/v2\/posts\/2246"}],"collection":[{"href":"https:\/\/www.escapades-photographiques.ch\/Site\/blog\/wp-json\/wp\/v2\/posts"}],"about":[{"href":"https:\/\/www.escapades-photographiques.ch\/Site\/blog\/wp-json\/wp\/v2\/types\/post"}],"author":[{"embeddable":true,"href":"https:\/\/www.escapades-photographiques.ch\/Site\/blog\/wp-json\/wp\/v2\/users\/1"}],"replies":[{"embeddable":true,"href":"https:\/\/www.escapades-photographiques.ch\/Site\/blog\/wp-json\/wp\/v2\/comments?post=2246"}],"version-history":[{"count":23,"href":"https:\/\/www.escapades-photographiques.ch\/Site\/blog\/wp-json\/wp\/v2\/posts\/2246\/revisions"}],"predecessor-version":[{"id":2289,"href":"https:\/\/www.escapades-photographiques.ch\/Site\/blog\/wp-json\/wp\/v2\/posts\/2246\/revisions\/2289"}],"wp:attachment":[{"href":"https:\/\/www.escapades-photographiques.ch\/Site\/blog\/wp-json\/wp\/v2\/media?parent=2246"}],"wp:term":[{"taxonomy":"category","embeddable":true,"href":"https:\/\/www.escapades-photographiques.ch\/Site\/blog\/wp-json\/wp\/v2\/categories?post=2246"},{"taxonomy":"post_tag","embeddable":true,"href":"https:\/\/www.escapades-photographiques.ch\/Site\/blog\/wp-json\/wp\/v2\/tags?post=2246"}],"curies":[{"name":"wp","href":"https:\/\/api.w.org\/{rel}","templated":true}]}}