{"id":227,"date":"2012-05-08T23:33:07","date_gmt":"2012-05-08T21:33:07","guid":{"rendered":"http:\/\/www.escapades-photographiques.ch\/Site\/blog\/?p=227"},"modified":"2012-05-22T21:18:14","modified_gmt":"2012-05-22T19:18:14","slug":"follateres_28-avril","status":"publish","type":"post","link":"https:\/\/www.escapades-photographiques.ch\/Site\/blog\/2012\/flore\/follateres_28-avril\/","title":{"rendered":"Sortie aux Follat\u00e8res le 28 avril 2012"},"content":{"rendered":"<p>Petite s\u00e9lection de la flore observ\u00e9e aux Follat\u00e8res pr\u00e8s de Branson (Valais) le 28 avril 2012 par une m\u00e9t\u00e9o domin\u00e9e par une tr\u00e8s grande chaleur et le foehn soufflant en temp\u00eate (conditions de prise de vue compliqu\u00e9es).<\/p>\n<div id=\"attachment_228\" style=\"width: 688px\" class=\"wp-caption alignleft\"><img aria-describedby=\"caption-attachment-228\" decoding=\"async\" loading=\"lazy\" class=\"size-full wp-image-228 \" title=\"Adonis vernalis (Adonis du printemps)\" src=\"\/\/www.escapades-photographiques.ch\/Site\/blog\/..\/blog.uploads\/2012\/05\/013_2012-04-28_5DmII.out_.jpg\" alt=\"\" width=\"678\" height=\"452\" srcset=\"https:\/\/www.escapades-photographiques.ch\/Site\/blog\/..\/blog.uploads\/2012\/05\/013_2012-04-28_5DmII.out_.jpg 678w, https:\/\/www.escapades-photographiques.ch\/Site\/blog\/..\/blog.uploads\/2012\/05\/013_2012-04-28_5DmII.out_-300x200.jpg 300w\" sizes=\"(max-width: 678px) 100vw, 678px\" \/><p id=\"caption-attachment-228\" class=\"wp-caption-text\">Adonis vernalis (Adonis du printemps)<\/p><\/div>\n<div id=\"attachment_285\" style=\"width: 327px\" class=\"wp-caption alignleft\"><img aria-describedby=\"caption-attachment-285\" decoding=\"async\" loading=\"lazy\" class=\"size-full wp-image-285 \" title=\"Pulsatilla montana (Pulsatille des montagnes)\" src=\"\/\/www.escapades-photographiques.ch\/Site\/blog\/..\/blog.uploads\/2012\/05\/034_2012-04-28_5DmII.out_.jpg\" alt=\"\" width=\"317\" height=\"476\" srcset=\"https:\/\/www.escapades-photographiques.ch\/Site\/blog\/..\/blog.uploads\/2012\/05\/034_2012-04-28_5DmII.out_.jpg 317w, https:\/\/www.escapades-photographiques.ch\/Site\/blog\/..\/blog.uploads\/2012\/05\/034_2012-04-28_5DmII.out_-199x300.jpg 199w\" sizes=\"(max-width: 317px) 100vw, 317px\" \/><p id=\"caption-attachment-285\" class=\"wp-caption-text\">Pulsatilla montana (Pulsatille des montagnes)<\/p><\/div>\n<div id=\"attachment_286\" style=\"width: 327px\" class=\"wp-caption alignleft\"><img aria-describedby=\"caption-attachment-286\" decoding=\"async\" loading=\"lazy\" class=\"size-full wp-image-286 \" title=\"Anacamptis morio (Orchis bouffon)\" src=\"\/\/www.escapades-photographiques.ch\/Site\/blog\/..\/blog.uploads\/2012\/05\/048_2012-04-28_5DmII.out_.jpg\" alt=\"\" width=\"317\" height=\"476\" srcset=\"https:\/\/www.escapades-photographiques.ch\/Site\/blog\/..\/blog.uploads\/2012\/05\/048_2012-04-28_5DmII.out_.jpg 317w, https:\/\/www.escapades-photographiques.ch\/Site\/blog\/..\/blog.uploads\/2012\/05\/048_2012-04-28_5DmII.out_-199x300.jpg 199w\" sizes=\"(max-width: 317px) 100vw, 317px\" \/><p id=\"caption-attachment-286\" class=\"wp-caption-text\">Anacamptis morio (Orchis bouffon)<\/p><\/div>\n<div id=\"attachment_291\" style=\"width: 327px\" class=\"wp-caption alignleft\"><img aria-describedby=\"caption-attachment-291\" decoding=\"async\" loading=\"lazy\" class=\"size-full wp-image-291\" title=\"Dactylorhiza sambucina (Orchis sureau)\" src=\"\/\/www.escapades-photographiques.ch\/Site\/blog\/..\/blog.uploads\/2012\/05\/057_2012-04-28_5DmII.out_.jpg\" alt=\"\" width=\"317\" height=\"476\" srcset=\"https:\/\/www.escapades-photographiques.ch\/Site\/blog\/..\/blog.uploads\/2012\/05\/057_2012-04-28_5DmII.out_.jpg 317w, https:\/\/www.escapades-photographiques.ch\/Site\/blog\/..\/blog.uploads\/2012\/05\/057_2012-04-28_5DmII.out_-199x300.jpg 199w\" sizes=\"(max-width: 317px) 100vw, 317px\" \/><p id=\"caption-attachment-291\" class=\"wp-caption-text\">Dactylorhiza sambucina (Orchis sureau)<\/p><\/div>\n<div id=\"attachment_292\" style=\"width: 327px\" class=\"wp-caption alignleft\"><img aria-describedby=\"caption-attachment-292\" decoding=\"async\" loading=\"lazy\" class=\"size-full wp-image-292\" title=\"Anacamptis morio (Orchis bouffon)\" src=\"\/\/www.escapades-photographiques.ch\/Site\/blog\/..\/blog.uploads\/2012\/05\/060_2012-04-28_5DmII.out_.jpg\" alt=\"\" width=\"317\" height=\"476\" srcset=\"https:\/\/www.escapades-photographiques.ch\/Site\/blog\/..\/blog.uploads\/2012\/05\/060_2012-04-28_5DmII.out_.jpg 317w, https:\/\/www.escapades-photographiques.ch\/Site\/blog\/..\/blog.uploads\/2012\/05\/060_2012-04-28_5DmII.out_-199x300.jpg 199w\" sizes=\"(max-width: 317px) 100vw, 317px\" \/><p id=\"caption-attachment-292\" class=\"wp-caption-text\">Anacamptis morio (Orchis bouffon)<\/p><\/div>\n<div id=\"attachment_293\" style=\"width: 327px\" class=\"wp-caption alignleft\"><img aria-describedby=\"caption-attachment-293\" decoding=\"async\" loading=\"lazy\" class=\"size-full wp-image-293\" title=\"Neotinea ustulata (Orchis br\u00fbl\u00e9)\" src=\"\/\/www.escapades-photographiques.ch\/Site\/blog\/..\/blog.uploads\/2012\/05\/067_2012-04-28_5DmII.out_.jpg\" alt=\"\" width=\"317\" height=\"476\" srcset=\"https:\/\/www.escapades-photographiques.ch\/Site\/blog\/..\/blog.uploads\/2012\/05\/067_2012-04-28_5DmII.out_.jpg 317w, https:\/\/www.escapades-photographiques.ch\/Site\/blog\/..\/blog.uploads\/2012\/05\/067_2012-04-28_5DmII.out_-199x300.jpg 199w\" sizes=\"(max-width: 317px) 100vw, 317px\" \/><p id=\"caption-attachment-293\" class=\"wp-caption-text\">Neotinea ustulata (Orchis br\u00fbl\u00e9)<\/p><\/div>\n","protected":false},"excerpt":{"rendered":"<p>Petite s\u00e9lection de la flore observ\u00e9e aux Follat\u00e8res pr\u00e8s de Branson (Valais) le 28 avril 2012 par une m\u00e9t\u00e9o domin\u00e9e par une tr\u00e8s grande chaleur et le foehn soufflant en temp\u00eate (conditions de prise de vue compliqu\u00e9es).<\/p>\n","protected":false},"author":1,"featured_media":0,"comment_status":"open","ping_status":"open","sticky":false,"template":"","format":"standard","meta":{"footnotes":""},"categories":[41],"tags":[47,42,44,45,51,46,49,50,66,43,48],"_links":{"self":[{"href":"https:\/\/www.escapades-photographiques.ch\/Site\/blog\/wp-json\/wp\/v2\/posts\/227"}],"collection":[{"href":"https:\/\/www.escapades-photographiques.ch\/Site\/blog\/wp-json\/wp\/v2\/posts"}],"about":[{"href":"https:\/\/www.escapades-photographiques.ch\/Site\/blog\/wp-json\/wp\/v2\/types\/post"}],"author":[{"embeddable":true,"href":"https:\/\/www.escapades-photographiques.ch\/Site\/blog\/wp-json\/wp\/v2\/users\/1"}],"replies":[{"embeddable":true,"href":"https:\/\/www.escapades-photographiques.ch\/Site\/blog\/wp-json\/wp\/v2\/comments?post=227"}],"version-history":[{"count":54,"href":"https:\/\/www.escapades-photographiques.ch\/Site\/blog\/wp-json\/wp\/v2\/posts\/227\/revisions"}],"predecessor-version":[{"id":327,"href":"https:\/\/www.escapades-photographiques.ch\/Site\/blog\/wp-json\/wp\/v2\/posts\/227\/revisions\/327"}],"wp:attachment":[{"href":"https:\/\/www.escapades-photographiques.ch\/Site\/blog\/wp-json\/wp\/v2\/media?parent=227"}],"wp:term":[{"taxonomy":"category","embeddable":true,"href":"https:\/\/www.escapades-photographiques.ch\/Site\/blog\/wp-json\/wp\/v2\/categories?post=227"},{"taxonomy":"post_tag","embeddable":true,"href":"https:\/\/www.escapades-photographiques.ch\/Site\/blog\/wp-json\/wp\/v2\/tags?post=227"}],"curies":[{"name":"wp","href":"https:\/\/api.w.org\/{rel}","templated":true}]}}