{"id":301,"date":"2012-05-09T19:57:13","date_gmt":"2012-05-09T17:57:13","guid":{"rendered":"http:\/\/www.escapades-photographiques.ch\/Site\/blog\/?p=301"},"modified":"2012-06-05T19:34:16","modified_gmt":"2012-06-05T17:34:16","slug":"sortie-dans-louest-genevois_1_mai","status":"publish","type":"post","link":"https:\/\/www.escapades-photographiques.ch\/Site\/blog\/2012\/flore\/sortie-dans-louest-genevois_1_mai\/","title":{"rendered":"Sortie \u00ab\u00a0orchid\u00e9es\u00a0\u00bb vers Chancy et le pied du Jura effectu\u00e9e le 1 mai 2012"},"content":{"rendered":"<p>Petite s\u00e9lection des orchid\u00e9es et de la faune observ\u00e9es dans la r\u00e9gion de Chancy (ouest du canton de Gen\u00e8ve) et d\u00e9bordant sur le c\u00f4t\u00e9 fran\u00e7ais (Haute-Savoie):<\/p>\n<div id=\"attachment_302\" style=\"width: 327px\" class=\"wp-caption alignleft\"><img aria-describedby=\"caption-attachment-302\" decoding=\"async\" loading=\"lazy\" class=\"size-full wp-image-302\" title=\"Anacamptis morio (Orchis bouffon)\" src=\"\/\/www.escapades-photographiques.ch\/Site\/blog\/..\/blog.uploads\/2012\/05\/009_2012-05-01_5DmII.jpg\" alt=\"\" width=\"317\" height=\"476\" srcset=\"https:\/\/www.escapades-photographiques.ch\/Site\/blog\/..\/blog.uploads\/2012\/05\/009_2012-05-01_5DmII.jpg 317w, https:\/\/www.escapades-photographiques.ch\/Site\/blog\/..\/blog.uploads\/2012\/05\/009_2012-05-01_5DmII-199x300.jpg 199w\" sizes=\"(max-width: 317px) 100vw, 317px\" \/><p id=\"caption-attachment-302\" class=\"wp-caption-text\">Anacamptis morio (Orchis bouffon)<\/p><\/div>\n<div id=\"attachment_303\" style=\"width: 327px\" class=\"wp-caption alignleft\"><img aria-describedby=\"caption-attachment-303\" decoding=\"async\" loading=\"lazy\" class=\"size-full wp-image-303\" title=\"Ophrys insectifera (Ophrys mouche)\" src=\"\/\/www.escapades-photographiques.ch\/Site\/blog\/..\/blog.uploads\/2012\/05\/017_2012-05-01_5DmII.jpg\" alt=\"\" width=\"317\" height=\"476\" srcset=\"https:\/\/www.escapades-photographiques.ch\/Site\/blog\/..\/blog.uploads\/2012\/05\/017_2012-05-01_5DmII.jpg 317w, https:\/\/www.escapades-photographiques.ch\/Site\/blog\/..\/blog.uploads\/2012\/05\/017_2012-05-01_5DmII-199x300.jpg 199w\" sizes=\"(max-width: 317px) 100vw, 317px\" \/><p id=\"caption-attachment-303\" class=\"wp-caption-text\">Ophrys insectifera (Ophrys mouche)<\/p><\/div>\n<div id=\"attachment_304\" style=\"width: 688px\" class=\"wp-caption alignleft\"><img aria-describedby=\"caption-attachment-304\" decoding=\"async\" loading=\"lazy\" class=\"size-full wp-image-304\" title=\"Ophrys sphegodes aussi appel\u00e9 Ophrys aranifera (Ophrys araign\u00e9e)\" src=\"\/\/www.escapades-photographiques.ch\/Site\/blog\/..\/blog.uploads\/2012\/05\/033_2012-05-01_5DmII.jpg\" alt=\"\" width=\"678\" height=\"452\" srcset=\"https:\/\/www.escapades-photographiques.ch\/Site\/blog\/..\/blog.uploads\/2012\/05\/033_2012-05-01_5DmII.jpg 678w, https:\/\/www.escapades-photographiques.ch\/Site\/blog\/..\/blog.uploads\/2012\/05\/033_2012-05-01_5DmII-300x200.jpg 300w\" sizes=\"(max-width: 678px) 100vw, 678px\" \/><p id=\"caption-attachment-304\" class=\"wp-caption-text\">Ophrys sphegodes aussi appel\u00e9 Ophrys aranifera (Ophrys araign\u00e9e)<\/p><\/div>\n<div id=\"attachment_305\" style=\"width: 688px\" class=\"wp-caption alignleft\"><img aria-describedby=\"caption-attachment-305\" decoding=\"async\" loading=\"lazy\" class=\"size-full wp-image-305\" title=\"Listera ovata (List\u00e8re \u00e0 feuilles ovales)\" src=\"\/\/www.escapades-photographiques.ch\/Site\/blog\/..\/blog.uploads\/2012\/05\/047_2012-05-01_5DmII.jpg\" alt=\"\" width=\"678\" height=\"452\" srcset=\"https:\/\/www.escapades-photographiques.ch\/Site\/blog\/..\/blog.uploads\/2012\/05\/047_2012-05-01_5DmII.jpg 678w, https:\/\/www.escapades-photographiques.ch\/Site\/blog\/..\/blog.uploads\/2012\/05\/047_2012-05-01_5DmII-300x200.jpg 300w\" sizes=\"(max-width: 678px) 100vw, 678px\" \/><p id=\"caption-attachment-305\" class=\"wp-caption-text\">Listera ovata (List\u00e8re \u00e0 feuilles ovales)<\/p><\/div>\n<div id=\"attachment_307\" style=\"width: 327px\" class=\"wp-caption alignleft\"><img aria-describedby=\"caption-attachment-307\" decoding=\"async\" loading=\"lazy\" class=\"size-full wp-image-307\" title=\"Orchis simia (Orchis singe)\" src=\"\/\/www.escapades-photographiques.ch\/Site\/blog\/..\/blog.uploads\/2012\/05\/056_2012-05-01_5DmII.jpg\" alt=\"\" width=\"317\" height=\"476\" srcset=\"https:\/\/www.escapades-photographiques.ch\/Site\/blog\/..\/blog.uploads\/2012\/05\/056_2012-05-01_5DmII.jpg 317w, https:\/\/www.escapades-photographiques.ch\/Site\/blog\/..\/blog.uploads\/2012\/05\/056_2012-05-01_5DmII-199x300.jpg 199w\" sizes=\"(max-width: 317px) 100vw, 317px\" \/><p id=\"caption-attachment-307\" class=\"wp-caption-text\">Orchis simia (Orchis singe)<\/p><\/div>\n<div id=\"attachment_306\" style=\"width: 327px\" class=\"wp-caption alignleft\"><img aria-describedby=\"caption-attachment-306\" decoding=\"async\" loading=\"lazy\" class=\"size-full wp-image-306\" title=\"Orchis simia (Orchis singe) - d\u00e9tail\" src=\"\/\/www.escapades-photographiques.ch\/Site\/blog\/..\/blog.uploads\/2012\/05\/050_2012-05-01_5DmII.jpg\" alt=\"\" width=\"317\" height=\"476\" srcset=\"https:\/\/www.escapades-photographiques.ch\/Site\/blog\/..\/blog.uploads\/2012\/05\/050_2012-05-01_5DmII.jpg 317w, https:\/\/www.escapades-photographiques.ch\/Site\/blog\/..\/blog.uploads\/2012\/05\/050_2012-05-01_5DmII-199x300.jpg 199w\" sizes=\"(max-width: 317px) 100vw, 317px\" \/><p id=\"caption-attachment-306\" class=\"wp-caption-text\">Orchis simia (Orchis singe) - d\u00e9tail<\/p><\/div>\n<div id=\"attachment_308\" style=\"width: 327px\" class=\"wp-caption alignleft\"><img aria-describedby=\"caption-attachment-308\" decoding=\"async\" loading=\"lazy\" class=\"size-full wp-image-308\" title=\"Listera ovata (List\u00e8re \u00e0 feuilles ovales) tr\u00e8s pr\u00e9coce: la seule trouv\u00e9e en fleur\" src=\"\/\/www.escapades-photographiques.ch\/Site\/blog\/..\/blog.uploads\/2012\/05\/079_2012-05-01_5DmII.jpg\" alt=\"\" width=\"317\" height=\"476\" srcset=\"https:\/\/www.escapades-photographiques.ch\/Site\/blog\/..\/blog.uploads\/2012\/05\/079_2012-05-01_5DmII.jpg 317w, https:\/\/www.escapades-photographiques.ch\/Site\/blog\/..\/blog.uploads\/2012\/05\/079_2012-05-01_5DmII-199x300.jpg 199w\" sizes=\"(max-width: 317px) 100vw, 317px\" \/><p id=\"caption-attachment-308\" class=\"wp-caption-text\">Listera ovata (List\u00e8re \u00e0 feuilles ovales) tr\u00e8s pr\u00e9coce: la seule trouv\u00e9e en fleur<\/p><\/div>\n<div id=\"attachment_309\" style=\"width: 327px\" class=\"wp-caption alignleft\"><img aria-describedby=\"caption-attachment-309\" decoding=\"async\" loading=\"lazy\" class=\"size-full wp-image-309\" title=\"Ophrys sphegodes aussi appel\u00e9 Ophrys aranifera (Ophrys araign\u00e9e)\" src=\"\/\/www.escapades-photographiques.ch\/Site\/blog\/..\/blog.uploads\/2012\/05\/095_2012-05-01_5DmII.jpg\" alt=\"\" width=\"317\" height=\"476\" srcset=\"https:\/\/www.escapades-photographiques.ch\/Site\/blog\/..\/blog.uploads\/2012\/05\/095_2012-05-01_5DmII.jpg 317w, https:\/\/www.escapades-photographiques.ch\/Site\/blog\/..\/blog.uploads\/2012\/05\/095_2012-05-01_5DmII-199x300.jpg 199w\" sizes=\"(max-width: 317px) 100vw, 317px\" \/><p id=\"caption-attachment-309\" class=\"wp-caption-text\">Ophrys sphegodes aussi appel\u00e9 Ophrys aranifera (Ophrys araign\u00e9e)<\/p><\/div>\n<div id=\"attachment_310\" style=\"width: 688px\" class=\"wp-caption alignleft\"><img aria-describedby=\"caption-attachment-310\" decoding=\"async\" loading=\"lazy\" class=\"size-full wp-image-310\" title=\"Lacerta bilineata (L\u00e9zard vert occidental) pas farouche\" src=\"\/\/www.escapades-photographiques.ch\/Site\/blog\/..\/blog.uploads\/2012\/05\/115_2012-05-01_5DmII.jpg\" alt=\"\" width=\"678\" height=\"452\" srcset=\"https:\/\/www.escapades-photographiques.ch\/Site\/blog\/..\/blog.uploads\/2012\/05\/115_2012-05-01_5DmII.jpg 678w, https:\/\/www.escapades-photographiques.ch\/Site\/blog\/..\/blog.uploads\/2012\/05\/115_2012-05-01_5DmII-300x200.jpg 300w\" sizes=\"(max-width: 678px) 100vw, 678px\" \/><p id=\"caption-attachment-310\" class=\"wp-caption-text\">Lacerta bilineata (L\u00e9zard vert occidental) pas farouche<\/p><\/div>\n<div id=\"attachment_311\" style=\"width: 327px\" class=\"wp-caption alignleft\"><img aria-describedby=\"caption-attachment-311\" decoding=\"async\" loading=\"lazy\" class=\"size-full wp-image-311\" title=\"Ophrys sphegodes aussi appel\u00e9 Ophrys aranifera (Ophrys araign\u00e9e)\" src=\"\/\/www.escapades-photographiques.ch\/Site\/blog\/..\/blog.uploads\/2012\/05\/122_2012-05-01_5DmII.jpg\" alt=\"\" width=\"317\" height=\"476\" srcset=\"https:\/\/www.escapades-photographiques.ch\/Site\/blog\/..\/blog.uploads\/2012\/05\/122_2012-05-01_5DmII.jpg 317w, https:\/\/www.escapades-photographiques.ch\/Site\/blog\/..\/blog.uploads\/2012\/05\/122_2012-05-01_5DmII-199x300.jpg 199w\" sizes=\"(max-width: 317px) 100vw, 317px\" \/><p id=\"caption-attachment-311\" class=\"wp-caption-text\">Ophrys sphegodes aussi appel\u00e9 Ophrys aranifera (Ophrys araign\u00e9e)<\/p><\/div>\n<div id=\"attachment_312\" style=\"width: 327px\" class=\"wp-caption alignleft\"><img aria-describedby=\"caption-attachment-312\" decoding=\"async\" loading=\"lazy\" class=\"size-full wp-image-312\" title=\"Ophrys sphegodes aussi appel\u00e9 Ophrys aranifera (Ophrys araign\u00e9e)\" src=\"\/\/www.escapades-photographiques.ch\/Site\/blog\/..\/blog.uploads\/2012\/05\/140_2012-05-01_5DmII.jpg\" alt=\"\" width=\"317\" height=\"476\" srcset=\"https:\/\/www.escapades-photographiques.ch\/Site\/blog\/..\/blog.uploads\/2012\/05\/140_2012-05-01_5DmII.jpg 317w, https:\/\/www.escapades-photographiques.ch\/Site\/blog\/..\/blog.uploads\/2012\/05\/140_2012-05-01_5DmII-199x300.jpg 199w\" sizes=\"(max-width: 317px) 100vw, 317px\" \/><p id=\"caption-attachment-312\" class=\"wp-caption-text\">Ophrys sphegodes aussi appel\u00e9 Ophrys aranifera (Ophrys araign\u00e9e)<\/p><\/div>\n<p><br style=\"clear: both;\" \/><br \/>\nAu dessus de Nyon, au pied du Jura, trouv\u00e9 un seul orchis militaire pr\u00e9coce en d\u00e9but de floraison:<\/p>\n<div id=\"attachment_313\" style=\"width: 327px\" class=\"wp-caption alignleft\"><img aria-describedby=\"caption-attachment-313\" decoding=\"async\" loading=\"lazy\" class=\"size-full wp-image-313\" title=\"Orchis militaris (Orchis militaire)\" src=\"\/\/www.escapades-photographiques.ch\/Site\/blog\/..\/blog.uploads\/2012\/05\/143_2012-05-01_5DmII.jpg\" alt=\"\" width=\"317\" height=\"476\" srcset=\"https:\/\/www.escapades-photographiques.ch\/Site\/blog\/..\/blog.uploads\/2012\/05\/143_2012-05-01_5DmII.jpg 317w, https:\/\/www.escapades-photographiques.ch\/Site\/blog\/..\/blog.uploads\/2012\/05\/143_2012-05-01_5DmII-199x300.jpg 199w\" sizes=\"(max-width: 317px) 100vw, 317px\" \/><p id=\"caption-attachment-313\" class=\"wp-caption-text\">Orchis militaris (Orchis militaire)<\/p><\/div>\n","protected":false},"excerpt":{"rendered":"<p>Petite s\u00e9lection des orchid\u00e9es et de la faune observ\u00e9es dans la r\u00e9gion de Chancy (ouest du canton de Gen\u00e8ve) et d\u00e9bordant sur le c\u00f4t\u00e9 fran\u00e7ais (Haute-Savoie): Au dessus de Nyon, au pied du Jura, trouv\u00e9 un seul orchis militaire pr\u00e9coce en d\u00e9but de floraison:<\/p>\n","protected":false},"author":1,"featured_media":0,"comment_status":"open","ping_status":"open","sticky":false,"template":"","format":"standard","meta":{"footnotes":""},"categories":[52,41],"tags":[44,61,62,57,58,56,55,53,54,112,65,49,64,63,59,60],"_links":{"self":[{"href":"https:\/\/www.escapades-photographiques.ch\/Site\/blog\/wp-json\/wp\/v2\/posts\/301"}],"collection":[{"href":"https:\/\/www.escapades-photographiques.ch\/Site\/blog\/wp-json\/wp\/v2\/posts"}],"about":[{"href":"https:\/\/www.escapades-photographiques.ch\/Site\/blog\/wp-json\/wp\/v2\/types\/post"}],"author":[{"embeddable":true,"href":"https:\/\/www.escapades-photographiques.ch\/Site\/blog\/wp-json\/wp\/v2\/users\/1"}],"replies":[{"embeddable":true,"href":"https:\/\/www.escapades-photographiques.ch\/Site\/blog\/wp-json\/wp\/v2\/comments?post=301"}],"version-history":[{"count":16,"href":"https:\/\/www.escapades-photographiques.ch\/Site\/blog\/wp-json\/wp\/v2\/posts\/301\/revisions"}],"predecessor-version":[{"id":490,"href":"https:\/\/www.escapades-photographiques.ch\/Site\/blog\/wp-json\/wp\/v2\/posts\/301\/revisions\/490"}],"wp:attachment":[{"href":"https:\/\/www.escapades-photographiques.ch\/Site\/blog\/wp-json\/wp\/v2\/media?parent=301"}],"wp:term":[{"taxonomy":"category","embeddable":true,"href":"https:\/\/www.escapades-photographiques.ch\/Site\/blog\/wp-json\/wp\/v2\/categories?post=301"},{"taxonomy":"post_tag","embeddable":true,"href":"https:\/\/www.escapades-photographiques.ch\/Site\/blog\/wp-json\/wp\/v2\/tags?post=301"}],"curies":[{"name":"wp","href":"https:\/\/api.w.org\/{rel}","templated":true}]}}