{"id":380,"date":"2012-05-21T23:43:56","date_gmt":"2012-05-21T21:43:56","guid":{"rendered":"http:\/\/www.escapades-photographiques.ch\/Site\/blog\/?p=380"},"modified":"2012-06-05T19:37:15","modified_gmt":"2012-06-05T17:37:15","slug":"flore-observee-du-13-au-20-mai-2012-en-romandie","status":"publish","type":"post","link":"https:\/\/www.escapades-photographiques.ch\/Site\/blog\/2012\/flore\/flore-observee-du-13-au-20-mai-2012-en-romandie\/","title":{"rendered":"Flore observ\u00e9e du 13 au 20 mai 2012 en Romandie"},"content":{"rendered":"<p>Principalement des orchid\u00e9es mais pas seulement&#8230;<\/p>\n<p><strong>Flore observ\u00e9e dans le nord vaudois vers Onnens le 13 mai<\/strong><\/p>\n<div id=\"attachment_341\" style=\"width: 327px\" class=\"wp-caption alignleft\"><img aria-describedby=\"caption-attachment-341\" decoding=\"async\" loading=\"lazy\" class=\"size-full wp-image-341\" title=\"Orchis anthropophora (Orchis homme-pendu) - crois\u00e9 avec ?\" src=\"\/\/www.escapades-photographiques.ch\/Site\/blog\/..\/blog.uploads\/2012\/05\/014_2012-05-13_5DmII.jpg\" alt=\"\" width=\"317\" height=\"476\" srcset=\"https:\/\/www.escapades-photographiques.ch\/Site\/blog\/..\/blog.uploads\/2012\/05\/014_2012-05-13_5DmII.jpg 317w, https:\/\/www.escapades-photographiques.ch\/Site\/blog\/..\/blog.uploads\/2012\/05\/014_2012-05-13_5DmII-199x300.jpg 199w\" sizes=\"(max-width: 317px) 100vw, 317px\" \/><p id=\"caption-attachment-341\" class=\"wp-caption-text\">Orchis anthropophora (Orchis homme-pendu) - crois\u00e9 avec ?<\/p><\/div>\n<div id=\"attachment_340\" style=\"width: 327px\" class=\"wp-caption alignleft\"><img aria-describedby=\"caption-attachment-340\" decoding=\"async\" loading=\"lazy\" class=\"size-full wp-image-340 \" title=\"Orchis anthropophora (Orchis homme-pendu) - d\u00e9tail\" src=\"\/\/www.escapades-photographiques.ch\/Site\/blog\/..\/blog.uploads\/2012\/05\/013_2012-05-13_5DmII.jpg\" alt=\"\" width=\"317\" height=\"476\" srcset=\"https:\/\/www.escapades-photographiques.ch\/Site\/blog\/..\/blog.uploads\/2012\/05\/013_2012-05-13_5DmII.jpg 317w, https:\/\/www.escapades-photographiques.ch\/Site\/blog\/..\/blog.uploads\/2012\/05\/013_2012-05-13_5DmII-199x300.jpg 199w\" sizes=\"(max-width: 317px) 100vw, 317px\" \/><p id=\"caption-attachment-340\" class=\"wp-caption-text\">Orchis anthropophora (Orchis homme-pendu) - d\u00e9tail<\/p><\/div>\n<div id=\"attachment_342\" style=\"width: 327px\" class=\"wp-caption alignleft\"><img aria-describedby=\"caption-attachment-342\" decoding=\"async\" loading=\"lazy\" class=\"size-full wp-image-342\" title=\"Neottia nidus-avis (N\u00e9ottie nid d'oiseau)\" src=\"\/\/www.escapades-photographiques.ch\/Site\/blog\/..\/blog.uploads\/2012\/05\/034_2012-05-13_5DmII.jpg\" alt=\"\" width=\"317\" height=\"476\" srcset=\"https:\/\/www.escapades-photographiques.ch\/Site\/blog\/..\/blog.uploads\/2012\/05\/034_2012-05-13_5DmII.jpg 317w, https:\/\/www.escapades-photographiques.ch\/Site\/blog\/..\/blog.uploads\/2012\/05\/034_2012-05-13_5DmII-199x300.jpg 199w\" sizes=\"(max-width: 317px) 100vw, 317px\" \/><p id=\"caption-attachment-342\" class=\"wp-caption-text\">Neottia nidus-avis (N\u00e9ottie nid d&#39;oiseau)<\/p><\/div>\n<div id=\"attachment_343\" style=\"width: 327px\" class=\"wp-caption alignleft\"><img aria-describedby=\"caption-attachment-343\" decoding=\"async\" loading=\"lazy\" class=\"size-full wp-image-343\" title=\"Limodorum abortivum (Limodore \u00e0 feuilles avort\u00e9es) - en bouton\" src=\"\/\/www.escapades-photographiques.ch\/Site\/blog\/..\/blog.uploads\/2012\/05\/043_2012-05-13_5DmII.jpg\" alt=\"\" width=\"317\" height=\"476\" srcset=\"https:\/\/www.escapades-photographiques.ch\/Site\/blog\/..\/blog.uploads\/2012\/05\/043_2012-05-13_5DmII.jpg 317w, https:\/\/www.escapades-photographiques.ch\/Site\/blog\/..\/blog.uploads\/2012\/05\/043_2012-05-13_5DmII-199x300.jpg 199w\" sizes=\"(max-width: 317px) 100vw, 317px\" \/><p id=\"caption-attachment-343\" class=\"wp-caption-text\">Limodorum abortivum (Limodore \u00e0 feuilles avort\u00e9es) - en bouton<\/p><\/div>\n<div id=\"attachment_344\" style=\"width: 327px\" class=\"wp-caption alignleft\"><img aria-describedby=\"caption-attachment-344\" decoding=\"async\" loading=\"lazy\" class=\"size-full wp-image-344 \" title=\"Orobanche mais laquelle ? - en bouton\" src=\"\/\/www.escapades-photographiques.ch\/Site\/blog\/..\/blog.uploads\/2012\/05\/064_2012-05-13_5DmII.jpg\" alt=\"\" width=\"317\" height=\"476\" srcset=\"https:\/\/www.escapades-photographiques.ch\/Site\/blog\/..\/blog.uploads\/2012\/05\/064_2012-05-13_5DmII.jpg 317w, https:\/\/www.escapades-photographiques.ch\/Site\/blog\/..\/blog.uploads\/2012\/05\/064_2012-05-13_5DmII-199x300.jpg 199w\" sizes=\"(max-width: 317px) 100vw, 317px\" \/><p id=\"caption-attachment-344\" class=\"wp-caption-text\">Orobanche mais laquelle ? - en bouton<\/p><\/div>\n<div id=\"attachment_345\" style=\"width: 327px\" class=\"wp-caption alignleft\"><img aria-describedby=\"caption-attachment-345\" decoding=\"async\" loading=\"lazy\" class=\"size-full wp-image-345 \" title=\"Orobanche mais laquelle ?\" src=\"\/\/www.escapades-photographiques.ch\/Site\/blog\/..\/blog.uploads\/2012\/05\/066_2012-05-13_5DmII.jpg\" alt=\"\" width=\"317\" height=\"476\" srcset=\"https:\/\/www.escapades-photographiques.ch\/Site\/blog\/..\/blog.uploads\/2012\/05\/066_2012-05-13_5DmII.jpg 317w, https:\/\/www.escapades-photographiques.ch\/Site\/blog\/..\/blog.uploads\/2012\/05\/066_2012-05-13_5DmII-199x300.jpg 199w\" sizes=\"(max-width: 317px) 100vw, 317px\" \/><p id=\"caption-attachment-345\" class=\"wp-caption-text\">Orobanche mais laquelle ?<\/p><\/div>\n<div id=\"attachment_346\" style=\"width: 327px\" class=\"wp-caption alignleft\"><img aria-describedby=\"caption-attachment-346\" decoding=\"async\" loading=\"lazy\" class=\"size-full wp-image-346\" title=\"Salvia pratensis (Sauge des pr\u00e9s)\" src=\"\/\/www.escapades-photographiques.ch\/Site\/blog\/..\/blog.uploads\/2012\/05\/077_2012-05-13_5DmII.jpg\" alt=\"\" width=\"317\" height=\"476\" srcset=\"https:\/\/www.escapades-photographiques.ch\/Site\/blog\/..\/blog.uploads\/2012\/05\/077_2012-05-13_5DmII.jpg 317w, https:\/\/www.escapades-photographiques.ch\/Site\/blog\/..\/blog.uploads\/2012\/05\/077_2012-05-13_5DmII-199x300.jpg 199w\" sizes=\"(max-width: 317px) 100vw, 317px\" \/><p id=\"caption-attachment-346\" class=\"wp-caption-text\">Salvia pratensis (Sauge des pr\u00e9s)<\/p><\/div>\n<div id=\"attachment_347\" style=\"width: 327px\" class=\"wp-caption alignleft\"><img aria-describedby=\"caption-attachment-347\" decoding=\"async\" loading=\"lazy\" class=\"size-full wp-image-347\" title=\"Salvia pratensis (Sauge des pr\u00e9s)\" src=\"\/\/www.escapades-photographiques.ch\/Site\/blog\/..\/blog.uploads\/2012\/05\/093_2012-05-13_5DmII.jpg\" alt=\"\" width=\"317\" height=\"476\" srcset=\"https:\/\/www.escapades-photographiques.ch\/Site\/blog\/..\/blog.uploads\/2012\/05\/093_2012-05-13_5DmII.jpg 317w, https:\/\/www.escapades-photographiques.ch\/Site\/blog\/..\/blog.uploads\/2012\/05\/093_2012-05-13_5DmII-199x300.jpg 199w\" sizes=\"(max-width: 317px) 100vw, 317px\" \/><p id=\"caption-attachment-347\" class=\"wp-caption-text\">Salvia pratensis (Sauge des pr\u00e9s)<\/p><\/div>\n<div id=\"attachment_348\" style=\"width: 327px\" class=\"wp-caption alignleft\"><img aria-describedby=\"caption-attachment-348\" decoding=\"async\" loading=\"lazy\" class=\"size-full wp-image-348\" title=\"Anacamptis morio (Orchis bouffon)\" src=\"\/\/www.escapades-photographiques.ch\/Site\/blog\/..\/blog.uploads\/2012\/05\/103_2012-05-13_5DmII.jpg\" alt=\"\" width=\"317\" height=\"476\" srcset=\"https:\/\/www.escapades-photographiques.ch\/Site\/blog\/..\/blog.uploads\/2012\/05\/103_2012-05-13_5DmII.jpg 317w, https:\/\/www.escapades-photographiques.ch\/Site\/blog\/..\/blog.uploads\/2012\/05\/103_2012-05-13_5DmII-199x300.jpg 199w\" sizes=\"(max-width: 317px) 100vw, 317px\" \/><p id=\"caption-attachment-348\" class=\"wp-caption-text\">Anacamptis morio (Orchis bouffon)<\/p><\/div>\n<div id=\"attachment_349\" style=\"width: 327px\" class=\"wp-caption alignleft\"><img aria-describedby=\"caption-attachment-349\" decoding=\"async\" loading=\"lazy\" class=\"size-full wp-image-349\" title=\"Cephalanthera longifolia (C\u00e9phalanth\u00e8re \u00e0 longues feuilles)\" src=\"\/\/www.escapades-photographiques.ch\/Site\/blog\/..\/blog.uploads\/2012\/05\/121_2012-05-13_5DmII.jpg\" alt=\"\" width=\"317\" height=\"476\" srcset=\"https:\/\/www.escapades-photographiques.ch\/Site\/blog\/..\/blog.uploads\/2012\/05\/121_2012-05-13_5DmII.jpg 317w, https:\/\/www.escapades-photographiques.ch\/Site\/blog\/..\/blog.uploads\/2012\/05\/121_2012-05-13_5DmII-199x300.jpg 199w\" sizes=\"(max-width: 317px) 100vw, 317px\" \/><p id=\"caption-attachment-349\" class=\"wp-caption-text\">Cephalanthera longifolia (C\u00e9phalanth\u00e8re \u00e0 longues feuilles)<\/p><\/div>\n<p><br style=\"clear: both;\" \/><br \/>\n<strong>Flore observ\u00e9e dans le nord vaudois vers Les Cl\u00e9es le 13 mai<\/strong><\/p>\n<div id=\"attachment_351\" style=\"width: 327px\" class=\"wp-caption alignleft\"><img aria-describedby=\"caption-attachment-351\" decoding=\"async\" loading=\"lazy\" class=\"size-full wp-image-351\" title=\"Ophrys araneola (Ophrys petite araign\u00e9e)\" src=\"\/\/www.escapades-photographiques.ch\/Site\/blog\/..\/blog.uploads\/2012\/05\/160_2012-05-13_5DmII.jpg\" alt=\"\" width=\"317\" height=\"476\" srcset=\"https:\/\/www.escapades-photographiques.ch\/Site\/blog\/..\/blog.uploads\/2012\/05\/160_2012-05-13_5DmII.jpg 317w, https:\/\/www.escapades-photographiques.ch\/Site\/blog\/..\/blog.uploads\/2012\/05\/160_2012-05-13_5DmII-199x300.jpg 199w\" sizes=\"(max-width: 317px) 100vw, 317px\" \/><p id=\"caption-attachment-351\" class=\"wp-caption-text\">Ophrys araneola (Ophrys petite araign\u00e9e)<\/p><\/div>\n<div id=\"attachment_350\" style=\"width: 327px\" class=\"wp-caption alignleft\"><img aria-describedby=\"caption-attachment-350\" decoding=\"async\" loading=\"lazy\" class=\"size-full wp-image-350\" title=\"Ophrys araneola (Ophrys petite araign\u00e9e)\" src=\"\/\/www.escapades-photographiques.ch\/Site\/blog\/..\/blog.uploads\/2012\/05\/153_2012-05-13_5DmII.jpg\" alt=\"\" width=\"317\" height=\"476\" srcset=\"https:\/\/www.escapades-photographiques.ch\/Site\/blog\/..\/blog.uploads\/2012\/05\/153_2012-05-13_5DmII.jpg 317w, https:\/\/www.escapades-photographiques.ch\/Site\/blog\/..\/blog.uploads\/2012\/05\/153_2012-05-13_5DmII-199x300.jpg 199w\" sizes=\"(max-width: 317px) 100vw, 317px\" \/><p id=\"caption-attachment-350\" class=\"wp-caption-text\">Ophrys araneola (Ophrys petite araign\u00e9e)<\/p><\/div>\n<div id=\"attachment_352\" style=\"width: 688px\" class=\"wp-caption alignleft\"><img aria-describedby=\"caption-attachment-352\" decoding=\"async\" loading=\"lazy\" class=\"size-full wp-image-352\" title=\"Ophrys araneola (Ophrys petite araign\u00e9e)\" src=\"\/\/www.escapades-photographiques.ch\/Site\/blog\/..\/blog.uploads\/2012\/05\/163_2012-05-13_5DmII.jpg\" alt=\"\" width=\"678\" height=\"452\" srcset=\"https:\/\/www.escapades-photographiques.ch\/Site\/blog\/..\/blog.uploads\/2012\/05\/163_2012-05-13_5DmII.jpg 678w, https:\/\/www.escapades-photographiques.ch\/Site\/blog\/..\/blog.uploads\/2012\/05\/163_2012-05-13_5DmII-300x200.jpg 300w\" sizes=\"(max-width: 678px) 100vw, 678px\" \/><p id=\"caption-attachment-352\" class=\"wp-caption-text\">Ophrys araneola (Ophrys petite araign\u00e9e)<\/p><\/div>\n<p><br style=\"clear: both;\" \/><br \/>\n<strong>Flore observ\u00e9e dans le Chablais vaudois vers Ollon le 17 mai<\/strong><\/p>\n<div id=\"attachment_353\" style=\"width: 327px\" class=\"wp-caption alignleft\"><img aria-describedby=\"caption-attachment-353\" decoding=\"async\" loading=\"lazy\" class=\"size-full wp-image-353\" title=\"Cephalanthera damasonium (C\u00e9phalanth\u00e8re \u00e0 grandes fleurs)\" src=\"\/\/www.escapades-photographiques.ch\/Site\/blog\/..\/blog.uploads\/2012\/05\/002_2012-05-17_5DmII.jpg\" alt=\"\" width=\"317\" height=\"476\" srcset=\"https:\/\/www.escapades-photographiques.ch\/Site\/blog\/..\/blog.uploads\/2012\/05\/002_2012-05-17_5DmII.jpg 317w, https:\/\/www.escapades-photographiques.ch\/Site\/blog\/..\/blog.uploads\/2012\/05\/002_2012-05-17_5DmII-199x300.jpg 199w\" sizes=\"(max-width: 317px) 100vw, 317px\" \/><p id=\"caption-attachment-353\" class=\"wp-caption-text\">Cephalanthera damasonium (C\u00e9phalanth\u00e8re \u00e0 grandes fleurs)<\/p><\/div>\n<div id=\"attachment_354\" style=\"width: 327px\" class=\"wp-caption alignleft\"><img aria-describedby=\"caption-attachment-354\" decoding=\"async\" loading=\"lazy\" class=\"size-full wp-image-354\" title=\"Platanthera bifolia (Platanth\u00e8re \u00e0 deux feuilles)\" src=\"\/\/www.escapades-photographiques.ch\/Site\/blog\/..\/blog.uploads\/2012\/05\/010_2012-05-17_5DmII.jpg\" alt=\"\" width=\"317\" height=\"476\" srcset=\"https:\/\/www.escapades-photographiques.ch\/Site\/blog\/..\/blog.uploads\/2012\/05\/010_2012-05-17_5DmII.jpg 317w, https:\/\/www.escapades-photographiques.ch\/Site\/blog\/..\/blog.uploads\/2012\/05\/010_2012-05-17_5DmII-199x300.jpg 199w\" sizes=\"(max-width: 317px) 100vw, 317px\" \/><p id=\"caption-attachment-354\" class=\"wp-caption-text\">Platanthera bifolia (Platanth\u00e8re \u00e0 deux feuilles)<\/p><\/div>\n<p><br style=\"clear: both;\" \/><br \/>\n<strong>Flore observ\u00e9e dans le Chablais vaudois le long du canal du Rh\u00f4ne le 17 mai<\/strong><\/p>\n<div id=\"attachment_355\" style=\"width: 327px\" class=\"wp-caption alignleft\"><img aria-describedby=\"caption-attachment-355\" decoding=\"async\" loading=\"lazy\" class=\"size-full wp-image-355\" title=\"Orchis militaris (Orchis militaire)\" src=\"\/\/www.escapades-photographiques.ch\/Site\/blog\/..\/blog.uploads\/2012\/05\/024_2012-05-17_5DmII.jpg\" alt=\"\" width=\"317\" height=\"476\" srcset=\"https:\/\/www.escapades-photographiques.ch\/Site\/blog\/..\/blog.uploads\/2012\/05\/024_2012-05-17_5DmII.jpg 317w, https:\/\/www.escapades-photographiques.ch\/Site\/blog\/..\/blog.uploads\/2012\/05\/024_2012-05-17_5DmII-199x300.jpg 199w\" sizes=\"(max-width: 317px) 100vw, 317px\" \/><p id=\"caption-attachment-355\" class=\"wp-caption-text\">Orchis militaris (Orchis militaire)<\/p><\/div>\n<p><br style=\"clear: both;\" \/><br \/>\n<strong>Flore observ\u00e9e dans le nord vaudois vers Chavornay le 18 mai<\/strong><\/p>\n<div id=\"attachment_357\" style=\"width: 327px\" class=\"wp-caption alignleft\"><img aria-describedby=\"caption-attachment-357\" decoding=\"async\" loading=\"lazy\" class=\"size-full wp-image-357\" title=\"Himantoglossum hircinum (Orchis bouc)\" src=\"\/\/www.escapades-photographiques.ch\/Site\/blog\/..\/blog.uploads\/2012\/05\/012_2012-05-18_5DmII.jpg\" alt=\"\" width=\"317\" height=\"476\" srcset=\"https:\/\/www.escapades-photographiques.ch\/Site\/blog\/..\/blog.uploads\/2012\/05\/012_2012-05-18_5DmII.jpg 317w, https:\/\/www.escapades-photographiques.ch\/Site\/blog\/..\/blog.uploads\/2012\/05\/012_2012-05-18_5DmII-199x300.jpg 199w\" sizes=\"(max-width: 317px) 100vw, 317px\" \/><p id=\"caption-attachment-357\" class=\"wp-caption-text\">Himantoglossum hircinum (Orchis bouc)<\/p><\/div>\n<div id=\"attachment_356\" style=\"width: 327px\" class=\"wp-caption alignleft\"><img aria-describedby=\"caption-attachment-356\" decoding=\"async\" loading=\"lazy\" class=\"size-full wp-image-356\" title=\"Himantoglossum hircinum (Orchis bouc) - d\u00e9tail\" src=\"\/\/www.escapades-photographiques.ch\/Site\/blog\/..\/blog.uploads\/2012\/05\/008_2012-05-18_5DmII.jpg\" alt=\"\" width=\"317\" height=\"476\" srcset=\"https:\/\/www.escapades-photographiques.ch\/Site\/blog\/..\/blog.uploads\/2012\/05\/008_2012-05-18_5DmII.jpg 317w, https:\/\/www.escapades-photographiques.ch\/Site\/blog\/..\/blog.uploads\/2012\/05\/008_2012-05-18_5DmII-199x300.jpg 199w\" sizes=\"(max-width: 317px) 100vw, 317px\" \/><p id=\"caption-attachment-356\" class=\"wp-caption-text\">Himantoglossum hircinum (Orchis bouc) - d\u00e9tail<\/p><\/div>\n<p><br style=\"clear: both;\" \/><br \/>\n<strong>Flore observ\u00e9e dans le nord vaudois vers Bonvillars le 18 mai<\/strong><\/p>\n<div id=\"attachment_361\" style=\"width: 327px\" class=\"wp-caption alignleft\"><img aria-describedby=\"caption-attachment-361\" decoding=\"async\" loading=\"lazy\" class=\"size-full wp-image-361\" title=\"Ophrys fuciflora (Ophrys frelon)\" src=\"\/\/www.escapades-photographiques.ch\/Site\/blog\/..\/blog.uploads\/2012\/05\/111_2012-05-18_5DmII.jpg\" alt=\"\" width=\"317\" height=\"476\" srcset=\"https:\/\/www.escapades-photographiques.ch\/Site\/blog\/..\/blog.uploads\/2012\/05\/111_2012-05-18_5DmII.jpg 317w, https:\/\/www.escapades-photographiques.ch\/Site\/blog\/..\/blog.uploads\/2012\/05\/111_2012-05-18_5DmII-199x300.jpg 199w\" sizes=\"(max-width: 317px) 100vw, 317px\" \/><p id=\"caption-attachment-361\" class=\"wp-caption-text\">Ophrys fuciflora (Ophrys frelon)<\/p><\/div>\n<div id=\"attachment_360\" style=\"width: 327px\" class=\"wp-caption alignleft\"><img aria-describedby=\"caption-attachment-360\" decoding=\"async\" loading=\"lazy\" class=\"size-full wp-image-360\" title=\"Ophrys fuciflora (Ophrys frelon) - d\u00e9tail\" src=\"\/\/www.escapades-photographiques.ch\/Site\/blog\/..\/blog.uploads\/2012\/05\/091_2012-05-18_5DmII.jpg\" alt=\"\" width=\"317\" height=\"476\" srcset=\"https:\/\/www.escapades-photographiques.ch\/Site\/blog\/..\/blog.uploads\/2012\/05\/091_2012-05-18_5DmII.jpg 317w, https:\/\/www.escapades-photographiques.ch\/Site\/blog\/..\/blog.uploads\/2012\/05\/091_2012-05-18_5DmII-199x300.jpg 199w\" sizes=\"(max-width: 317px) 100vw, 317px\" \/><p id=\"caption-attachment-360\" class=\"wp-caption-text\">Ophrys fuciflora (Ophrys frelon) - d\u00e9tail<\/p><\/div>\n<div id=\"attachment_359\" style=\"width: 327px\" class=\"wp-caption alignleft\"><img aria-describedby=\"caption-attachment-359\" decoding=\"async\" loading=\"lazy\" class=\"size-full wp-image-359\" title=\"Ophrys fuciflora (Ophrys frelon)\" src=\"\/\/www.escapades-photographiques.ch\/Site\/blog\/..\/blog.uploads\/2012\/05\/069_2012-05-18_5DmII.jpg\" alt=\"\" width=\"317\" height=\"476\" srcset=\"https:\/\/www.escapades-photographiques.ch\/Site\/blog\/..\/blog.uploads\/2012\/05\/069_2012-05-18_5DmII.jpg 317w, https:\/\/www.escapades-photographiques.ch\/Site\/blog\/..\/blog.uploads\/2012\/05\/069_2012-05-18_5DmII-199x300.jpg 199w\" sizes=\"(max-width: 317px) 100vw, 317px\" \/><p id=\"caption-attachment-359\" class=\"wp-caption-text\">Ophrys fuciflora (Ophrys frelon)<\/p><\/div>\n<div id=\"attachment_358\" style=\"width: 327px\" class=\"wp-caption alignleft\"><img aria-describedby=\"caption-attachment-358\" decoding=\"async\" loading=\"lazy\" class=\"size-full wp-image-358\" title=\"Ophrys fuciflora (Ophrys frelon) - d\u00e9tail\" src=\"\/\/www.escapades-photographiques.ch\/Site\/blog\/..\/blog.uploads\/2012\/05\/054_2012-05-18_5DmII.jpg\" alt=\"\" width=\"317\" height=\"476\" srcset=\"https:\/\/www.escapades-photographiques.ch\/Site\/blog\/..\/blog.uploads\/2012\/05\/054_2012-05-18_5DmII.jpg 317w, https:\/\/www.escapades-photographiques.ch\/Site\/blog\/..\/blog.uploads\/2012\/05\/054_2012-05-18_5DmII-199x300.jpg 199w\" sizes=\"(max-width: 317px) 100vw, 317px\" \/><p id=\"caption-attachment-358\" class=\"wp-caption-text\">Ophrys fuciflora (Ophrys frelon) - d\u00e9tail<\/p><\/div>\n<div id=\"attachment_363\" style=\"width: 327px\" class=\"wp-caption alignleft\"><img aria-describedby=\"caption-attachment-363\" decoding=\"async\" loading=\"lazy\" class=\"size-full wp-image-363\" title=\"Orchis militaris hybrid\u00e9 avec Orchis anthropophora (Orchis militaire x Orchis homme-pendu)\" src=\"\/\/www.escapades-photographiques.ch\/Site\/blog\/..\/blog.uploads\/2012\/05\/118_2012-05-18_5DmII.jpg\" alt=\"\" width=\"317\" height=\"476\" srcset=\"https:\/\/www.escapades-photographiques.ch\/Site\/blog\/..\/blog.uploads\/2012\/05\/118_2012-05-18_5DmII.jpg 317w, https:\/\/www.escapades-photographiques.ch\/Site\/blog\/..\/blog.uploads\/2012\/05\/118_2012-05-18_5DmII-199x300.jpg 199w\" sizes=\"(max-width: 317px) 100vw, 317px\" \/><p id=\"caption-attachment-363\" class=\"wp-caption-text\">Orchis militaris hybrid\u00e9 avec Orchis anthropophora (Orchis militaire x Orchis homme-pendu)<\/p><\/div>\n<div id=\"attachment_362\" style=\"width: 327px\" class=\"wp-caption alignleft\"><img aria-describedby=\"caption-attachment-362\" decoding=\"async\" loading=\"lazy\" class=\"size-full wp-image-362\" title=\"Saponaria ocymoides (Saponaire faux basilic)\" src=\"\/\/www.escapades-photographiques.ch\/Site\/blog\/..\/blog.uploads\/2012\/05\/115_2012-05-18_5DmII.jpg\" alt=\"\" width=\"317\" height=\"476\" srcset=\"https:\/\/www.escapades-photographiques.ch\/Site\/blog\/..\/blog.uploads\/2012\/05\/115_2012-05-18_5DmII.jpg 317w, https:\/\/www.escapades-photographiques.ch\/Site\/blog\/..\/blog.uploads\/2012\/05\/115_2012-05-18_5DmII-199x300.jpg 199w\" sizes=\"(max-width: 317px) 100vw, 317px\" \/><p id=\"caption-attachment-362\" class=\"wp-caption-text\">Saponaria ocymoides (Saponaire faux basilic)<\/p><\/div>\n<p><br style=\"clear: both;\" \/><br \/>\n<strong>Flore observ\u00e9e dans le nord vaudois vers La Sarraz le 18 mai<\/strong><\/p>\n<div id=\"attachment_364\" style=\"width: 327px\" class=\"wp-caption alignleft\"><img aria-describedby=\"caption-attachment-364\" decoding=\"async\" loading=\"lazy\" class=\"size-full wp-image-364\" title=\"Orchis mascula (Orchis m\u00e2le)\" src=\"\/\/www.escapades-photographiques.ch\/Site\/blog\/..\/blog.uploads\/2012\/05\/128_2012-05-18_5DmII.jpg\" alt=\"\" width=\"317\" height=\"476\" srcset=\"https:\/\/www.escapades-photographiques.ch\/Site\/blog\/..\/blog.uploads\/2012\/05\/128_2012-05-18_5DmII.jpg 317w, https:\/\/www.escapades-photographiques.ch\/Site\/blog\/..\/blog.uploads\/2012\/05\/128_2012-05-18_5DmII-199x300.jpg 199w\" sizes=\"(max-width: 317px) 100vw, 317px\" \/><p id=\"caption-attachment-364\" class=\"wp-caption-text\">Orchis mascula (Orchis m\u00e2le)<\/p><\/div>\n<div id=\"attachment_367\" style=\"width: 327px\" class=\"wp-caption alignleft\"><img aria-describedby=\"caption-attachment-367\" decoding=\"async\" loading=\"lazy\" class=\"size-full wp-image-367\" title=\"Ophrys fuciflora (Ophrys frelon) - bouton\" src=\"\/\/www.escapades-photographiques.ch\/Site\/blog\/..\/blog.uploads\/2012\/05\/168_2012-05-18_5DmII.jpg\" alt=\"\" width=\"317\" height=\"476\" srcset=\"https:\/\/www.escapades-photographiques.ch\/Site\/blog\/..\/blog.uploads\/2012\/05\/168_2012-05-18_5DmII.jpg 317w, https:\/\/www.escapades-photographiques.ch\/Site\/blog\/..\/blog.uploads\/2012\/05\/168_2012-05-18_5DmII-199x300.jpg 199w\" sizes=\"(max-width: 317px) 100vw, 317px\" \/><p id=\"caption-attachment-367\" class=\"wp-caption-text\">Ophrys fuciflora (Ophrys frelon) - bouton<\/p><\/div>\n<div id=\"attachment_366\" style=\"width: 327px\" class=\"wp-caption alignleft\"><img aria-describedby=\"caption-attachment-366\" decoding=\"async\" loading=\"lazy\" class=\"size-full wp-image-366\" title=\"Ophrys fuciflora (Ophrys frelon)\" src=\"\/\/www.escapades-photographiques.ch\/Site\/blog\/..\/blog.uploads\/2012\/05\/157_2012-05-18_5DmII.jpg\" alt=\"\" width=\"317\" height=\"476\" srcset=\"https:\/\/www.escapades-photographiques.ch\/Site\/blog\/..\/blog.uploads\/2012\/05\/157_2012-05-18_5DmII.jpg 317w, https:\/\/www.escapades-photographiques.ch\/Site\/blog\/..\/blog.uploads\/2012\/05\/157_2012-05-18_5DmII-199x300.jpg 199w\" sizes=\"(max-width: 317px) 100vw, 317px\" \/><p id=\"caption-attachment-366\" class=\"wp-caption-text\">Ophrys fuciflora (Ophrys frelon)<\/p><\/div>\n<div id=\"attachment_365\" style=\"width: 327px\" class=\"wp-caption alignleft\"><img aria-describedby=\"caption-attachment-365\" decoding=\"async\" loading=\"lazy\" class=\"size-full wp-image-365\" title=\"Ophrys fuciflora (Ophrys frelon) - d\u00e9tail\" src=\"\/\/www.escapades-photographiques.ch\/Site\/blog\/..\/blog.uploads\/2012\/05\/142_2012-05-18_5DmII.jpg\" alt=\"\" width=\"317\" height=\"476\" srcset=\"https:\/\/www.escapades-photographiques.ch\/Site\/blog\/..\/blog.uploads\/2012\/05\/142_2012-05-18_5DmII.jpg 317w, https:\/\/www.escapades-photographiques.ch\/Site\/blog\/..\/blog.uploads\/2012\/05\/142_2012-05-18_5DmII-199x300.jpg 199w\" sizes=\"(max-width: 317px) 100vw, 317px\" \/><p id=\"caption-attachment-365\" class=\"wp-caption-text\">Ophrys fuciflora (Ophrys frelon) - d\u00e9tail<\/p><\/div>\n<div id=\"attachment_369\" style=\"width: 327px\" class=\"wp-caption alignleft\"><img aria-describedby=\"caption-attachment-369\" decoding=\"async\" loading=\"lazy\" class=\"size-full wp-image-369\" title=\"Ophrys fuciflora (Ophrys frelon)\" src=\"\/\/www.escapades-photographiques.ch\/Site\/blog\/..\/blog.uploads\/2012\/05\/222_2012-05-18_5DmII.jpg\" alt=\"\" width=\"317\" height=\"476\" srcset=\"https:\/\/www.escapades-photographiques.ch\/Site\/blog\/..\/blog.uploads\/2012\/05\/222_2012-05-18_5DmII.jpg 317w, https:\/\/www.escapades-photographiques.ch\/Site\/blog\/..\/blog.uploads\/2012\/05\/222_2012-05-18_5DmII-199x300.jpg 199w\" sizes=\"(max-width: 317px) 100vw, 317px\" \/><p id=\"caption-attachment-369\" class=\"wp-caption-text\">Ophrys fuciflora (Ophrys frelon)<\/p><\/div>\n<div id=\"attachment_368\" style=\"width: 327px\" class=\"wp-caption alignleft\"><img aria-describedby=\"caption-attachment-368\" decoding=\"async\" loading=\"lazy\" class=\"size-full wp-image-368\" title=\"Ophrys fuciflora (Ophrys frelon) - d\u00e9tail\" src=\"\/\/www.escapades-photographiques.ch\/Site\/blog\/..\/blog.uploads\/2012\/05\/221_2012-05-18_5DmII.jpg\" alt=\"\" width=\"317\" height=\"476\" srcset=\"https:\/\/www.escapades-photographiques.ch\/Site\/blog\/..\/blog.uploads\/2012\/05\/221_2012-05-18_5DmII.jpg 317w, https:\/\/www.escapades-photographiques.ch\/Site\/blog\/..\/blog.uploads\/2012\/05\/221_2012-05-18_5DmII-199x300.jpg 199w\" sizes=\"(max-width: 317px) 100vw, 317px\" \/><p id=\"caption-attachment-368\" class=\"wp-caption-text\">Ophrys fuciflora (Ophrys frelon) - d\u00e9tail<\/p><\/div>\n<p><br style=\"clear: both;\" \/><br \/>\n<strong>Flore observ\u00e9e dans l&rsquo;Ain (Haut-Jura) le 20 mai<\/strong><\/p>\n<div id=\"attachment_370\" style=\"width: 688px\" class=\"wp-caption alignleft\"><img aria-describedby=\"caption-attachment-370\" decoding=\"async\" loading=\"lazy\" class=\"size-full wp-image-370\" title=\"Narcissus pseudonarcissus (Narcisse jaune)\" src=\"\/\/www.escapades-photographiques.ch\/Site\/blog\/..\/blog.uploads\/2012\/05\/021_2012-05-20_5DmII.jpg\" alt=\"\" width=\"678\" height=\"452\" srcset=\"https:\/\/www.escapades-photographiques.ch\/Site\/blog\/..\/blog.uploads\/2012\/05\/021_2012-05-20_5DmII.jpg 678w, https:\/\/www.escapades-photographiques.ch\/Site\/blog\/..\/blog.uploads\/2012\/05\/021_2012-05-20_5DmII-300x200.jpg 300w\" sizes=\"(max-width: 678px) 100vw, 678px\" \/><p id=\"caption-attachment-370\" class=\"wp-caption-text\">Narcissus pseudonarcissus (Narcisse jaune)<\/p><\/div>\n<div id=\"attachment_371\" style=\"width: 688px\" class=\"wp-caption alignleft\"><img aria-describedby=\"caption-attachment-371\" decoding=\"async\" loading=\"lazy\" class=\"size-full wp-image-371\" title=\"Scilla bifolia (Scille \u00e0 deux feuilles)\" src=\"\/\/www.escapades-photographiques.ch\/Site\/blog\/..\/blog.uploads\/2012\/05\/032_2012-05-20_5DmII.jpg\" alt=\"\" width=\"678\" height=\"452\" srcset=\"https:\/\/www.escapades-photographiques.ch\/Site\/blog\/..\/blog.uploads\/2012\/05\/032_2012-05-20_5DmII.jpg 678w, https:\/\/www.escapades-photographiques.ch\/Site\/blog\/..\/blog.uploads\/2012\/05\/032_2012-05-20_5DmII-300x200.jpg 300w\" sizes=\"(max-width: 678px) 100vw, 678px\" \/><p id=\"caption-attachment-371\" class=\"wp-caption-text\">Scilla bifolia (Scille \u00e0 deux feuilles)<\/p><\/div>\n<p><br style=\"clear: both;\" \/><br \/>\n<strong>Flore observ\u00e9e au pied du Jura vers Nyon le 20 mai<\/strong><\/p>\n<div id=\"attachment_372\" style=\"width: 327px\" class=\"wp-caption alignleft\"><img aria-describedby=\"caption-attachment-372\" decoding=\"async\" loading=\"lazy\" class=\"size-full wp-image-372\" title=\"Ophrys insectifera (Ophrys mouche)\" src=\"\/\/www.escapades-photographiques.ch\/Site\/blog\/..\/blog.uploads\/2012\/05\/045_2012-05-20_5DmII.jpg\" alt=\"\" width=\"317\" height=\"476\" srcset=\"https:\/\/www.escapades-photographiques.ch\/Site\/blog\/..\/blog.uploads\/2012\/05\/045_2012-05-20_5DmII.jpg 317w, https:\/\/www.escapades-photographiques.ch\/Site\/blog\/..\/blog.uploads\/2012\/05\/045_2012-05-20_5DmII-199x300.jpg 199w\" sizes=\"(max-width: 317px) 100vw, 317px\" \/><p id=\"caption-attachment-372\" class=\"wp-caption-text\">Ophrys insectifera (Ophrys mouche)<\/p><\/div>\n<div id=\"attachment_373\" style=\"width: 327px\" class=\"wp-caption alignleft\"><img aria-describedby=\"caption-attachment-373\" decoding=\"async\" loading=\"lazy\" class=\"size-full wp-image-373\" title=\"Platanthera bifolia ? (Platanth\u00e8re \u00e0 deux feuilles ?) - en bouton\" src=\"\/\/www.escapades-photographiques.ch\/Site\/blog\/..\/blog.uploads\/2012\/05\/047_2012-05-20_5DmII.jpg\" alt=\"\" width=\"317\" height=\"476\" srcset=\"https:\/\/www.escapades-photographiques.ch\/Site\/blog\/..\/blog.uploads\/2012\/05\/047_2012-05-20_5DmII.jpg 317w, https:\/\/www.escapades-photographiques.ch\/Site\/blog\/..\/blog.uploads\/2012\/05\/047_2012-05-20_5DmII-199x300.jpg 199w\" sizes=\"(max-width: 317px) 100vw, 317px\" \/><p id=\"caption-attachment-373\" class=\"wp-caption-text\">Platanthera bifolia ? (Platanth\u00e8re \u00e0 deux feuilles ?) - en bouton<\/p><\/div>\n<div id=\"attachment_374\" style=\"width: 327px\" class=\"wp-caption alignleft\"><img aria-describedby=\"caption-attachment-374\" decoding=\"async\" loading=\"lazy\" class=\"size-full wp-image-374\" title=\"Orchis militaris (Orchis militaire)\" src=\"\/\/www.escapades-photographiques.ch\/Site\/blog\/..\/blog.uploads\/2012\/05\/061_2012-05-20_5DmII.jpg\" alt=\"\" width=\"317\" height=\"476\" srcset=\"https:\/\/www.escapades-photographiques.ch\/Site\/blog\/..\/blog.uploads\/2012\/05\/061_2012-05-20_5DmII.jpg 317w, https:\/\/www.escapades-photographiques.ch\/Site\/blog\/..\/blog.uploads\/2012\/05\/061_2012-05-20_5DmII-199x300.jpg 199w\" sizes=\"(max-width: 317px) 100vw, 317px\" \/><p id=\"caption-attachment-374\" class=\"wp-caption-text\">Orchis militaris (Orchis militaire)<\/p><\/div>\n<div id=\"attachment_375\" style=\"width: 327px\" class=\"wp-caption alignleft\"><img aria-describedby=\"caption-attachment-375\" decoding=\"async\" loading=\"lazy\" class=\"size-full wp-image-375\" title=\"Cephalanthera longifolia (C\u00e9phalanth\u00e8re \u00e0 longues feuilles)\" src=\"\/\/www.escapades-photographiques.ch\/Site\/blog\/..\/blog.uploads\/2012\/05\/069_2012-05-20_5DmII.jpg\" alt=\"\" width=\"317\" height=\"476\" srcset=\"https:\/\/www.escapades-photographiques.ch\/Site\/blog\/..\/blog.uploads\/2012\/05\/069_2012-05-20_5DmII.jpg 317w, https:\/\/www.escapades-photographiques.ch\/Site\/blog\/..\/blog.uploads\/2012\/05\/069_2012-05-20_5DmII-199x300.jpg 199w\" sizes=\"(max-width: 317px) 100vw, 317px\" \/><p id=\"caption-attachment-375\" class=\"wp-caption-text\">Cephalanthera longifolia (C\u00e9phalanth\u00e8re \u00e0 longues feuilles)<\/p><\/div>\n<div id=\"attachment_378\" style=\"width: 327px\" class=\"wp-caption alignleft\"><img aria-describedby=\"caption-attachment-378\" decoding=\"async\" loading=\"lazy\" class=\"size-full wp-image-378\" title=\"Dactylorhiza traunsteineri (Orchis de Traunsteiner)\" src=\"\/\/www.escapades-photographiques.ch\/Site\/blog\/..\/blog.uploads\/2012\/05\/114_2012-05-20_5DmII.jpg\" alt=\"\" width=\"317\" height=\"476\" srcset=\"https:\/\/www.escapades-photographiques.ch\/Site\/blog\/..\/blog.uploads\/2012\/05\/114_2012-05-20_5DmII.jpg 317w, https:\/\/www.escapades-photographiques.ch\/Site\/blog\/..\/blog.uploads\/2012\/05\/114_2012-05-20_5DmII-199x300.jpg 199w\" sizes=\"(max-width: 317px) 100vw, 317px\" \/><p id=\"caption-attachment-378\" class=\"wp-caption-text\">Dactylorhiza traunsteineri (Orchis de Traunsteiner)  <\/p><\/div>\n<div id=\"attachment_377\" style=\"width: 327px\" class=\"wp-caption alignleft\"><img aria-describedby=\"caption-attachment-377\" decoding=\"async\" loading=\"lazy\" class=\"size-full wp-image-377\" title=\"Dactylorhiza traunsteineri (Orchis de Traunsteiner) - d\u00e9tail\" src=\"\/\/www.escapades-photographiques.ch\/Site\/blog\/..\/blog.uploads\/2012\/05\/105_2012-05-20_5DmII.jpg\" alt=\"\" width=\"317\" height=\"476\" srcset=\"https:\/\/www.escapades-photographiques.ch\/Site\/blog\/..\/blog.uploads\/2012\/05\/105_2012-05-20_5DmII.jpg 317w, https:\/\/www.escapades-photographiques.ch\/Site\/blog\/..\/blog.uploads\/2012\/05\/105_2012-05-20_5DmII-199x300.jpg 199w\" sizes=\"(max-width: 317px) 100vw, 317px\" \/><p id=\"caption-attachment-377\" class=\"wp-caption-text\">Dactylorhiza traunsteineri (Orchis de Traunsteiner) - d\u00e9tail<\/p><\/div>\n<div id=\"attachment_376\" style=\"width: 327px\" class=\"wp-caption alignleft\"><img aria-describedby=\"caption-attachment-376\" decoding=\"async\" loading=\"lazy\" class=\"size-full wp-image-376\" title=\"Dactylorhiza incarnata (Orchis incarnat) - en bouton avec \u00e9levage de pucerons noirs\" src=\"\/\/www.escapades-photographiques.ch\/Site\/blog\/..\/blog.uploads\/2012\/05\/085_2012-05-20_5DmII.jpg\" alt=\"\" width=\"317\" height=\"476\" srcset=\"https:\/\/www.escapades-photographiques.ch\/Site\/blog\/..\/blog.uploads\/2012\/05\/085_2012-05-20_5DmII.jpg 317w, https:\/\/www.escapades-photographiques.ch\/Site\/blog\/..\/blog.uploads\/2012\/05\/085_2012-05-20_5DmII-199x300.jpg 199w\" sizes=\"(max-width: 317px) 100vw, 317px\" \/><p id=\"caption-attachment-376\" class=\"wp-caption-text\">Dactylorhiza incarnata (Orchis incarnat) - en bouton avec \u00e9levage de pucerons noirs<\/p><\/div>\n<div id=\"attachment_379\" style=\"width: 688px\" class=\"wp-caption alignleft\"><img aria-describedby=\"caption-attachment-379\" decoding=\"async\" loading=\"lazy\" class=\"size-full wp-image-379\" title=\"Aquilegia vulgaris (Ancolie vulgaire)\" src=\"\/\/www.escapades-photographiques.ch\/Site\/blog\/..\/blog.uploads\/2012\/05\/139_2012-05-20_5DmII.jpg\" alt=\"\" width=\"678\" height=\"452\" srcset=\"https:\/\/www.escapades-photographiques.ch\/Site\/blog\/..\/blog.uploads\/2012\/05\/139_2012-05-20_5DmII.jpg 678w, https:\/\/www.escapades-photographiques.ch\/Site\/blog\/..\/blog.uploads\/2012\/05\/139_2012-05-20_5DmII-300x200.jpg 300w\" sizes=\"(max-width: 678px) 100vw, 678px\" \/><p id=\"caption-attachment-379\" class=\"wp-caption-text\">Aquilegia vulgaris (Ancolie vulgaire)<\/p><\/div>\n","protected":false},"excerpt":{"rendered":"<p>Principalement des orchid\u00e9es mais pas seulement&#8230; Flore observ\u00e9e dans le nord vaudois vers Onnens le 13 mai Flore observ\u00e9e dans le nord vaudois vers Les Cl\u00e9es le 13 mai Flore observ\u00e9e dans le Chablais vaudois vers Ollon le 17 mai Flore observ\u00e9e dans le Chablais vaudois le long du canal du Rh\u00f4ne le 17 mai <a href='https:\/\/www.escapades-photographiques.ch\/Site\/blog\/2012\/flore\/flore-observee-du-13-au-20-mai-2012-en-romandie\/' class='excerpt-more'>[&#8230;]<\/a><\/p>\n","protected":false},"author":1,"featured_media":0,"comment_status":"open","ping_status":"open","sticky":false,"template":"","format":"standard","meta":{"footnotes":""},"categories":[41],"tags":[44,103,102,80,76,81,77,100,98,84,95,72,71,94,93,69,70,78,88,87,86,53,54,79,65,67,85,49,99,68,101,92,91,64,63,73,82,83,74,90,89,75,96,97],"_links":{"self":[{"href":"https:\/\/www.escapades-photographiques.ch\/Site\/blog\/wp-json\/wp\/v2\/posts\/380"}],"collection":[{"href":"https:\/\/www.escapades-photographiques.ch\/Site\/blog\/wp-json\/wp\/v2\/posts"}],"about":[{"href":"https:\/\/www.escapades-photographiques.ch\/Site\/blog\/wp-json\/wp\/v2\/types\/post"}],"author":[{"embeddable":true,"href":"https:\/\/www.escapades-photographiques.ch\/Site\/blog\/wp-json\/wp\/v2\/users\/1"}],"replies":[{"embeddable":true,"href":"https:\/\/www.escapades-photographiques.ch\/Site\/blog\/wp-json\/wp\/v2\/comments?post=380"}],"version-history":[{"count":110,"href":"https:\/\/www.escapades-photographiques.ch\/Site\/blog\/wp-json\/wp\/v2\/posts\/380\/revisions"}],"predecessor-version":[{"id":484,"href":"https:\/\/www.escapades-photographiques.ch\/Site\/blog\/wp-json\/wp\/v2\/posts\/380\/revisions\/484"}],"wp:attachment":[{"href":"https:\/\/www.escapades-photographiques.ch\/Site\/blog\/wp-json\/wp\/v2\/media?parent=380"}],"wp:term":[{"taxonomy":"category","embeddable":true,"href":"https:\/\/www.escapades-photographiques.ch\/Site\/blog\/wp-json\/wp\/v2\/categories?post=380"},{"taxonomy":"post_tag","embeddable":true,"href":"https:\/\/www.escapades-photographiques.ch\/Site\/blog\/wp-json\/wp\/v2\/tags?post=380"}],"curies":[{"name":"wp","href":"https:\/\/api.w.org\/{rel}","templated":true}]}}