{"id":49,"date":"2012-03-04T19:13:18","date_gmt":"2012-03-04T19:13:18","guid":{"rendered":"http:\/\/www.escapades-photographiques.ch\/Site\/blog\/?p=49"},"modified":"2012-03-05T21:48:09","modified_gmt":"2012-03-05T21:48:09","slug":"fin-des-films-inversibles-chez-kodak","status":"publish","type":"post","link":"https:\/\/www.escapades-photographiques.ch\/Site\/blog\/2012\/actualite\/fin-des-films-inversibles-chez-kodak\/","title":{"rendered":"Fin des films inversibles chez Kodak"},"content":{"rendered":"<p>Kodak a annonc\u00e9 dans un communiqu\u00e9 dat\u00e9 du premier mars qu&rsquo;il cessera la fabrication de ses derniers films inversibles encore dans le catalogue:<\/p>\n<p><a title=\"Communiqu\u00e9 de Kodak\" href=\"http:\/\/www.kodak.com\/global\/en\/professional\/products\/colorReversalIndex.jhtml?pq-path=13319\/1229\" target=\"_blank\">\u2014 DISCONTINUATION NOTICE \u2014<\/a><\/p>\n<p>Cela concerne les films professionnels E100G et E100VS et la gamme grand public \u00ab\u00a0KODAK PROFESSIONAL ELITE Chrome\u00a0\u00bb. Le communiqu\u00e9 \u00e9voque la complexit\u00e9 de fabrication de ces films d\u00e9velopp\u00e9s selon le proc\u00e9d\u00e9 E6 pour justifier l&rsquo;arr\u00eat de leur fabrication.<\/p>\n<p>Ces films inversibles Kodak devraient encore \u00eatre disponibles jusqu&rsquo;\u00e0 l&rsquo;\u00e9puisement des stocks actuels, au mieux donc jusqu&rsquo;\u00e0 la fin de l&rsquo;ann\u00e9e 2012.<\/p>\n<p>Il ne reste donc plus que sur ce march\u00e9 Fuji. Compte tenu du futur monopole de Fuji pour les films inversibles, on devrait peut-\u00eatre observer une augmentation des prix de ces pellicules prochainement ? A suivre&#8230;<\/p>\n<p>Une photo ci-dessous de la boite de film E100GX Kodak que j&rsquo;ai sorti du cong\u00e9lateur pour l&rsquo;occasion !<\/p>\n<p>La fin d&rsquo;une \u00e9poque.<\/p>\n<p><img decoding=\"async\" loading=\"lazy\" class=\"alignleft size-full wp-image-70\" title=\"Film Kodak inversible E100GX\" src=\"\/\/www.escapades-photographiques.ch\/Site\/blog\/..\/blog.uploads\/2012\/03\/005_2012-03-04_5DmII.jpg\" alt=\"\" width=\"600\" height=\"324\" srcset=\"https:\/\/www.escapades-photographiques.ch\/Site\/blog\/..\/blog.uploads\/2012\/03\/005_2012-03-04_5DmII.jpg 600w, https:\/\/www.escapades-photographiques.ch\/Site\/blog\/..\/blog.uploads\/2012\/03\/005_2012-03-04_5DmII-300x162.jpg 300w\" sizes=\"(max-width: 600px) 100vw, 600px\" \/><\/p>\n<p>&nbsp;<\/p>\n","protected":false},"excerpt":{"rendered":"<p>Kodak a annonc\u00e9 dans un communiqu\u00e9 dat\u00e9 du premier mars qu&rsquo;il cessera la fabrication de ses derniers films inversibles encore dans le catalogue: \u2014 DISCONTINUATION NOTICE \u2014 Cela concerne les films professionnels E100G et E100VS et la gamme grand public \u00ab\u00a0KODAK PROFESSIONAL ELITE Chrome\u00a0\u00bb. Le communiqu\u00e9 \u00e9voque la complexit\u00e9 de fabrication de ces films d\u00e9velopp\u00e9s <a href='https:\/\/www.escapades-photographiques.ch\/Site\/blog\/2012\/actualite\/fin-des-films-inversibles-chez-kodak\/' class='excerpt-more'>[&#8230;]<\/a><\/p>\n","protected":false},"author":1,"featured_media":0,"comment_status":"open","ping_status":"open","sticky":false,"template":"","format":"standard","meta":{"footnotes":""},"categories":[1],"tags":[10,11,8,9,7],"_links":{"self":[{"href":"https:\/\/www.escapades-photographiques.ch\/Site\/blog\/wp-json\/wp\/v2\/posts\/49"}],"collection":[{"href":"https:\/\/www.escapades-photographiques.ch\/Site\/blog\/wp-json\/wp\/v2\/posts"}],"about":[{"href":"https:\/\/www.escapades-photographiques.ch\/Site\/blog\/wp-json\/wp\/v2\/types\/post"}],"author":[{"embeddable":true,"href":"https:\/\/www.escapades-photographiques.ch\/Site\/blog\/wp-json\/wp\/v2\/users\/1"}],"replies":[{"embeddable":true,"href":"https:\/\/www.escapades-photographiques.ch\/Site\/blog\/wp-json\/wp\/v2\/comments?post=49"}],"version-history":[{"count":20,"href":"https:\/\/www.escapades-photographiques.ch\/Site\/blog\/wp-json\/wp\/v2\/posts\/49\/revisions"}],"predecessor-version":[{"id":60,"href":"https:\/\/www.escapades-photographiques.ch\/Site\/blog\/wp-json\/wp\/v2\/posts\/49\/revisions\/60"}],"wp:attachment":[{"href":"https:\/\/www.escapades-photographiques.ch\/Site\/blog\/wp-json\/wp\/v2\/media?parent=49"}],"wp:term":[{"taxonomy":"category","embeddable":true,"href":"https:\/\/www.escapades-photographiques.ch\/Site\/blog\/wp-json\/wp\/v2\/categories?post=49"},{"taxonomy":"post_tag","embeddable":true,"href":"https:\/\/www.escapades-photographiques.ch\/Site\/blog\/wp-json\/wp\/v2\/tags?post=49"}],"curies":[{"name":"wp","href":"https:\/\/api.w.org\/{rel}","templated":true}]}}