{"id":525,"date":"2012-06-12T23:44:03","date_gmt":"2012-06-12T21:44:03","guid":{"rendered":"http:\/\/www.escapades-photographiques.ch\/Site\/blog\/?p=525"},"modified":"2012-06-12T23:44:03","modified_gmt":"2012-06-12T21:44:03","slug":"balade-jurassienne-du-9-juin-2012","status":"publish","type":"post","link":"https:\/\/www.escapades-photographiques.ch\/Site\/blog\/2012\/flore\/balade-jurassienne-du-9-juin-2012\/","title":{"rendered":"Balade jurassienne du 9 juin 2012"},"content":{"rendered":"<p><strong>D\u00e9placement en Frasnois (Jura fran\u00e7ais) pour observer le tr\u00e8s rare Orchis spitzelii<\/strong><\/p>\n<div id=\"attachment_527\" style=\"width: 327px\" class=\"wp-caption alignleft\"><img aria-describedby=\"caption-attachment-527\" decoding=\"async\" loading=\"lazy\" src=\"\/\/www.escapades-photographiques.ch\/Site\/blog\/..\/blog.uploads\/2012\/06\/048_2012-06-09_5DmII.jpg\" alt=\"\" title=\"Orchis spitzelii (Orchis de Spitzel)\" width=\"317\" height=\"476\" class=\"size-full wp-image-527\" srcset=\"https:\/\/www.escapades-photographiques.ch\/Site\/blog\/..\/blog.uploads\/2012\/06\/048_2012-06-09_5DmII.jpg 317w, https:\/\/www.escapades-photographiques.ch\/Site\/blog\/..\/blog.uploads\/2012\/06\/048_2012-06-09_5DmII-199x300.jpg 199w\" sizes=\"(max-width: 317px) 100vw, 317px\" \/><p id=\"caption-attachment-527\" class=\"wp-caption-text\">Orchis spitzelii (Orchis de Spitzel)<\/p><\/div>\n<div id=\"attachment_526\" style=\"width: 327px\" class=\"wp-caption alignleft\"><img aria-describedby=\"caption-attachment-526\" decoding=\"async\" loading=\"lazy\" src=\"\/\/www.escapades-photographiques.ch\/Site\/blog\/..\/blog.uploads\/2012\/06\/015_2012-06-09_5DmII.jpg\" alt=\"\" title=\"Orchis spitzelii (Orchis de Spitzel) - d\u00e9tail\" width=\"317\" height=\"476\" class=\"size-full wp-image-526\" srcset=\"https:\/\/www.escapades-photographiques.ch\/Site\/blog\/..\/blog.uploads\/2012\/06\/015_2012-06-09_5DmII.jpg 317w, https:\/\/www.escapades-photographiques.ch\/Site\/blog\/..\/blog.uploads\/2012\/06\/015_2012-06-09_5DmII-199x300.jpg 199w\" sizes=\"(max-width: 317px) 100vw, 317px\" \/><p id=\"caption-attachment-526\" class=\"wp-caption-text\">Orchis spitzelii (Orchis de Spitzel) - d\u00e9tail<\/p><\/div>\n<div id=\"attachment_528\" style=\"width: 327px\" class=\"wp-caption alignleft\"><img aria-describedby=\"caption-attachment-528\" decoding=\"async\" loading=\"lazy\" src=\"\/\/www.escapades-photographiques.ch\/Site\/blog\/..\/blog.uploads\/2012\/06\/056_2012-06-09_5DmII.jpg\" alt=\"\" title=\"Orchis spitzelii (Orchis de Spitzel) - d\u00e9tail\" width=\"317\" height=\"476\" class=\"size-full wp-image-528\" srcset=\"https:\/\/www.escapades-photographiques.ch\/Site\/blog\/..\/blog.uploads\/2012\/06\/056_2012-06-09_5DmII.jpg 317w, https:\/\/www.escapades-photographiques.ch\/Site\/blog\/..\/blog.uploads\/2012\/06\/056_2012-06-09_5DmII-199x300.jpg 199w\" sizes=\"(max-width: 317px) 100vw, 317px\" \/><p id=\"caption-attachment-528\" class=\"wp-caption-text\">Orchis spitzelii (Orchis de Spitzel) - d\u00e9tail<\/p><\/div>\n<div id=\"attachment_529\" style=\"width: 327px\" class=\"wp-caption alignleft\"><img aria-describedby=\"caption-attachment-529\" decoding=\"async\" loading=\"lazy\" src=\"\/\/www.escapades-photographiques.ch\/Site\/blog\/..\/blog.uploads\/2012\/06\/087_2012-06-09_5DmII.jpg\" alt=\"\" title=\"Orchis spitzelii (Orchis de Spitzel) - d\u00e9tail\" width=\"317\" height=\"476\" class=\"size-full wp-image-529\" srcset=\"https:\/\/www.escapades-photographiques.ch\/Site\/blog\/..\/blog.uploads\/2012\/06\/087_2012-06-09_5DmII.jpg 317w, https:\/\/www.escapades-photographiques.ch\/Site\/blog\/..\/blog.uploads\/2012\/06\/087_2012-06-09_5DmII-199x300.jpg 199w\" sizes=\"(max-width: 317px) 100vw, 317px\" \/><p id=\"caption-attachment-529\" class=\"wp-caption-text\">Orchis spitzelii (Orchis de Spitzel) - d\u00e9tail<\/p><\/div>\n<div id=\"attachment_530\" style=\"width: 327px\" class=\"wp-caption alignleft\"><img aria-describedby=\"caption-attachment-530\" decoding=\"async\" loading=\"lazy\" src=\"\/\/www.escapades-photographiques.ch\/Site\/blog\/..\/blog.uploads\/2012\/06\/089_2012-06-09_5DmII.jpg\" alt=\"\" title=\"Orchis spitzelii (Orchis de Spitzel)\" width=\"317\" height=\"476\" class=\"size-full wp-image-530\" srcset=\"https:\/\/www.escapades-photographiques.ch\/Site\/blog\/..\/blog.uploads\/2012\/06\/089_2012-06-09_5DmII.jpg 317w, https:\/\/www.escapades-photographiques.ch\/Site\/blog\/..\/blog.uploads\/2012\/06\/089_2012-06-09_5DmII-199x300.jpg 199w\" sizes=\"(max-width: 317px) 100vw, 317px\" \/><p id=\"caption-attachment-530\" class=\"wp-caption-text\">Orchis spitzelii (Orchis de Spitzel)<\/p><\/div>\n<div id=\"attachment_531\" style=\"width: 327px\" class=\"wp-caption alignleft\"><img aria-describedby=\"caption-attachment-531\" decoding=\"async\" loading=\"lazy\" src=\"\/\/www.escapades-photographiques.ch\/Site\/blog\/..\/blog.uploads\/2012\/06\/111_2012-06-09_5DmII.jpg\" alt=\"\" title=\"Orchis spitzelii (Orchis de Spitzel)\" width=\"317\" height=\"476\" class=\"size-full wp-image-531\" srcset=\"https:\/\/www.escapades-photographiques.ch\/Site\/blog\/..\/blog.uploads\/2012\/06\/111_2012-06-09_5DmII.jpg 317w, https:\/\/www.escapades-photographiques.ch\/Site\/blog\/..\/blog.uploads\/2012\/06\/111_2012-06-09_5DmII-199x300.jpg 199w\" sizes=\"(max-width: 317px) 100vw, 317px\" \/><p id=\"caption-attachment-531\" class=\"wp-caption-text\">Orchis spitzelii (Orchis de Spitzel)<\/p><\/div>\n<div id=\"attachment_532\" style=\"width: 327px\" class=\"wp-caption alignleft\"><img aria-describedby=\"caption-attachment-532\" decoding=\"async\" loading=\"lazy\" src=\"\/\/www.escapades-photographiques.ch\/Site\/blog\/..\/blog.uploads\/2012\/06\/168_2012-06-09_5DmII.jpg\" alt=\"\" title=\"Orchis spitzelii (Orchis de Spitzel) - d\u00e9tail\" width=\"317\" height=\"476\" class=\"size-full wp-image-532\" srcset=\"https:\/\/www.escapades-photographiques.ch\/Site\/blog\/..\/blog.uploads\/2012\/06\/168_2012-06-09_5DmII.jpg 317w, https:\/\/www.escapades-photographiques.ch\/Site\/blog\/..\/blog.uploads\/2012\/06\/168_2012-06-09_5DmII-199x300.jpg 199w\" sizes=\"(max-width: 317px) 100vw, 317px\" \/><p id=\"caption-attachment-532\" class=\"wp-caption-text\">Orchis spitzelii (Orchis de Spitzel) - d\u00e9tail<\/p><\/div>\n<div id=\"attachment_533\" style=\"width: 327px\" class=\"wp-caption alignleft\"><img aria-describedby=\"caption-attachment-533\" decoding=\"async\" loading=\"lazy\" src=\"\/\/www.escapades-photographiques.ch\/Site\/blog\/..\/blog.uploads\/2012\/06\/213_2012-06-09_5DmII.jpg\" alt=\"\" title=\"Orchis spitzelii (Orchis de Spitzel)\" width=\"317\" height=\"476\" class=\"size-full wp-image-533\" srcset=\"https:\/\/www.escapades-photographiques.ch\/Site\/blog\/..\/blog.uploads\/2012\/06\/213_2012-06-09_5DmII.jpg 317w, https:\/\/www.escapades-photographiques.ch\/Site\/blog\/..\/blog.uploads\/2012\/06\/213_2012-06-09_5DmII-199x300.jpg 199w\" sizes=\"(max-width: 317px) 100vw, 317px\" \/><p id=\"caption-attachment-533\" class=\"wp-caption-text\">Orchis spitzelii (Orchis de Spitzel)<\/p><\/div>\n<div id=\"attachment_534\" style=\"width: 688px\" class=\"wp-caption alignnone\"><img aria-describedby=\"caption-attachment-534\" decoding=\"async\" loading=\"lazy\" src=\"\/\/www.escapades-photographiques.ch\/Site\/blog\/..\/blog.uploads\/2012\/06\/241_2012-06-09_5DmII.jpg\" alt=\"\" title=\"Un habitant des lieux...\" width=\"678\" height=\"452\" class=\"size-full wp-image-534\" srcset=\"https:\/\/www.escapades-photographiques.ch\/Site\/blog\/..\/blog.uploads\/2012\/06\/241_2012-06-09_5DmII.jpg 678w, https:\/\/www.escapades-photographiques.ch\/Site\/blog\/..\/blog.uploads\/2012\/06\/241_2012-06-09_5DmII-300x200.jpg 300w\" sizes=\"(max-width: 678px) 100vw, 678px\" \/><p id=\"caption-attachment-534\" class=\"wp-caption-text\">Un habitant des lieux...<\/p><\/div>\n<p><br style=\"clear: both;\" \/><br \/>\n<strong>Orchid\u00e9es observ\u00e9es au bord du lac des Rousses (Jura fran\u00e7ais)<\/strong><\/p>\n<div id=\"attachment_538\" style=\"width: 327px\" class=\"wp-caption alignleft\"><img aria-describedby=\"caption-attachment-538\" decoding=\"async\" loading=\"lazy\" src=\"\/\/www.escapades-photographiques.ch\/Site\/blog\/..\/blog.uploads\/2012\/06\/267_2012-06-09_5DmII.jpg\" alt=\"\" title=\"Dactylorhiza majalis (Orchis de mai)\" width=\"317\" height=\"476\" class=\"size-full wp-image-538\" srcset=\"https:\/\/www.escapades-photographiques.ch\/Site\/blog\/..\/blog.uploads\/2012\/06\/267_2012-06-09_5DmII.jpg 317w, https:\/\/www.escapades-photographiques.ch\/Site\/blog\/..\/blog.uploads\/2012\/06\/267_2012-06-09_5DmII-199x300.jpg 199w\" sizes=\"(max-width: 317px) 100vw, 317px\" \/><p id=\"caption-attachment-538\" class=\"wp-caption-text\">Dactylorhiza majalis (Orchis de mai)<\/p><\/div>\n<div id=\"attachment_537\" style=\"width: 327px\" class=\"wp-caption alignleft\"><img aria-describedby=\"caption-attachment-537\" decoding=\"async\" loading=\"lazy\" src=\"\/\/www.escapades-photographiques.ch\/Site\/blog\/..\/blog.uploads\/2012\/06\/265_2012-06-09_5DmII.jpg\" alt=\"\" title=\"Dactylorhiza majalis (Orchis de mai) - d\u00e9tail\" width=\"317\" height=\"476\" class=\"size-full wp-image-537\" srcset=\"https:\/\/www.escapades-photographiques.ch\/Site\/blog\/..\/blog.uploads\/2012\/06\/265_2012-06-09_5DmII.jpg 317w, https:\/\/www.escapades-photographiques.ch\/Site\/blog\/..\/blog.uploads\/2012\/06\/265_2012-06-09_5DmII-199x300.jpg 199w\" sizes=\"(max-width: 317px) 100vw, 317px\" \/><p id=\"caption-attachment-537\" class=\"wp-caption-text\">Dactylorhiza majalis (Orchis de mai) - d\u00e9tail<\/p><\/div>\n<div id=\"attachment_535\" style=\"width: 327px\" class=\"wp-caption alignleft\"><img aria-describedby=\"caption-attachment-535\" decoding=\"async\" loading=\"lazy\" src=\"\/\/www.escapades-photographiques.ch\/Site\/blog\/..\/blog.uploads\/2012\/06\/249_2012-06-09_5DmII.jpg\" alt=\"\" title=\"Dactylorhiza majalis (Orchis de mai)\" width=\"317\" height=\"476\" class=\"size-full wp-image-535\" srcset=\"https:\/\/www.escapades-photographiques.ch\/Site\/blog\/..\/blog.uploads\/2012\/06\/249_2012-06-09_5DmII.jpg 317w, https:\/\/www.escapades-photographiques.ch\/Site\/blog\/..\/blog.uploads\/2012\/06\/249_2012-06-09_5DmII-199x300.jpg 199w\" sizes=\"(max-width: 317px) 100vw, 317px\" \/><p id=\"caption-attachment-535\" class=\"wp-caption-text\">Dactylorhiza majalis (Orchis de mai)<\/p><\/div>\n<p><br style=\"clear: both;\" \/><br \/>\n<strong>En montant \u00e0 la D\u00f4le depuis le col de la Givrine (canton de Vaud)<\/strong><\/p>\n<div id=\"attachment_543\" style=\"width: 327px\" class=\"wp-caption alignleft\"><img aria-describedby=\"caption-attachment-543\" decoding=\"async\" loading=\"lazy\" src=\"\/\/www.escapades-photographiques.ch\/Site\/blog\/..\/blog.uploads\/2012\/06\/354_2012-06-09_5DmII.jpg\" alt=\"\" title=\"Dactylorhiza sambucina (Orchis sureau)\" width=\"317\" height=\"476\" class=\"size-full wp-image-543\" srcset=\"https:\/\/www.escapades-photographiques.ch\/Site\/blog\/..\/blog.uploads\/2012\/06\/354_2012-06-09_5DmII.jpg 317w, https:\/\/www.escapades-photographiques.ch\/Site\/blog\/..\/blog.uploads\/2012\/06\/354_2012-06-09_5DmII-199x300.jpg 199w\" sizes=\"(max-width: 317px) 100vw, 317px\" \/><p id=\"caption-attachment-543\" class=\"wp-caption-text\">Dactylorhiza sambucina (Orchis sureau)<\/p><\/div>\n<div id=\"attachment_542\" style=\"width: 327px\" class=\"wp-caption alignleft\"><img aria-describedby=\"caption-attachment-542\" decoding=\"async\" loading=\"lazy\" src=\"\/\/www.escapades-photographiques.ch\/Site\/blog\/..\/blog.uploads\/2012\/06\/348_2012-06-09_5DmII.jpg\" alt=\"\" title=\"Dactylorhiza sambucina (Orchis sureau) - d\u00e9tail\" width=\"317\" height=\"476\" class=\"size-full wp-image-542\" srcset=\"https:\/\/www.escapades-photographiques.ch\/Site\/blog\/..\/blog.uploads\/2012\/06\/348_2012-06-09_5DmII.jpg 317w, https:\/\/www.escapades-photographiques.ch\/Site\/blog\/..\/blog.uploads\/2012\/06\/348_2012-06-09_5DmII-199x300.jpg 199w\" sizes=\"(max-width: 317px) 100vw, 317px\" \/><p id=\"caption-attachment-542\" class=\"wp-caption-text\">Dactylorhiza sambucina (Orchis sureau) - d\u00e9tail<\/p><\/div>\n<div id=\"attachment_541\" style=\"width: 327px\" class=\"wp-caption alignleft\"><img aria-describedby=\"caption-attachment-541\" decoding=\"async\" loading=\"lazy\" src=\"\/\/www.escapades-photographiques.ch\/Site\/blog\/..\/blog.uploads\/2012\/06\/328_2012-06-09_5DmII.jpg\" alt=\"\" title=\"Orchis mascula (Orchis m\u00e2le)\" width=\"317\" height=\"476\" class=\"size-full wp-image-541\" srcset=\"https:\/\/www.escapades-photographiques.ch\/Site\/blog\/..\/blog.uploads\/2012\/06\/328_2012-06-09_5DmII.jpg 317w, https:\/\/www.escapades-photographiques.ch\/Site\/blog\/..\/blog.uploads\/2012\/06\/328_2012-06-09_5DmII-199x300.jpg 199w\" sizes=\"(max-width: 317px) 100vw, 317px\" \/><p id=\"caption-attachment-541\" class=\"wp-caption-text\">Orchis mascula (Orchis m\u00e2le)<\/p><\/div>\n<p><br style=\"clear: both;\" \/><br \/>\n<strong>Orchid\u00e9es observ\u00e9es au pied du Jura vers Nyon<\/strong><\/p>\n<div id=\"attachment_550\" style=\"width: 327px\" class=\"wp-caption alignleft\"><img aria-describedby=\"caption-attachment-550\" decoding=\"async\" loading=\"lazy\" src=\"\/\/www.escapades-photographiques.ch\/Site\/blog\/..\/blog.uploads\/2012\/06\/420_2012-06-09_5DmII.jpg\" alt=\"\" title=\"Gymnadenia odoratissima (Orchis odorant)\" width=\"317\" height=\"476\" class=\"size-full wp-image-550\" srcset=\"https:\/\/www.escapades-photographiques.ch\/Site\/blog\/..\/blog.uploads\/2012\/06\/420_2012-06-09_5DmII.jpg 317w, https:\/\/www.escapades-photographiques.ch\/Site\/blog\/..\/blog.uploads\/2012\/06\/420_2012-06-09_5DmII-199x300.jpg 199w\" sizes=\"(max-width: 317px) 100vw, 317px\" \/><p id=\"caption-attachment-550\" class=\"wp-caption-text\">Gymnadenia odoratissima (Orchis odorant)<\/p><\/div>\n<div id=\"attachment_551\" style=\"width: 327px\" class=\"wp-caption alignleft\"><img aria-describedby=\"caption-attachment-551\" decoding=\"async\" loading=\"lazy\" src=\"\/\/www.escapades-photographiques.ch\/Site\/blog\/..\/blog.uploads\/2012\/06\/434_2012-06-09_5DmII.jpg\" alt=\"\" title=\"Gymnadenia conopsea (Orchis moucheron)\" width=\"317\" height=\"476\" class=\"size-full wp-image-551\" srcset=\"https:\/\/www.escapades-photographiques.ch\/Site\/blog\/..\/blog.uploads\/2012\/06\/434_2012-06-09_5DmII.jpg 317w, https:\/\/www.escapades-photographiques.ch\/Site\/blog\/..\/blog.uploads\/2012\/06\/434_2012-06-09_5DmII-199x300.jpg 199w\" sizes=\"(max-width: 317px) 100vw, 317px\" \/><p id=\"caption-attachment-551\" class=\"wp-caption-text\">Gymnadenia conopsea (Orchis moucheron)<\/p><\/div>\n<div id=\"attachment_554\" style=\"width: 327px\" class=\"wp-caption alignleft\"><img aria-describedby=\"caption-attachment-554\" decoding=\"async\" loading=\"lazy\" src=\"\/\/www.escapades-photographiques.ch\/Site\/blog\/..\/blog.uploads\/2012\/06\/465_2012-06-09_5DmII.jpg\" alt=\"\" title=\"Dactylorhiza traunsteineri (Orchis de Traunsteiner)\" width=\"317\" height=\"476\" class=\"size-full wp-image-554\" srcset=\"https:\/\/www.escapades-photographiques.ch\/Site\/blog\/..\/blog.uploads\/2012\/06\/465_2012-06-09_5DmII.jpg 317w, https:\/\/www.escapades-photographiques.ch\/Site\/blog\/..\/blog.uploads\/2012\/06\/465_2012-06-09_5DmII-199x300.jpg 199w\" sizes=\"(max-width: 317px) 100vw, 317px\" \/><p id=\"caption-attachment-554\" class=\"wp-caption-text\">Dactylorhiza traunsteineri (Orchis de Traunsteiner)<\/p><\/div>\n<div id=\"attachment_553\" style=\"width: 327px\" class=\"wp-caption alignleft\"><img aria-describedby=\"caption-attachment-553\" decoding=\"async\" loading=\"lazy\" src=\"\/\/www.escapades-photographiques.ch\/Site\/blog\/..\/blog.uploads\/2012\/06\/464_2012-06-09_5DmII.jpg\" alt=\"\" title=\"Dactylorhiza traunsteineri (Orchis de Traunsteiner) - d\u00e9tail\" width=\"317\" height=\"476\" class=\"size-full wp-image-553\" srcset=\"https:\/\/www.escapades-photographiques.ch\/Site\/blog\/..\/blog.uploads\/2012\/06\/464_2012-06-09_5DmII.jpg 317w, https:\/\/www.escapades-photographiques.ch\/Site\/blog\/..\/blog.uploads\/2012\/06\/464_2012-06-09_5DmII-199x300.jpg 199w\" sizes=\"(max-width: 317px) 100vw, 317px\" \/><p id=\"caption-attachment-553\" class=\"wp-caption-text\">Dactylorhiza traunsteineri (Orchis de Traunsteiner) -d\u00e9tail<\/p><\/div>\n<div id=\"attachment_555\" style=\"width: 327px\" class=\"wp-caption alignleft\"><img aria-describedby=\"caption-attachment-555\" decoding=\"async\" loading=\"lazy\" src=\"\/\/www.escapades-photographiques.ch\/Site\/blog\/..\/blog.uploads\/2012\/06\/484_2012-06-09_5DmII.jpg\" alt=\"\" title=\"Gymnadenia conopsea x Cepaea hortensis :)\" width=\"317\" height=\"476\" class=\"size-full wp-image-555\" srcset=\"https:\/\/www.escapades-photographiques.ch\/Site\/blog\/..\/blog.uploads\/2012\/06\/484_2012-06-09_5DmII.jpg 317w, https:\/\/www.escapades-photographiques.ch\/Site\/blog\/..\/blog.uploads\/2012\/06\/484_2012-06-09_5DmII-199x300.jpg 199w\" sizes=\"(max-width: 317px) 100vw, 317px\" \/><p id=\"caption-attachment-555\" class=\"wp-caption-text\">Gymnadenia conopsea x Cepaea hortensis \ud83d\ude42<\/p><\/div>\n<div id=\"attachment_556\" style=\"width: 327px\" class=\"wp-caption alignleft\"><img aria-describedby=\"caption-attachment-556\" decoding=\"async\" loading=\"lazy\" src=\"\/\/www.escapades-photographiques.ch\/Site\/blog\/..\/blog.uploads\/2012\/06\/489_2012-06-09_5DmII.jpg\" alt=\"\" title=\"Gymnadenia conopsea x Cepaea hortensis :)\" width=\"317\" height=\"476\" class=\"size-full wp-image-556\" srcset=\"https:\/\/www.escapades-photographiques.ch\/Site\/blog\/..\/blog.uploads\/2012\/06\/489_2012-06-09_5DmII.jpg 317w, https:\/\/www.escapades-photographiques.ch\/Site\/blog\/..\/blog.uploads\/2012\/06\/489_2012-06-09_5DmII-199x300.jpg 199w\" sizes=\"(max-width: 317px) 100vw, 317px\" \/><p id=\"caption-attachment-556\" class=\"wp-caption-text\">Gymnadenia conopsea x Cepaea hortensis \ud83d\ude42<\/p><\/div>\n<div id=\"attachment_560\" style=\"width: 327px\" class=\"wp-caption alignleft\"><img aria-describedby=\"caption-attachment-560\" decoding=\"async\" loading=\"lazy\" src=\"\/\/www.escapades-photographiques.ch\/Site\/blog\/..\/blog.uploads\/2012\/06\/524_2012-06-09_5DmII.jpg\" alt=\"\" title=\"Gymnadenia conopsea var. densiflora (Orchis moucheron \u00e0 inflorescence dense)\" width=\"317\" height=\"476\" class=\"size-full wp-image-560\" srcset=\"https:\/\/www.escapades-photographiques.ch\/Site\/blog\/..\/blog.uploads\/2012\/06\/524_2012-06-09_5DmII.jpg 317w, https:\/\/www.escapades-photographiques.ch\/Site\/blog\/..\/blog.uploads\/2012\/06\/524_2012-06-09_5DmII-199x300.jpg 199w\" sizes=\"(max-width: 317px) 100vw, 317px\" \/><p id=\"caption-attachment-560\" class=\"wp-caption-text\">Gymnadenia conopsea var. densiflora (Orchis moucheron \u00e0 inflorescence dense)<\/p><\/div>\n<div id=\"attachment_559\" style=\"width: 327px\" class=\"wp-caption alignleft\"><img aria-describedby=\"caption-attachment-559\" decoding=\"async\" loading=\"lazy\" src=\"\/\/www.escapades-photographiques.ch\/Site\/blog\/..\/blog.uploads\/2012\/06\/510_2012-06-09_5DmII.jpg\" alt=\"\" title=\"Epipactis palustris (Epipactis des marais) - en boutons\" width=\"317\" height=\"476\" class=\"size-full wp-image-559\" srcset=\"https:\/\/www.escapades-photographiques.ch\/Site\/blog\/..\/blog.uploads\/2012\/06\/510_2012-06-09_5DmII.jpg 317w, https:\/\/www.escapades-photographiques.ch\/Site\/blog\/..\/blog.uploads\/2012\/06\/510_2012-06-09_5DmII-199x300.jpg 199w\" sizes=\"(max-width: 317px) 100vw, 317px\" \/><p id=\"caption-attachment-559\" class=\"wp-caption-text\">Epipactis palustris (Epipactis des marais) - en boutons<\/p><\/div>\n<div id=\"attachment_562\" style=\"width: 327px\" class=\"wp-caption alignleft\"><img aria-describedby=\"caption-attachment-562\" decoding=\"async\" loading=\"lazy\" src=\"\/\/www.escapades-photographiques.ch\/Site\/blog\/..\/blog.uploads\/2012\/06\/563_2012-06-09_5DmII.jpg\" alt=\"\" title=\"Dactylorhiza maculata (Orchis macul\u00e9)\" width=\"317\" height=\"476\" class=\"size-full wp-image-562\" srcset=\"https:\/\/www.escapades-photographiques.ch\/Site\/blog\/..\/blog.uploads\/2012\/06\/563_2012-06-09_5DmII.jpg 317w, https:\/\/www.escapades-photographiques.ch\/Site\/blog\/..\/blog.uploads\/2012\/06\/563_2012-06-09_5DmII-199x300.jpg 199w\" sizes=\"(max-width: 317px) 100vw, 317px\" \/><p id=\"caption-attachment-562\" class=\"wp-caption-text\">Dactylorhiza maculata (Orchis macul\u00e9)<\/p><\/div>\n<div id=\"attachment_546\" style=\"width: 327px\" class=\"wp-caption alignleft\"><img aria-describedby=\"caption-attachment-546\" decoding=\"async\" loading=\"lazy\" src=\"\/\/www.escapades-photographiques.ch\/Site\/blog\/..\/blog.uploads\/2012\/06\/395_2012-06-09_5DmII.jpg\" alt=\"\" title=\"Anacamptis pyramidalis (Orchis pyramidal)\" width=\"317\" height=\"476\" class=\"size-full wp-image-546\" srcset=\"https:\/\/www.escapades-photographiques.ch\/Site\/blog\/..\/blog.uploads\/2012\/06\/395_2012-06-09_5DmII.jpg 317w, https:\/\/www.escapades-photographiques.ch\/Site\/blog\/..\/blog.uploads\/2012\/06\/395_2012-06-09_5DmII-199x300.jpg 199w\" sizes=\"(max-width: 317px) 100vw, 317px\" \/><p id=\"caption-attachment-546\" class=\"wp-caption-text\">Anacamptis pyramidalis (Orchis pyramidal)<\/p><\/div>\n<div id=\"attachment_566\" style=\"width: 327px\" class=\"wp-caption alignleft\"><img aria-describedby=\"caption-attachment-566\" decoding=\"async\" loading=\"lazy\" src=\"\/\/www.escapades-photographiques.ch\/Site\/blog\/..\/blog.uploads\/2012\/06\/580_2012-06-09_5DmII.jpg\" alt=\"\" title=\"Dactylorhiza fuchsii (Orchis de Fuchs)\" width=\"317\" height=\"476\" class=\"size-full wp-image-566\" srcset=\"https:\/\/www.escapades-photographiques.ch\/Site\/blog\/..\/blog.uploads\/2012\/06\/580_2012-06-09_5DmII.jpg 317w, https:\/\/www.escapades-photographiques.ch\/Site\/blog\/..\/blog.uploads\/2012\/06\/580_2012-06-09_5DmII-199x300.jpg 199w\" sizes=\"(max-width: 317px) 100vw, 317px\" \/><p id=\"caption-attachment-566\" class=\"wp-caption-text\">Dactylorhiza fuchsii (Orchis de Fuchs)<\/p><\/div>\n<div id=\"attachment_567\" style=\"width: 327px\" class=\"wp-caption alignleft\"><img aria-describedby=\"caption-attachment-567\" decoding=\"async\" loading=\"lazy\" src=\"\/\/www.escapades-photographiques.ch\/Site\/blog\/..\/blog.uploads\/2012\/06\/590_2012-06-09_5DmII.jpg\" alt=\"\" title=\"Dactylorhiza fuchsii (Orchis de Fuchs) - d\u00e9tail\" width=\"317\" height=\"476\" class=\"size-full wp-image-567\" srcset=\"https:\/\/www.escapades-photographiques.ch\/Site\/blog\/..\/blog.uploads\/2012\/06\/590_2012-06-09_5DmII.jpg 317w, https:\/\/www.escapades-photographiques.ch\/Site\/blog\/..\/blog.uploads\/2012\/06\/590_2012-06-09_5DmII-199x300.jpg 199w\" sizes=\"(max-width: 317px) 100vw, 317px\" \/><p id=\"caption-attachment-567\" class=\"wp-caption-text\">Dactylorhiza fuchsii (Orchis de Fuchs) - d\u00e9tail<\/p><\/div>\n","protected":false},"excerpt":{"rendered":"<p>D\u00e9placement en Frasnois (Jura fran\u00e7ais) pour observer le tr\u00e8s rare Orchis spitzelii Orchid\u00e9es observ\u00e9es au bord du lac des Rousses (Jura fran\u00e7ais) En montant \u00e0 la D\u00f4le depuis le col de la Givrine (canton de Vaud) Orchid\u00e9es observ\u00e9es au pied du Jura vers Nyon<\/p>\n","protected":false},"author":1,"featured_media":0,"comment_status":"open","ping_status":"open","sticky":false,"template":"","format":"standard","meta":{"footnotes":""},"categories":[52,41],"tags":[126,108,115,106,45,98,125,124,120,122,118,65,109,107,117,99,113,92,91,121,123,119,127,116,66],"_links":{"self":[{"href":"https:\/\/www.escapades-photographiques.ch\/Site\/blog\/wp-json\/wp\/v2\/posts\/525"}],"collection":[{"href":"https:\/\/www.escapades-photographiques.ch\/Site\/blog\/wp-json\/wp\/v2\/posts"}],"about":[{"href":"https:\/\/www.escapades-photographiques.ch\/Site\/blog\/wp-json\/wp\/v2\/types\/post"}],"author":[{"embeddable":true,"href":"https:\/\/www.escapades-photographiques.ch\/Site\/blog\/wp-json\/wp\/v2\/users\/1"}],"replies":[{"embeddable":true,"href":"https:\/\/www.escapades-photographiques.ch\/Site\/blog\/wp-json\/wp\/v2\/comments?post=525"}],"version-history":[{"count":11,"href":"https:\/\/www.escapades-photographiques.ch\/Site\/blog\/wp-json\/wp\/v2\/posts\/525\/revisions"}],"predecessor-version":[{"id":578,"href":"https:\/\/www.escapades-photographiques.ch\/Site\/blog\/wp-json\/wp\/v2\/posts\/525\/revisions\/578"}],"wp:attachment":[{"href":"https:\/\/www.escapades-photographiques.ch\/Site\/blog\/wp-json\/wp\/v2\/media?parent=525"}],"wp:term":[{"taxonomy":"category","embeddable":true,"href":"https:\/\/www.escapades-photographiques.ch\/Site\/blog\/wp-json\/wp\/v2\/categories?post=525"},{"taxonomy":"post_tag","embeddable":true,"href":"https:\/\/www.escapades-photographiques.ch\/Site\/blog\/wp-json\/wp\/v2\/tags?post=525"}],"curies":[{"name":"wp","href":"https:\/\/api.w.org\/{rel}","templated":true}]}}