{"id":580,"date":"2012-07-04T00:14:10","date_gmt":"2012-07-03T22:14:10","guid":{"rendered":"http:\/\/www.escapades-photographiques.ch\/Site\/blog\/?p=580"},"modified":"2012-08-14T21:46:44","modified_gmt":"2012-08-14T19:46:44","slug":"trek-hautes-alpes-queyras","status":"publish","type":"post","link":"https:\/\/www.escapades-photographiques.ch\/Site\/blog\/2012\/flore\/trek-hautes-alpes-queyras\/","title":{"rendered":"Semaine de randonn\u00e9e dans les Hautes-Alpes (Queyras)"},"content":{"rendered":"<p>Rando entre gites et refuges dans le Queyras fin juin. Grand beau temps avec quelques passages nuageux lundi 25 juin et beaucoup de vent depuis ce jour ce qui n&rsquo;a pas facilit\u00e9 les prises de vues \u00ab\u00a0macro\u00a0\u00bb&nbsp;! Un floril\u00e8ge de plantes en fleurs comme si elles avaient attendu le beau temps pour fleurir. Il y a donc plus de photographies de fleurs que de paysages dans ce petit compte rendu en images et \u00e9videmment impossible de tout montrer&nbsp;! <\/p>\n<p><strong>Samedi 23 juin<\/strong><\/p>\n<p>Arriv\u00e9e au refuge Agnel en voiture apr\u00e8s plus de cinq heures de route (col du Galibier et d&rsquo;Izoard). Nuit au refuge.<\/p>\n<div id=\"attachment_583\" style=\"width: 688px\" class=\"wp-caption alignnone\"><img aria-describedby=\"caption-attachment-583\" decoding=\"async\" loading=\"lazy\" src=\"\/\/www.escapades-photographiques.ch\/Site\/blog\/..\/blog.uploads\/2012\/07\/009_2012-06-23_5DmII.jpg\" alt=\"\" title=\"Refuge Agnel et le Pain de Sucre (3208m)\" width=\"678\" height=\"452\" class=\"size-full wp-image-583\" srcset=\"https:\/\/www.escapades-photographiques.ch\/Site\/blog\/..\/blog.uploads\/2012\/07\/009_2012-06-23_5DmII.jpg 678w, https:\/\/www.escapades-photographiques.ch\/Site\/blog\/..\/blog.uploads\/2012\/07\/009_2012-06-23_5DmII-300x200.jpg 300w\" sizes=\"(max-width: 678px) 100vw, 678px\" \/><p id=\"caption-attachment-583\" class=\"wp-caption-text\">Refuge Agnel et le Pain de Sucre (3208m)<\/p><\/div>\n<p><strong>Dimanche 24 juin<\/strong><\/p>\n<p>Refuge Agnel (2580m) &rarr; Col Vieux (2806m) &rarr; Lac For\u00e9ant, Lac Egor\u00e9ou &rarr; L&rsquo;Echalp (1700m) &rarr; Col Lacroix (2299m) &rarr; Rifugio Jervis (1732m)  <\/p>\n<div id=\"attachment_584\" style=\"width: 688px\" class=\"wp-caption alignnone\"><img aria-describedby=\"caption-attachment-584\" decoding=\"async\" loading=\"lazy\" src=\"\/\/www.escapades-photographiques.ch\/Site\/blog\/..\/blog.uploads\/2012\/07\/004_2012-06-24_5DmII.jpg\" alt=\"\" title=\"En montant au col Vieux: tapis de Renoncules de K\u00fcpfer (Ranunculus kuepferi)\" width=\"678\" height=\"452\" class=\"size-full wp-image-584\" srcset=\"https:\/\/www.escapades-photographiques.ch\/Site\/blog\/..\/blog.uploads\/2012\/07\/004_2012-06-24_5DmII.jpg 678w, https:\/\/www.escapades-photographiques.ch\/Site\/blog\/..\/blog.uploads\/2012\/07\/004_2012-06-24_5DmII-300x200.jpg 300w\" sizes=\"(max-width: 678px) 100vw, 678px\" \/><p id=\"caption-attachment-584\" class=\"wp-caption-text\">En montant au col Vieux: tapis de Renoncules de K\u00fcpfer (Ranunculus kuepferi)<\/p><\/div>\n<div id=\"attachment_585\" style=\"width: 688px\" class=\"wp-caption alignnone\"><img aria-describedby=\"caption-attachment-585\" decoding=\"async\" loading=\"lazy\" src=\"\/\/www.escapades-photographiques.ch\/Site\/blog\/..\/blog.uploads\/2012\/07\/006_2012-06-24_5DmII.jpg\" alt=\"\" title=\"Lac For\u00e9ant depuis le col Vieux\" width=\"678\" height=\"452\" class=\"size-full wp-image-585\" srcset=\"https:\/\/www.escapades-photographiques.ch\/Site\/blog\/..\/blog.uploads\/2012\/07\/006_2012-06-24_5DmII.jpg 678w, https:\/\/www.escapades-photographiques.ch\/Site\/blog\/..\/blog.uploads\/2012\/07\/006_2012-06-24_5DmII-300x200.jpg 300w\" sizes=\"(max-width: 678px) 100vw, 678px\" \/><p id=\"caption-attachment-585\" class=\"wp-caption-text\">Lac For\u00e9ant depuis le col Vieux<\/p><\/div>\n<div id=\"attachment_586\" style=\"width: 688px\" class=\"wp-caption alignnone\"><img aria-describedby=\"caption-attachment-586\" decoding=\"async\" loading=\"lazy\" src=\"\/\/www.escapades-photographiques.ch\/Site\/blog\/..\/blog.uploads\/2012\/07\/010_2012-06-24_5DmII.jpg\" alt=\"\" title=\"Sil\u00e8ne sans p\u00e9doncule (Silene exscapa)\" width=\"678\" height=\"452\" class=\"size-full wp-image-586\" srcset=\"https:\/\/www.escapades-photographiques.ch\/Site\/blog\/..\/blog.uploads\/2012\/07\/010_2012-06-24_5DmII.jpg 678w, https:\/\/www.escapades-photographiques.ch\/Site\/blog\/..\/blog.uploads\/2012\/07\/010_2012-06-24_5DmII-300x200.jpg 300w\" sizes=\"(max-width: 678px) 100vw, 678px\" \/><p id=\"caption-attachment-586\" class=\"wp-caption-text\">Sil\u00e8ne sans p\u00e9doncule (Silene exscapa)<\/p><\/div>\n<div id=\"attachment_587\" style=\"width: 688px\" class=\"wp-caption alignnone\"><img aria-describedby=\"caption-attachment-587\" decoding=\"async\" loading=\"lazy\" src=\"\/\/www.escapades-photographiques.ch\/Site\/blog\/..\/blog.uploads\/2012\/07\/019_2012-06-24_5DmII.jpg\" alt=\"\" title=\"Lac For\u00e9ant et col Vieux\" width=\"678\" height=\"452\" class=\"size-full wp-image-587\" srcset=\"https:\/\/www.escapades-photographiques.ch\/Site\/blog\/..\/blog.uploads\/2012\/07\/019_2012-06-24_5DmII.jpg 678w, https:\/\/www.escapades-photographiques.ch\/Site\/blog\/..\/blog.uploads\/2012\/07\/019_2012-06-24_5DmII-300x200.jpg 300w\" sizes=\"(max-width: 678px) 100vw, 678px\" \/><p id=\"caption-attachment-587\" class=\"wp-caption-text\">Lac For\u00e9ant et col Vieux<\/p><\/div>\n<div id=\"attachment_588\" style=\"width: 688px\" class=\"wp-caption alignnone\"><img aria-describedby=\"caption-attachment-588\" decoding=\"async\" loading=\"lazy\" src=\"\/\/www.escapades-photographiques.ch\/Site\/blog\/..\/blog.uploads\/2012\/07\/022_2012-06-24_5DmII.jpg\" alt=\"\" title=\"Lac Egor\u00e9ou et t\u00eate du Pelvas\" width=\"678\" height=\"452\" class=\"size-full wp-image-588\" srcset=\"https:\/\/www.escapades-photographiques.ch\/Site\/blog\/..\/blog.uploads\/2012\/07\/022_2012-06-24_5DmII.jpg 678w, https:\/\/www.escapades-photographiques.ch\/Site\/blog\/..\/blog.uploads\/2012\/07\/022_2012-06-24_5DmII-300x200.jpg 300w\" sizes=\"(max-width: 678px) 100vw, 678px\" \/><p id=\"caption-attachment-588\" class=\"wp-caption-text\">Lac Egor\u00e9ou et t\u00eate du Pelvas<\/p><\/div>\n<div id=\"attachment_589\" style=\"width: 327px\" class=\"wp-caption alignleft\"><img aria-describedby=\"caption-attachment-589\" decoding=\"async\" loading=\"lazy\" src=\"\/\/www.escapades-photographiques.ch\/Site\/blog\/..\/blog.uploads\/2012\/07\/032_2012-06-24_5DmII.jpg\" alt=\"\" title=\"Un robuste Orchis m\u00e2le (Orchis mascula)\" width=\"317\" height=\"476\" class=\"size-full wp-image-589\" srcset=\"https:\/\/www.escapades-photographiques.ch\/Site\/blog\/..\/blog.uploads\/2012\/07\/032_2012-06-24_5DmII.jpg 317w, https:\/\/www.escapades-photographiques.ch\/Site\/blog\/..\/blog.uploads\/2012\/07\/032_2012-06-24_5DmII-199x300.jpg 199w\" sizes=\"(max-width: 317px) 100vw, 317px\" \/><p id=\"caption-attachment-589\" class=\"wp-caption-text\">Un robuste Orchis m\u00e2le (Orchis mascula)<\/p><\/div>\n<div id=\"attachment_591\" style=\"width: 327px\" class=\"wp-caption alignleft\"><img aria-describedby=\"caption-attachment-591\" decoding=\"async\" loading=\"lazy\" src=\"\/\/www.escapades-photographiques.ch\/Site\/blog\/..\/blog.uploads\/2012\/07\/038_2012-06-24_5DmII.jpg\" alt=\"\" title=\"H\u00e9lianth\u00e8me \u00e0 grandes fleurs (Helianthemum nummularium subsp. grandiflorum)\" width=\"317\" height=\"476\" class=\"size-full wp-image-591\" srcset=\"https:\/\/www.escapades-photographiques.ch\/Site\/blog\/..\/blog.uploads\/2012\/07\/038_2012-06-24_5DmII.jpg 317w, https:\/\/www.escapades-photographiques.ch\/Site\/blog\/..\/blog.uploads\/2012\/07\/038_2012-06-24_5DmII-199x300.jpg 199w\" sizes=\"(max-width: 317px) 100vw, 317px\" \/><p id=\"caption-attachment-591\" class=\"wp-caption-text\">H\u00e9lianth\u00e8me \u00e0 grandes fleurs (Helianthemum nummularium subsp. grandiflorum)<\/p><\/div>\n<div id=\"attachment_590\" style=\"width: 688px\" class=\"wp-caption alignnone\"><img aria-describedby=\"caption-attachment-590\" decoding=\"async\" loading=\"lazy\" src=\"\/\/www.escapades-photographiques.ch\/Site\/blog\/..\/blog.uploads\/2012\/07\/036_2012-06-24_5DmII.jpg\" alt=\"\" title=\"Saponaire faux basilic (Saponaria ocymoides)\" width=\"678\" height=\"452\" class=\"size-full wp-image-590\" srcset=\"https:\/\/www.escapades-photographiques.ch\/Site\/blog\/..\/blog.uploads\/2012\/07\/036_2012-06-24_5DmII.jpg 678w, https:\/\/www.escapades-photographiques.ch\/Site\/blog\/..\/blog.uploads\/2012\/07\/036_2012-06-24_5DmII-300x200.jpg 300w\" sizes=\"(max-width: 678px) 100vw, 678px\" \/><p id=\"caption-attachment-590\" class=\"wp-caption-text\">Saponaire faux basilic (Saponaria ocymoides)<\/p><\/div>\n<div id=\"attachment_592\" style=\"width: 688px\" class=\"wp-caption alignnone\"><img aria-describedby=\"caption-attachment-592\" decoding=\"async\" loading=\"lazy\" src=\"\/\/www.escapades-photographiques.ch\/Site\/blog\/..\/blog.uploads\/2012\/07\/046_2012-06-24_5DmII.jpg\" alt=\"\" title=\"Le Mont Viso (3841m)\" width=\"678\" height=\"452\" class=\"size-full wp-image-592\" srcset=\"https:\/\/www.escapades-photographiques.ch\/Site\/blog\/..\/blog.uploads\/2012\/07\/046_2012-06-24_5DmII.jpg 678w, https:\/\/www.escapades-photographiques.ch\/Site\/blog\/..\/blog.uploads\/2012\/07\/046_2012-06-24_5DmII-300x200.jpg 300w\" sizes=\"(max-width: 678px) 100vw, 678px\" \/><p id=\"caption-attachment-592\" class=\"wp-caption-text\">Le Mont Viso (3841m)<\/p><\/div>\n<div id=\"attachment_593\" style=\"width: 327px\" class=\"wp-caption alignleft\"><img aria-describedby=\"caption-attachment-593\" decoding=\"async\" loading=\"lazy\" src=\"\/\/www.escapades-photographiques.ch\/Site\/blog\/..\/blog.uploads\/2012\/07\/053_2012-06-24_5DmII.jpg\" alt=\"\" title=\"Asphod\u00e8le blanc (Asphodelus albus)\" width=\"317\" height=\"476\" class=\"size-full wp-image-593\" srcset=\"https:\/\/www.escapades-photographiques.ch\/Site\/blog\/..\/blog.uploads\/2012\/07\/053_2012-06-24_5DmII.jpg 317w, https:\/\/www.escapades-photographiques.ch\/Site\/blog\/..\/blog.uploads\/2012\/07\/053_2012-06-24_5DmII-199x300.jpg 199w\" sizes=\"(max-width: 317px) 100vw, 317px\" \/><p id=\"caption-attachment-593\" class=\"wp-caption-text\">Asphod\u00e8le blanc (Asphodelus albus)<\/p><\/div>\n<div id=\"attachment_596\" style=\"width: 327px\" class=\"wp-caption alignleft\"><img aria-describedby=\"caption-attachment-596\" decoding=\"async\" loading=\"lazy\" src=\"\/\/www.escapades-photographiques.ch\/Site\/blog\/..\/blog.uploads\/2012\/07\/068_2012-06-24_5DmII.jpg\" alt=\"\" title=\"Tapis de fleurs sur \u00e9boulis\" width=\"317\" height=\"476\" class=\"size-full wp-image-596\" srcset=\"https:\/\/www.escapades-photographiques.ch\/Site\/blog\/..\/blog.uploads\/2012\/07\/068_2012-06-24_5DmII.jpg 317w, https:\/\/www.escapades-photographiques.ch\/Site\/blog\/..\/blog.uploads\/2012\/07\/068_2012-06-24_5DmII-199x300.jpg 199w\" sizes=\"(max-width: 317px) 100vw, 317px\" \/><p id=\"caption-attachment-596\" class=\"wp-caption-text\">Tapis de fleurs sur \u00e9boulis<\/p><\/div>\n<div id=\"attachment_595\" style=\"width: 688px\" class=\"wp-caption alignnone\"><img aria-describedby=\"caption-attachment-595\" decoding=\"async\" loading=\"lazy\" src=\"\/\/www.escapades-photographiques.ch\/Site\/blog\/..\/blog.uploads\/2012\/07\/066_2012-06-24_5DmII.jpg\" alt=\"\" title=\"Campanule alpestre (Campanula alpestris)\" width=\"678\" height=\"452\" class=\"size-full wp-image-595\" srcset=\"https:\/\/www.escapades-photographiques.ch\/Site\/blog\/..\/blog.uploads\/2012\/07\/066_2012-06-24_5DmII.jpg 678w, https:\/\/www.escapades-photographiques.ch\/Site\/blog\/..\/blog.uploads\/2012\/07\/066_2012-06-24_5DmII-300x200.jpg 300w\" sizes=\"(max-width: 678px) 100vw, 678px\" \/><p id=\"caption-attachment-595\" class=\"wp-caption-text\">Campanule alpestre (Campanula alpestris)<\/p><\/div>\n<div id=\"attachment_594\" style=\"width: 688px\" class=\"wp-caption alignnone\"><img aria-describedby=\"caption-attachment-594\" decoding=\"async\" loading=\"lazy\" src=\"\/\/www.escapades-photographiques.ch\/Site\/blog\/..\/blog.uploads\/2012\/07\/057_2012-06-24_5DmII.jpg\" alt=\"\" title=\"C\u00f4t\u00e9 italien du col Lacroix (&quot;nebbia&quot; du Pi\u00e9mont)\" width=\"678\" height=\"452\" class=\"size-full wp-image-594\" srcset=\"https:\/\/www.escapades-photographiques.ch\/Site\/blog\/..\/blog.uploads\/2012\/07\/057_2012-06-24_5DmII.jpg 678w, https:\/\/www.escapades-photographiques.ch\/Site\/blog\/..\/blog.uploads\/2012\/07\/057_2012-06-24_5DmII-300x200.jpg 300w\" sizes=\"(max-width: 678px) 100vw, 678px\" \/><p id=\"caption-attachment-594\" class=\"wp-caption-text\">C\u00f4t\u00e9 italien du col Lacroix (&quot;nebbia&quot; du Pi\u00e9mont)<\/p><\/div>\n<p><strong>Lundi 25 juin<\/strong><\/p>\n<p>Rifugio Jervis (1732m) &rarr; Col d&rsquo;Urine (2525m) &rarr; Abri\u00e8s (1540m)<\/p>\n<div id=\"attachment_597\" style=\"width: 688px\" class=\"wp-caption alignnone\"><img aria-describedby=\"caption-attachment-597\" decoding=\"async\" loading=\"lazy\" src=\"\/\/www.escapades-photographiques.ch\/Site\/blog\/..\/blog.uploads\/2012\/07\/003_2012-06-25_5DmII.jpg\" alt=\"\" title=\"Le joli vallon Pellice depuis le refuge Jervis\" width=\"678\" height=\"452\" class=\"size-full wp-image-597\" srcset=\"https:\/\/www.escapades-photographiques.ch\/Site\/blog\/..\/blog.uploads\/2012\/07\/003_2012-06-25_5DmII.jpg 678w, https:\/\/www.escapades-photographiques.ch\/Site\/blog\/..\/blog.uploads\/2012\/07\/003_2012-06-25_5DmII-300x200.jpg 300w\" sizes=\"(max-width: 678px) 100vw, 678px\" \/><p id=\"caption-attachment-597\" class=\"wp-caption-text\">Le joli vallon Pellice depuis le refuge Jervis<\/p><\/div>\n<div id=\"attachment_598\" style=\"width: 688px\" class=\"wp-caption alignnone\"><img aria-describedby=\"caption-attachment-598\" decoding=\"async\" loading=\"lazy\" src=\"\/\/www.escapades-photographiques.ch\/Site\/blog\/..\/blog.uploads\/2012\/07\/008_2012-06-25_5DmII.jpg\" alt=\"\" title=\"Rifugio Jervis\" width=\"678\" height=\"452\" class=\"size-full wp-image-598\" srcset=\"https:\/\/www.escapades-photographiques.ch\/Site\/blog\/..\/blog.uploads\/2012\/07\/008_2012-06-25_5DmII.jpg 678w, https:\/\/www.escapades-photographiques.ch\/Site\/blog\/..\/blog.uploads\/2012\/07\/008_2012-06-25_5DmII-300x200.jpg 300w\" sizes=\"(max-width: 678px) 100vw, 678px\" \/><p id=\"caption-attachment-598\" class=\"wp-caption-text\">Rifugio Jervis<\/p><\/div>\n<div id=\"attachment_599\" style=\"width: 327px\" class=\"wp-caption alignleft\"><img aria-describedby=\"caption-attachment-599\" decoding=\"async\" loading=\"lazy\" src=\"\/\/www.escapades-photographiques.ch\/Site\/blog\/..\/blog.uploads\/2012\/07\/011_2012-06-25_5DmII.jpg\" alt=\"\" title=\"Un Orchis br\u00fbl\u00e9 pi\u00e9montais (Neotinea ustulata)\" width=\"317\" height=\"476\" class=\"size-full wp-image-599\" srcset=\"https:\/\/www.escapades-photographiques.ch\/Site\/blog\/..\/blog.uploads\/2012\/07\/011_2012-06-25_5DmII.jpg 317w, https:\/\/www.escapades-photographiques.ch\/Site\/blog\/..\/blog.uploads\/2012\/07\/011_2012-06-25_5DmII-199x300.jpg 199w\" sizes=\"(max-width: 317px) 100vw, 317px\" \/><p id=\"caption-attachment-599\" class=\"wp-caption-text\">Un Orchis br\u00fbl\u00e9 pi\u00e9montais (Neotinea ustulata)<\/p><\/div>\n<div id=\"attachment_600\" style=\"width: 327px\" class=\"wp-caption alignleft\"><img aria-describedby=\"caption-attachment-600\" decoding=\"async\" loading=\"lazy\" src=\"\/\/www.escapades-photographiques.ch\/Site\/blog\/..\/blog.uploads\/2012\/07\/016_2012-06-25_5DmII.jpg\" alt=\"\" title=\"Une Nigritelle de Cornelia pi\u00e9montaise (Gymnadenia corneliana)\" width=\"317\" height=\"476\" class=\"size-full wp-image-600\" srcset=\"https:\/\/www.escapades-photographiques.ch\/Site\/blog\/..\/blog.uploads\/2012\/07\/016_2012-06-25_5DmII.jpg 317w, https:\/\/www.escapades-photographiques.ch\/Site\/blog\/..\/blog.uploads\/2012\/07\/016_2012-06-25_5DmII-199x300.jpg 199w\" sizes=\"(max-width: 317px) 100vw, 317px\" \/><p id=\"caption-attachment-600\" class=\"wp-caption-text\">Une Nigritelle de Cornelia pi\u00e9montaise (Gymnadenia corneliana)<\/p><\/div>\n<div id=\"attachment_601\" style=\"width: 688px\" class=\"wp-caption alignnone\"><img aria-describedby=\"caption-attachment-601\" decoding=\"async\" loading=\"lazy\" src=\"\/\/www.escapades-photographiques.ch\/Site\/blog\/..\/blog.uploads\/2012\/07\/034_2012-06-25_5DmII.jpg\" alt=\"\" title=\"Rhododendron ferrugineux (Rhododendron ferrugineum)\" width=\"678\" height=\"452\" class=\"size-full wp-image-601\" srcset=\"https:\/\/www.escapades-photographiques.ch\/Site\/blog\/..\/blog.uploads\/2012\/07\/034_2012-06-25_5DmII.jpg 678w, https:\/\/www.escapades-photographiques.ch\/Site\/blog\/..\/blog.uploads\/2012\/07\/034_2012-06-25_5DmII-300x200.jpg 300w\" sizes=\"(max-width: 678px) 100vw, 678px\" \/><p id=\"caption-attachment-601\" class=\"wp-caption-text\">Rhododendron ferrugineux (Rhododendron ferrugineum)<\/p><\/div>\n<div id=\"attachment_602\" style=\"width: 688px\" class=\"wp-caption alignnone\"><img aria-describedby=\"caption-attachment-602\" decoding=\"async\" loading=\"lazy\" src=\"\/\/www.escapades-photographiques.ch\/Site\/blog\/..\/blog.uploads\/2012\/07\/037_2012-06-25_5DmII.jpg\" alt=\"\" title=\"Rhododendron ferrugineux (Rhododendron ferrugineum) - d\u00e9tail\" width=\"678\" height=\"452\" class=\"size-full wp-image-602\" srcset=\"https:\/\/www.escapades-photographiques.ch\/Site\/blog\/..\/blog.uploads\/2012\/07\/037_2012-06-25_5DmII.jpg 678w, https:\/\/www.escapades-photographiques.ch\/Site\/blog\/..\/blog.uploads\/2012\/07\/037_2012-06-25_5DmII-300x200.jpg 300w\" sizes=\"(max-width: 678px) 100vw, 678px\" \/><p id=\"caption-attachment-602\" class=\"wp-caption-text\">Rhododendron ferrugineux (Rhododendron ferrugineum) - d\u00e9tail<\/p><\/div>\n<div id=\"attachment_603\" style=\"width: 327px\" class=\"wp-caption alignleft\"><img aria-describedby=\"caption-attachment-603\" decoding=\"async\" loading=\"lazy\" src=\"\/\/www.escapades-photographiques.ch\/Site\/blog\/..\/blog.uploads\/2012\/07\/040_2012-06-25_5DmII.jpg\" alt=\"\" title=\"Pens\u00e9e \u00e9peronn\u00e9e blanche (Viola calcarata)\" width=\"317\" height=\"476\" class=\"size-full wp-image-603\" srcset=\"https:\/\/www.escapades-photographiques.ch\/Site\/blog\/..\/blog.uploads\/2012\/07\/040_2012-06-25_5DmII.jpg 317w, https:\/\/www.escapades-photographiques.ch\/Site\/blog\/..\/blog.uploads\/2012\/07\/040_2012-06-25_5DmII-199x300.jpg 199w\" sizes=\"(max-width: 317px) 100vw, 317px\" \/><p id=\"caption-attachment-603\" class=\"wp-caption-text\">Pens\u00e9e \u00e9peronn\u00e9e blanche (Viola calcarata)<\/p><\/div>\n<div id=\"attachment_604\" style=\"width: 327px\" class=\"wp-caption alignleft\"><img aria-describedby=\"caption-attachment-604\" decoding=\"async\" loading=\"lazy\" src=\"\/\/www.escapades-photographiques.ch\/Site\/blog\/..\/blog.uploads\/2012\/07\/041_2012-06-25_5DmII.jpg\" alt=\"\" title=\"Pens\u00e9e \u00e9peronn\u00e9e (Viola calcarata)\" width=\"317\" height=\"476\" class=\"size-full wp-image-604\" srcset=\"https:\/\/www.escapades-photographiques.ch\/Site\/blog\/..\/blog.uploads\/2012\/07\/041_2012-06-25_5DmII.jpg 317w, https:\/\/www.escapades-photographiques.ch\/Site\/blog\/..\/blog.uploads\/2012\/07\/041_2012-06-25_5DmII-199x300.jpg 199w\" sizes=\"(max-width: 317px) 100vw, 317px\" \/><p id=\"caption-attachment-604\" class=\"wp-caption-text\">Pens\u00e9e \u00e9peronn\u00e9e (Viola calcarata)<\/p><\/div>\n<div id=\"attachment_605\" style=\"width: 688px\" class=\"wp-caption alignnone\"><img aria-describedby=\"caption-attachment-605\" decoding=\"async\" loading=\"lazy\" src=\"\/\/www.escapades-photographiques.ch\/Site\/blog\/..\/blog.uploads\/2012\/07\/044_2012-06-25_5DmII.jpg\" alt=\"\" title=\"En montant au col d&#039;Urine c\u00f4t\u00e9 italien: flux de nuages en provenance de l&#039;ouest (France)\" width=\"678\" height=\"452\" class=\"size-full wp-image-605\" srcset=\"https:\/\/www.escapades-photographiques.ch\/Site\/blog\/..\/blog.uploads\/2012\/07\/044_2012-06-25_5DmII.jpg 678w, https:\/\/www.escapades-photographiques.ch\/Site\/blog\/..\/blog.uploads\/2012\/07\/044_2012-06-25_5DmII-300x200.jpg 300w\" sizes=\"(max-width: 678px) 100vw, 678px\" \/><p id=\"caption-attachment-605\" class=\"wp-caption-text\">En montant au col d&#039;Urine c\u00f4t\u00e9 italien: flux de nuages en provenance de l&#039;ouest (France)<\/p><\/div>\n<div id=\"attachment_606\" style=\"width: 688px\" class=\"wp-caption alignnone\"><img aria-describedby=\"caption-attachment-606\" decoding=\"async\" loading=\"lazy\" src=\"\/\/www.escapades-photographiques.ch\/Site\/blog\/..\/blog.uploads\/2012\/07\/057_2012-06-25_5DmII.jpg\" alt=\"\" title=\"Une butineuse qui pr\u00e9f\u00e8re marcher...\" width=\"678\" height=\"452\" class=\"size-full wp-image-606\" srcset=\"https:\/\/www.escapades-photographiques.ch\/Site\/blog\/..\/blog.uploads\/2012\/07\/057_2012-06-25_5DmII.jpg 678w, https:\/\/www.escapades-photographiques.ch\/Site\/blog\/..\/blog.uploads\/2012\/07\/057_2012-06-25_5DmII-300x200.jpg 300w\" sizes=\"(max-width: 678px) 100vw, 678px\" \/><p id=\"caption-attachment-606\" class=\"wp-caption-text\">Une butineuse qui pr\u00e9f\u00e8re marcher...<\/p><\/div>\n<div id=\"attachment_607\" style=\"width: 688px\" class=\"wp-caption alignnone\"><img aria-describedby=\"caption-attachment-607\" decoding=\"async\" loading=\"lazy\" src=\"\/\/www.escapades-photographiques.ch\/Site\/blog\/..\/blog.uploads\/2012\/07\/060_2012-06-25_5DmII.jpg\" alt=\"\" title=\"Linaire des Alpes (Linaria alpina)\" width=\"678\" height=\"452\" class=\"size-full wp-image-607\" srcset=\"https:\/\/www.escapades-photographiques.ch\/Site\/blog\/..\/blog.uploads\/2012\/07\/060_2012-06-25_5DmII.jpg 678w, https:\/\/www.escapades-photographiques.ch\/Site\/blog\/..\/blog.uploads\/2012\/07\/060_2012-06-25_5DmII-300x200.jpg 300w\" sizes=\"(max-width: 678px) 100vw, 678px\" \/><p id=\"caption-attachment-607\" class=\"wp-caption-text\">Linaire des Alpes (Linaria alpina)<\/p><\/div>\n<div id=\"attachment_609\" style=\"width: 688px\" class=\"wp-caption alignnone\"><img aria-describedby=\"caption-attachment-609\" decoding=\"async\" loading=\"lazy\" src=\"\/\/www.escapades-photographiques.ch\/Site\/blog\/..\/blog.uploads\/2012\/07\/078_2012-06-25_5DmII.jpg\" alt=\"\" title=\"Col d&#039;Urine c\u00f4t\u00e9 fran\u00e7ais\" width=\"678\" height=\"452\" class=\"size-full wp-image-609\" srcset=\"https:\/\/www.escapades-photographiques.ch\/Site\/blog\/..\/blog.uploads\/2012\/07\/078_2012-06-25_5DmII.jpg 678w, https:\/\/www.escapades-photographiques.ch\/Site\/blog\/..\/blog.uploads\/2012\/07\/078_2012-06-25_5DmII-300x200.jpg 300w\" sizes=\"(max-width: 678px) 100vw, 678px\" \/><p id=\"caption-attachment-609\" class=\"wp-caption-text\">Col d&#039;Urine c\u00f4t\u00e9 fran\u00e7ais<\/p><\/div>\n<div id=\"attachment_608\" style=\"width: 688px\" class=\"wp-caption alignnone\"><img aria-describedby=\"caption-attachment-608\" decoding=\"async\" loading=\"lazy\" src=\"\/\/www.escapades-photographiques.ch\/Site\/blog\/..\/blog.uploads\/2012\/07\/071_2012-06-25_5DmII.jpg\" alt=\"\" title=\"Rhodiole rose (Rhodiola rosea) - c\u00f4t\u00e9 fran\u00e7ais du col d&#039;Urine\" width=\"678\" height=\"452\" class=\"size-full wp-image-608\" srcset=\"https:\/\/www.escapades-photographiques.ch\/Site\/blog\/..\/blog.uploads\/2012\/07\/071_2012-06-25_5DmII.jpg 678w, https:\/\/www.escapades-photographiques.ch\/Site\/blog\/..\/blog.uploads\/2012\/07\/071_2012-06-25_5DmII-300x200.jpg 300w\" sizes=\"(max-width: 678px) 100vw, 678px\" \/><p id=\"caption-attachment-608\" class=\"wp-caption-text\">Rhodiole rose (Rhodiola rosea) - c\u00f4t\u00e9 fran\u00e7ais du col d&#039;Urine<\/p><\/div>\n<div id=\"attachment_610\" style=\"width: 327px\" class=\"wp-caption alignleft\"><img aria-describedby=\"caption-attachment-610\" decoding=\"async\" loading=\"lazy\" src=\"\/\/www.escapades-photographiques.ch\/Site\/blog\/..\/blog.uploads\/2012\/07\/096_2012-06-25_5DmII.jpg\" alt=\"\" title=\"Orchis miel (Pseudorchis albida)\" width=\"317\" height=\"476\" class=\"size-full wp-image-610\" srcset=\"https:\/\/www.escapades-photographiques.ch\/Site\/blog\/..\/blog.uploads\/2012\/07\/096_2012-06-25_5DmII.jpg 317w, https:\/\/www.escapades-photographiques.ch\/Site\/blog\/..\/blog.uploads\/2012\/07\/096_2012-06-25_5DmII-199x300.jpg 199w\" sizes=\"(max-width: 317px) 100vw, 317px\" \/><p id=\"caption-attachment-610\" class=\"wp-caption-text\">Orchis miel (Pseudorchis albida)<\/p><\/div>\n<div id=\"attachment_611\" style=\"width: 327px\" class=\"wp-caption alignleft\"><img aria-describedby=\"caption-attachment-611\" decoding=\"async\" loading=\"lazy\" src=\"\/\/www.escapades-photographiques.ch\/Site\/blog\/..\/blog.uploads\/2012\/07\/100_2012-06-25_5DmII.jpg\" alt=\"\" title=\"Orchis miel (Pseudorchis albida) - d\u00e9tail\" width=\"317\" height=\"476\" class=\"size-full wp-image-611\" srcset=\"https:\/\/www.escapades-photographiques.ch\/Site\/blog\/..\/blog.uploads\/2012\/07\/100_2012-06-25_5DmII.jpg 317w, https:\/\/www.escapades-photographiques.ch\/Site\/blog\/..\/blog.uploads\/2012\/07\/100_2012-06-25_5DmII-199x300.jpg 199w\" sizes=\"(max-width: 317px) 100vw, 317px\" \/><p id=\"caption-attachment-611\" class=\"wp-caption-text\">Orchis miel (Pseudorchis albida) - d\u00e9tail<\/p><\/div>\n<div id=\"attachment_612\" style=\"width: 327px\" class=\"wp-caption alignleft\"><img aria-describedby=\"caption-attachment-612\" decoding=\"async\" loading=\"lazy\" src=\"\/\/www.escapades-photographiques.ch\/Site\/blog\/..\/blog.uploads\/2012\/07\/107_2012-06-25_5DmII.jpg\" alt=\"\" title=\"For\u00eat de m\u00e9l\u00e8zes au dessus d&#039;Abri\u00e8s\" width=\"317\" height=\"476\" class=\"size-full wp-image-612\" srcset=\"https:\/\/www.escapades-photographiques.ch\/Site\/blog\/..\/blog.uploads\/2012\/07\/107_2012-06-25_5DmII.jpg 317w, https:\/\/www.escapades-photographiques.ch\/Site\/blog\/..\/blog.uploads\/2012\/07\/107_2012-06-25_5DmII-199x300.jpg 199w\" sizes=\"(max-width: 317px) 100vw, 317px\" \/><p id=\"caption-attachment-612\" class=\"wp-caption-text\">For\u00eat de m\u00e9l\u00e8zes au dessus d&#039;Abri\u00e8s<\/p><\/div>\n<div id=\"attachment_685\" style=\"width: 327px\" class=\"wp-caption alignleft\"><img aria-describedby=\"caption-attachment-685\" decoding=\"async\" loading=\"lazy\" src=\"\/\/www.escapades-photographiques.ch\/Site\/blog\/..\/blog.uploads\/2012\/07\/108_2012-06-25_5DmII.jpg\" alt=\"\" title=\"For\u00eat de m\u00e9l\u00e8zes au dessus d&#039;Abri\u00e8s\" width=\"317\" height=\"476\" class=\"size-full wp-image-685\" srcset=\"https:\/\/www.escapades-photographiques.ch\/Site\/blog\/..\/blog.uploads\/2012\/07\/108_2012-06-25_5DmII.jpg 317w, https:\/\/www.escapades-photographiques.ch\/Site\/blog\/..\/blog.uploads\/2012\/07\/108_2012-06-25_5DmII-199x300.jpg 199w\" sizes=\"(max-width: 317px) 100vw, 317px\" \/><p id=\"caption-attachment-685\" class=\"wp-caption-text\">For\u00eat de m\u00e9l\u00e8zes au dessus d&#039;Abri\u00e8s<\/p><\/div>\n<div id=\"attachment_613\" style=\"width: 327px\" class=\"wp-caption alignleft\"><img aria-describedby=\"caption-attachment-613\" decoding=\"async\" loading=\"lazy\" src=\"\/\/www.escapades-photographiques.ch\/Site\/blog\/..\/blog.uploads\/2012\/07\/131_2012-06-25_5DmII.jpg\" alt=\"\" title=\"Cl\u00e9matite des Alpes (Clematis alpina)\" width=\"317\" height=\"476\" class=\"size-full wp-image-613\" srcset=\"https:\/\/www.escapades-photographiques.ch\/Site\/blog\/..\/blog.uploads\/2012\/07\/131_2012-06-25_5DmII.jpg 317w, https:\/\/www.escapades-photographiques.ch\/Site\/blog\/..\/blog.uploads\/2012\/07\/131_2012-06-25_5DmII-199x300.jpg 199w\" sizes=\"(max-width: 317px) 100vw, 317px\" \/><p id=\"caption-attachment-613\" class=\"wp-caption-text\">Cl\u00e9matite des Alpes (Clematis alpina)<\/p><\/div>\n<div id=\"attachment_614\" style=\"width: 327px\" class=\"wp-caption alignleft\"><img aria-describedby=\"caption-attachment-614\" decoding=\"async\" loading=\"lazy\" src=\"\/\/www.escapades-photographiques.ch\/Site\/blog\/..\/blog.uploads\/2012\/07\/147_2012-06-25_5DmII.jpg\" alt=\"\" title=\"Lis des Alpes (Paradisea liliastrum)\" width=\"317\" height=\"476\" class=\"size-full wp-image-614\" srcset=\"https:\/\/www.escapades-photographiques.ch\/Site\/blog\/..\/blog.uploads\/2012\/07\/147_2012-06-25_5DmII.jpg 317w, https:\/\/www.escapades-photographiques.ch\/Site\/blog\/..\/blog.uploads\/2012\/07\/147_2012-06-25_5DmII-199x300.jpg 199w\" sizes=\"(max-width: 317px) 100vw, 317px\" \/><p id=\"caption-attachment-614\" class=\"wp-caption-text\">Lis des Alpes (Paradisea liliastrum)<\/p><\/div>\n<div id=\"attachment_616\" style=\"width: 327px\" class=\"wp-caption alignleft\"><img aria-describedby=\"caption-attachment-616\" decoding=\"async\" loading=\"lazy\" src=\"\/\/www.escapades-photographiques.ch\/Site\/blog\/..\/blog.uploads\/2012\/07\/156_2012-06-25_5DmII.jpg\" alt=\"\" title=\"Orchis du Dauphin\u00e9 (Dactylorhiza angustata) ?\" width=\"317\" height=\"476\" class=\"size-full wp-image-616\" srcset=\"https:\/\/www.escapades-photographiques.ch\/Site\/blog\/..\/blog.uploads\/2012\/07\/156_2012-06-25_5DmII.jpg 317w, https:\/\/www.escapades-photographiques.ch\/Site\/blog\/..\/blog.uploads\/2012\/07\/156_2012-06-25_5DmII-199x300.jpg 199w\" sizes=\"(max-width: 317px) 100vw, 317px\" \/><p id=\"caption-attachment-616\" class=\"wp-caption-text\">Orchis du Dauphin\u00e9 (Dactylorhiza angustata) ?<\/p><\/div>\n<div id=\"attachment_615\" style=\"width: 327px\" class=\"wp-caption alignleft\"><img aria-describedby=\"caption-attachment-615\" decoding=\"async\" loading=\"lazy\" src=\"\/\/www.escapades-photographiques.ch\/Site\/blog\/..\/blog.uploads\/2012\/07\/150_2012-06-25_5DmII.jpg\" alt=\"\" title=\"Orchis du Dauphin\u00e9 (Dactylorhiza angustata) ? - d\u00e9tail\" width=\"317\" height=\"476\" class=\"size-full wp-image-615\" srcset=\"https:\/\/www.escapades-photographiques.ch\/Site\/blog\/..\/blog.uploads\/2012\/07\/150_2012-06-25_5DmII.jpg 317w, https:\/\/www.escapades-photographiques.ch\/Site\/blog\/..\/blog.uploads\/2012\/07\/150_2012-06-25_5DmII-199x300.jpg 199w\" sizes=\"(max-width: 317px) 100vw, 317px\" \/><p id=\"caption-attachment-615\" class=\"wp-caption-text\">Orchis du Dauphin\u00e9 (Dactylorhiza angustata) ? - d\u00e9tail<\/p><\/div>\n<div id=\"attachment_618\" style=\"width: 327px\" class=\"wp-caption alignleft\"><img aria-describedby=\"caption-attachment-618\" decoding=\"async\" loading=\"lazy\" src=\"\/\/www.escapades-photographiques.ch\/Site\/blog\/..\/blog.uploads\/2012\/07\/167_2012-06-25_5DmII.jpg\" alt=\"\" title=\"Orchis alpestre (Dactylorhiza alpestris) ?\" width=\"317\" height=\"476\" class=\"size-full wp-image-618\" srcset=\"https:\/\/www.escapades-photographiques.ch\/Site\/blog\/..\/blog.uploads\/2012\/07\/167_2012-06-25_5DmII.jpg 317w, https:\/\/www.escapades-photographiques.ch\/Site\/blog\/..\/blog.uploads\/2012\/07\/167_2012-06-25_5DmII-199x300.jpg 199w\" sizes=\"(max-width: 317px) 100vw, 317px\" \/><p id=\"caption-attachment-618\" class=\"wp-caption-text\">Orchis alpestre (Dactylorhiza alpestris) ?<\/p><\/div>\n<div id=\"attachment_617\" style=\"width: 327px\" class=\"wp-caption alignleft\"><img aria-describedby=\"caption-attachment-617\" decoding=\"async\" loading=\"lazy\" src=\"\/\/www.escapades-photographiques.ch\/Site\/blog\/..\/blog.uploads\/2012\/07\/159_2012-06-25_5DmII.jpg\" alt=\"\" title=\"Orchis alpestre (Dactylorhiza alpestris) ? - d\u00e9tail\" width=\"317\" height=\"476\" class=\"size-full wp-image-617\" srcset=\"https:\/\/www.escapades-photographiques.ch\/Site\/blog\/..\/blog.uploads\/2012\/07\/159_2012-06-25_5DmII.jpg 317w, https:\/\/www.escapades-photographiques.ch\/Site\/blog\/..\/blog.uploads\/2012\/07\/159_2012-06-25_5DmII-199x300.jpg 199w\" sizes=\"(max-width: 317px) 100vw, 317px\" \/><p id=\"caption-attachment-617\" class=\"wp-caption-text\">Orchis alpestre (Dactylorhiza alpestris) ? - d\u00e9tail<\/p><\/div>\n<div id=\"attachment_619\" style=\"width: 688px\" class=\"wp-caption alignnone\"><img aria-describedby=\"caption-attachment-619\" decoding=\"async\" loading=\"lazy\" src=\"\/\/www.escapades-photographiques.ch\/Site\/blog\/..\/blog.uploads\/2012\/07\/171_2012-06-25_5DmII.jpg\" alt=\"\" title=\"Lis orang\u00e9 ou safran\u00e9 (Lilium bulbiferum subsp. croceum) vers Abri\u00e8s\" width=\"678\" height=\"452\" class=\"size-full wp-image-619\" srcset=\"https:\/\/www.escapades-photographiques.ch\/Site\/blog\/..\/blog.uploads\/2012\/07\/171_2012-06-25_5DmII.jpg 678w, https:\/\/www.escapades-photographiques.ch\/Site\/blog\/..\/blog.uploads\/2012\/07\/171_2012-06-25_5DmII-300x200.jpg 300w\" sizes=\"(max-width: 678px) 100vw, 678px\" \/><p id=\"caption-attachment-619\" class=\"wp-caption-text\">Lis orang\u00e9 ou safran\u00e9 (Lilium bulbiferum subsp. croceum) vers Abri\u00e8s<\/p><\/div>\n<p><strong>Mardi 26 juin<\/strong><\/p>\n<p>Abri\u00e8s (1540m) &rarr; Le Grand Laus (2580m) &rarr; Lac M\u00e9zan (2680m) &rarr; Aiguilles (1445m) &rarr; Prats Bas (1620m) &rarr; la Rua (1710m)<\/p>\n<div id=\"attachment_620\" style=\"width: 327px\" class=\"wp-caption alignleft\"><img aria-describedby=\"caption-attachment-620\" decoding=\"async\" loading=\"lazy\" src=\"\/\/www.escapades-photographiques.ch\/Site\/blog\/..\/blog.uploads\/2012\/07\/006_2012-06-26_5DmII.jpg\" alt=\"\" title=\"Orchis globuleux (Traunsteinera globosa)\" width=\"317\" height=\"476\" class=\"size-full wp-image-620\" srcset=\"https:\/\/www.escapades-photographiques.ch\/Site\/blog\/..\/blog.uploads\/2012\/07\/006_2012-06-26_5DmII.jpg 317w, https:\/\/www.escapades-photographiques.ch\/Site\/blog\/..\/blog.uploads\/2012\/07\/006_2012-06-26_5DmII-199x300.jpg 199w\" sizes=\"(max-width: 317px) 100vw, 317px\" \/><p id=\"caption-attachment-620\" class=\"wp-caption-text\">Orchis globuleux (Traunsteinera globosa)<\/p><\/div>\n<div id=\"attachment_621\" style=\"width: 327px\" class=\"wp-caption alignleft\"><img aria-describedby=\"caption-attachment-621\" decoding=\"async\" loading=\"lazy\" src=\"\/\/www.escapades-photographiques.ch\/Site\/blog\/..\/blog.uploads\/2012\/07\/025_2012-06-26_5DmII.jpg\" alt=\"\" title=\"Orchis br\u00fbl\u00e9 (Neotinea ustulata)\" width=\"317\" height=\"476\" class=\"size-full wp-image-621\" srcset=\"https:\/\/www.escapades-photographiques.ch\/Site\/blog\/..\/blog.uploads\/2012\/07\/025_2012-06-26_5DmII.jpg 317w, https:\/\/www.escapades-photographiques.ch\/Site\/blog\/..\/blog.uploads\/2012\/07\/025_2012-06-26_5DmII-199x300.jpg 199w\" sizes=\"(max-width: 317px) 100vw, 317px\" \/><p id=\"caption-attachment-621\" class=\"wp-caption-text\">Orchis br\u00fbl\u00e9 (Neotinea ustulata)<\/p><\/div>\n<div id=\"attachment_691\" style=\"width: 688px\" class=\"wp-caption alignnone\"><img aria-describedby=\"caption-attachment-691\" decoding=\"async\" loading=\"lazy\" src=\"\/\/www.escapades-photographiques.ch\/Site\/blog\/..\/blog.uploads\/2012\/07\/014_2012-06-26_5DmII.jpg\" alt=\"\" title=\"Lac M\u00e9zan (2680m)\" width=\"678\" height=\"452\" class=\"size-full wp-image-691\" srcset=\"https:\/\/www.escapades-photographiques.ch\/Site\/blog\/..\/blog.uploads\/2012\/07\/014_2012-06-26_5DmII.jpg 678w, https:\/\/www.escapades-photographiques.ch\/Site\/blog\/..\/blog.uploads\/2012\/07\/014_2012-06-26_5DmII-300x200.jpg 300w\" sizes=\"(max-width: 678px) 100vw, 678px\" \/><p id=\"caption-attachment-691\" class=\"wp-caption-text\">Lac M\u00e9zan (2680m)<\/p><\/div>\n<div id=\"attachment_623\" style=\"width: 327px\" class=\"wp-caption alignleft\"><img aria-describedby=\"caption-attachment-623\" decoding=\"async\" loading=\"lazy\" src=\"\/\/www.escapades-photographiques.ch\/Site\/blog\/..\/blog.uploads\/2012\/07\/044_2012-06-26_5DmII.jpg\" alt=\"\" title=\"Orchis macul\u00e9 (Dactylorhiza maculata)\" width=\"317\" height=\"476\" class=\"size-full wp-image-623\" srcset=\"https:\/\/www.escapades-photographiques.ch\/Site\/blog\/..\/blog.uploads\/2012\/07\/044_2012-06-26_5DmII.jpg 317w, https:\/\/www.escapades-photographiques.ch\/Site\/blog\/..\/blog.uploads\/2012\/07\/044_2012-06-26_5DmII-199x300.jpg 199w\" sizes=\"(max-width: 317px) 100vw, 317px\" \/><p id=\"caption-attachment-623\" class=\"wp-caption-text\">Orchis macul\u00e9 (Dactylorhiza maculata)<\/p><\/div>\n<div id=\"attachment_622\" style=\"width: 327px\" class=\"wp-caption alignleft\"><img aria-describedby=\"caption-attachment-622\" decoding=\"async\" loading=\"lazy\" src=\"\/\/www.escapades-photographiques.ch\/Site\/blog\/..\/blog.uploads\/2012\/07\/037_2012-06-26_5DmII.jpg\" alt=\"\" title=\"Orchis macul\u00e9 (Dactylorhiza maculata) - d\u00e9tail\" width=\"317\" height=\"476\" class=\"size-full wp-image-622\" srcset=\"https:\/\/www.escapades-photographiques.ch\/Site\/blog\/..\/blog.uploads\/2012\/07\/037_2012-06-26_5DmII.jpg 317w, https:\/\/www.escapades-photographiques.ch\/Site\/blog\/..\/blog.uploads\/2012\/07\/037_2012-06-26_5DmII-199x300.jpg 199w\" sizes=\"(max-width: 317px) 100vw, 317px\" \/><p id=\"caption-attachment-622\" class=\"wp-caption-text\">Orchis macul\u00e9 (Dactylorhiza maculata) - d\u00e9tail<\/p><\/div>\n<div id=\"attachment_624\" style=\"width: 688px\" class=\"wp-caption alignnone\"><img aria-describedby=\"caption-attachment-624\" decoding=\"async\" loading=\"lazy\" src=\"\/\/www.escapades-photographiques.ch\/Site\/blog\/..\/blog.uploads\/2012\/07\/045_2012-06-26_5DmII.jpg\" alt=\"\" title=\"Oratoire &quot;1592m&quot; entre Aiguilles et la Rua\" width=\"678\" height=\"452\" class=\"size-full wp-image-624\" srcset=\"https:\/\/www.escapades-photographiques.ch\/Site\/blog\/..\/blog.uploads\/2012\/07\/045_2012-06-26_5DmII.jpg 678w, https:\/\/www.escapades-photographiques.ch\/Site\/blog\/..\/blog.uploads\/2012\/07\/045_2012-06-26_5DmII-300x200.jpg 300w\" sizes=\"(max-width: 678px) 100vw, 678px\" \/><p id=\"caption-attachment-624\" class=\"wp-caption-text\">Oratoire &quot;1592m&quot; entre Aiguilles et la Rua<\/p><\/div>\n<div id=\"attachment_625\" style=\"width: 327px\" class=\"wp-caption alignleft\"><img aria-describedby=\"caption-attachment-625\" decoding=\"async\" loading=\"lazy\" src=\"\/\/www.escapades-photographiques.ch\/Site\/blog\/..\/blog.uploads\/2012\/07\/053_2012-06-26_5DmII.jpg\" alt=\"\" title=\"Orchis rouge sang (Dactylorhiza cruenta)\" width=\"317\" height=\"476\" class=\"size-full wp-image-625\" srcset=\"https:\/\/www.escapades-photographiques.ch\/Site\/blog\/..\/blog.uploads\/2012\/07\/053_2012-06-26_5DmII.jpg 317w, https:\/\/www.escapades-photographiques.ch\/Site\/blog\/..\/blog.uploads\/2012\/07\/053_2012-06-26_5DmII-199x300.jpg 199w\" sizes=\"(max-width: 317px) 100vw, 317px\" \/><p id=\"caption-attachment-625\" class=\"wp-caption-text\">Orchis rouge sang (Dactylorhiza cruenta)<\/p><\/div>\n<div id=\"attachment_626\" style=\"width: 327px\" class=\"wp-caption alignleft\"><img aria-describedby=\"caption-attachment-626\" decoding=\"async\" loading=\"lazy\" src=\"\/\/www.escapades-photographiques.ch\/Site\/blog\/..\/blog.uploads\/2012\/07\/062_2012-06-26_5DmII.jpg\" alt=\"\" title=\"Orchis rouge sang (Dactylorhiza cruenta) - d\u00e9tail\" width=\"317\" height=\"476\" class=\"size-full wp-image-626\" srcset=\"https:\/\/www.escapades-photographiques.ch\/Site\/blog\/..\/blog.uploads\/2012\/07\/062_2012-06-26_5DmII.jpg 317w, https:\/\/www.escapades-photographiques.ch\/Site\/blog\/..\/blog.uploads\/2012\/07\/062_2012-06-26_5DmII-199x300.jpg 199w\" sizes=\"(max-width: 317px) 100vw, 317px\" \/><p id=\"caption-attachment-626\" class=\"wp-caption-text\">Orchis rouge sang (Dactylorhiza cruenta) - d\u00e9tail<\/p><\/div>\n<p><strong>Mercredi 27 juin<\/strong><\/p>\n<p>la Rua (1710m) &rarr; Col des Pr\u00e9s de Fromage (2146m) &rarr; Col Fromage (2301m) &rarr; Col de Souillet (2133m) &rarr; Col de Bramousse (2251m) &rarr; Ceillac (1639m) &rarr; Cime du M\u00e9lezet (1822m)<\/p>\n<div id=\"attachment_627\" style=\"width: 688px\" class=\"wp-caption alignnone\"><img aria-describedby=\"caption-attachment-627\" decoding=\"async\" loading=\"lazy\" src=\"\/\/www.escapades-photographiques.ch\/Site\/blog\/..\/blog.uploads\/2012\/07\/003_2012-06-27_5DmII.jpg\" alt=\"\" title=\"Col des Pr\u00e9s de Fromage (vue vers l&#039;ouest)\" width=\"678\" height=\"452\" class=\"size-full wp-image-627\" srcset=\"https:\/\/www.escapades-photographiques.ch\/Site\/blog\/..\/blog.uploads\/2012\/07\/003_2012-06-27_5DmII.jpg 678w, https:\/\/www.escapades-photographiques.ch\/Site\/blog\/..\/blog.uploads\/2012\/07\/003_2012-06-27_5DmII-300x200.jpg 300w\" sizes=\"(max-width: 678px) 100vw, 678px\" \/><p id=\"caption-attachment-627\" class=\"wp-caption-text\">Col des Pr\u00e9s de Fromage (vue vers l&#039;ouest)<\/p><\/div>\n<div id=\"attachment_629\" style=\"width: 327px\" class=\"wp-caption alignleft\"><img aria-describedby=\"caption-attachment-629\" decoding=\"async\" loading=\"lazy\" src=\"\/\/www.escapades-photographiques.ch\/Site\/blog\/..\/blog.uploads\/2012\/07\/023_2012-06-27_5DmII.jpg\" alt=\"\" title=\"Orchis grenouille (Coeloglossum viride)\" width=\"317\" height=\"476\" class=\"size-full wp-image-629\" srcset=\"https:\/\/www.escapades-photographiques.ch\/Site\/blog\/..\/blog.uploads\/2012\/07\/023_2012-06-27_5DmII.jpg 317w, https:\/\/www.escapades-photographiques.ch\/Site\/blog\/..\/blog.uploads\/2012\/07\/023_2012-06-27_5DmII-199x300.jpg 199w\" sizes=\"(max-width: 317px) 100vw, 317px\" \/><p id=\"caption-attachment-629\" class=\"wp-caption-text\">Orchis grenouille (Coeloglossum viride)<\/p><\/div>\n<div id=\"attachment_628\" style=\"width: 327px\" class=\"wp-caption alignleft\"><img aria-describedby=\"caption-attachment-628\" decoding=\"async\" loading=\"lazy\" src=\"\/\/www.escapades-photographiques.ch\/Site\/blog\/..\/blog.uploads\/2012\/07\/019_2012-06-27_5DmII.jpg\" alt=\"\" title=\"Orchis grenouille (Coeloglossum viride) - d\u00e9tail\" width=\"317\" height=\"476\" class=\"size-full wp-image-628\" srcset=\"https:\/\/www.escapades-photographiques.ch\/Site\/blog\/..\/blog.uploads\/2012\/07\/019_2012-06-27_5DmII.jpg 317w, https:\/\/www.escapades-photographiques.ch\/Site\/blog\/..\/blog.uploads\/2012\/07\/019_2012-06-27_5DmII-199x300.jpg 199w\" sizes=\"(max-width: 317px) 100vw, 317px\" \/><p id=\"caption-attachment-628\" class=\"wp-caption-text\">Orchis grenouille (Coeloglossum viride) - d\u00e9tail<\/p><\/div>\n<div id=\"attachment_630\" style=\"width: 327px\" class=\"wp-caption alignleft\"><img aria-describedby=\"caption-attachment-630\" decoding=\"async\" loading=\"lazy\" src=\"\/\/www.escapades-photographiques.ch\/Site\/blog\/..\/blog.uploads\/2012\/07\/035_2012-06-27_5DmII.jpg\" alt=\"\" title=\"Nigritelle de Cornelia (Gymnadenia corneliana): plut\u00f4t fonc\u00e9e...\" width=\"317\" height=\"476\" class=\"size-full wp-image-630\" srcset=\"https:\/\/www.escapades-photographiques.ch\/Site\/blog\/..\/blog.uploads\/2012\/07\/035_2012-06-27_5DmII.jpg 317w, https:\/\/www.escapades-photographiques.ch\/Site\/blog\/..\/blog.uploads\/2012\/07\/035_2012-06-27_5DmII-199x300.jpg 199w\" sizes=\"(max-width: 317px) 100vw, 317px\" \/><p id=\"caption-attachment-630\" class=\"wp-caption-text\">Nigritelle de Cornelia (Gymnadenia corneliana): plut\u00f4t fonc\u00e9e...<\/p><\/div>\n<div id=\"attachment_631\" style=\"width: 327px\" class=\"wp-caption alignleft\"><img aria-describedby=\"caption-attachment-631\" decoding=\"async\" loading=\"lazy\" src=\"\/\/www.escapades-photographiques.ch\/Site\/blog\/..\/blog.uploads\/2012\/07\/042_2012-06-27_5DmII.jpg\" alt=\"\" title=\"Nigritelle de Cornelia (Gymnadenia corneliana) - d\u00e9tail: plut\u00f4t fonc\u00e9e...\" width=\"317\" height=\"476\" class=\"size-full wp-image-631\" srcset=\"https:\/\/www.escapades-photographiques.ch\/Site\/blog\/..\/blog.uploads\/2012\/07\/042_2012-06-27_5DmII.jpg 317w, https:\/\/www.escapades-photographiques.ch\/Site\/blog\/..\/blog.uploads\/2012\/07\/042_2012-06-27_5DmII-199x300.jpg 199w\" sizes=\"(max-width: 317px) 100vw, 317px\" \/><p id=\"caption-attachment-631\" class=\"wp-caption-text\">Nigritelle de Cornelia (Gymnadenia corneliana) - d\u00e9tail: plut\u00f4t fonc\u00e9e...<\/p><\/div>\n<div id=\"attachment_632\" style=\"width: 327px\" class=\"wp-caption alignleft\"><img aria-describedby=\"caption-attachment-632\" decoding=\"async\" loading=\"lazy\" src=\"\/\/www.escapades-photographiques.ch\/Site\/blog\/..\/blog.uploads\/2012\/07\/045_2012-06-27_5DmII.jpg\" alt=\"\" title=\"Nigritelle de Cornelia (Gymnadenia corneliana) - d\u00e9tail\" width=\"317\" height=\"476\" class=\"size-full wp-image-632\" srcset=\"https:\/\/www.escapades-photographiques.ch\/Site\/blog\/..\/blog.uploads\/2012\/07\/045_2012-06-27_5DmII.jpg 317w, https:\/\/www.escapades-photographiques.ch\/Site\/blog\/..\/blog.uploads\/2012\/07\/045_2012-06-27_5DmII-199x300.jpg 199w\" sizes=\"(max-width: 317px) 100vw, 317px\" \/><p id=\"caption-attachment-632\" class=\"wp-caption-text\">Nigritelle de Cornelia (Gymnadenia corneliana) - d\u00e9tail<\/p><\/div>\n<div id=\"attachment_633\" style=\"width: 327px\" class=\"wp-caption alignleft\"><img aria-describedby=\"caption-attachment-633\" decoding=\"async\" loading=\"lazy\" src=\"\/\/www.escapades-photographiques.ch\/Site\/blog\/..\/blog.uploads\/2012\/07\/053_2012-06-27_5DmII.jpg\" alt=\"\" title=\"Nigritelle de Cornelia (Gymnadenia corneliana) - d\u00e9tail\" width=\"317\" height=\"476\" class=\"size-full wp-image-633\" srcset=\"https:\/\/www.escapades-photographiques.ch\/Site\/blog\/..\/blog.uploads\/2012\/07\/053_2012-06-27_5DmII.jpg 317w, https:\/\/www.escapades-photographiques.ch\/Site\/blog\/..\/blog.uploads\/2012\/07\/053_2012-06-27_5DmII-199x300.jpg 199w\" sizes=\"(max-width: 317px) 100vw, 317px\" \/><p id=\"caption-attachment-633\" class=\"wp-caption-text\">Nigritelle de Cornelia (Gymnadenia corneliana) - d\u00e9tail<\/p><\/div>\n<div id=\"attachment_634\" style=\"width: 688px\" class=\"wp-caption alignnone\"><img aria-describedby=\"caption-attachment-634\" decoding=\"async\" loading=\"lazy\" src=\"\/\/www.escapades-photographiques.ch\/Site\/blog\/..\/blog.uploads\/2012\/07\/057_2012-06-27_5DmII.jpg\" alt=\"\" title=\"Pointe de la Selle (2745m)\" width=\"678\" height=\"452\" class=\"size-full wp-image-634\" srcset=\"https:\/\/www.escapades-photographiques.ch\/Site\/blog\/..\/blog.uploads\/2012\/07\/057_2012-06-27_5DmII.jpg 678w, https:\/\/www.escapades-photographiques.ch\/Site\/blog\/..\/blog.uploads\/2012\/07\/057_2012-06-27_5DmII-300x200.jpg 300w\" sizes=\"(max-width: 678px) 100vw, 678px\" \/><p id=\"caption-attachment-634\" class=\"wp-caption-text\">Pointe de la Selle (2745m)<\/p><\/div>\n<div id=\"attachment_635\" style=\"width: 688px\" class=\"wp-caption alignnone\"><img aria-describedby=\"caption-attachment-635\" decoding=\"async\" loading=\"lazy\" src=\"\/\/www.escapades-photographiques.ch\/Site\/blog\/..\/blog.uploads\/2012\/07\/058_2012-06-27_5DmII.jpg\" alt=\"\" title=\"Pic de Rochebrune (3320m)\" width=\"678\" height=\"452\" class=\"size-full wp-image-635\" srcset=\"https:\/\/www.escapades-photographiques.ch\/Site\/blog\/..\/blog.uploads\/2012\/07\/058_2012-06-27_5DmII.jpg 678w, https:\/\/www.escapades-photographiques.ch\/Site\/blog\/..\/blog.uploads\/2012\/07\/058_2012-06-27_5DmII-300x200.jpg 300w\" sizes=\"(max-width: 678px) 100vw, 678px\" \/><p id=\"caption-attachment-635\" class=\"wp-caption-text\">Pic de Rochebrune (3320m)<\/p><\/div>\n<div id=\"attachment_636\" style=\"width: 688px\" class=\"wp-caption alignnone\"><img aria-describedby=\"caption-attachment-636\" decoding=\"async\" loading=\"lazy\" src=\"\/\/www.escapades-photographiques.ch\/Site\/blog\/..\/blog.uploads\/2012\/07\/060_2012-06-27_5DmII.jpg\" alt=\"\" title=\"Pointe de la Selle avec les an\u00e9mones fan\u00e9es en avant plan\" width=\"678\" height=\"452\" class=\"size-full wp-image-636\" srcset=\"https:\/\/www.escapades-photographiques.ch\/Site\/blog\/..\/blog.uploads\/2012\/07\/060_2012-06-27_5DmII.jpg 678w, https:\/\/www.escapades-photographiques.ch\/Site\/blog\/..\/blog.uploads\/2012\/07\/060_2012-06-27_5DmII-300x200.jpg 300w\" sizes=\"(max-width: 678px) 100vw, 678px\" \/><p id=\"caption-attachment-636\" class=\"wp-caption-text\">Pointe de la Selle avec les an\u00e9mones fan\u00e9es en avant plan<\/p><\/div>\n<div id=\"attachment_637\" style=\"width: 327px\" class=\"wp-caption alignleft\"><img aria-describedby=\"caption-attachment-637\" decoding=\"async\" loading=\"lazy\" src=\"\/\/www.escapades-photographiques.ch\/Site\/blog\/..\/blog.uploads\/2012\/07\/070_2012-06-27_5DmII.jpg\" alt=\"\" title=\"Erysimum de Suisse (Erysimum rhaeticum)\" width=\"317\" height=\"476\" class=\"size-full wp-image-637\" srcset=\"https:\/\/www.escapades-photographiques.ch\/Site\/blog\/..\/blog.uploads\/2012\/07\/070_2012-06-27_5DmII.jpg 317w, https:\/\/www.escapades-photographiques.ch\/Site\/blog\/..\/blog.uploads\/2012\/07\/070_2012-06-27_5DmII-199x300.jpg 199w\" sizes=\"(max-width: 317px) 100vw, 317px\" \/><p id=\"caption-attachment-637\" class=\"wp-caption-text\">Erysimum de Suisse (Erysimum rhaeticum)<\/p><\/div>\n<div id=\"attachment_640\" style=\"width: 327px\" class=\"wp-caption alignleft\"><img aria-describedby=\"caption-attachment-640\" decoding=\"async\" loading=\"lazy\" src=\"\/\/www.escapades-photographiques.ch\/Site\/blog\/..\/blog.uploads\/2012\/07\/086_2012-06-27_5DmII.jpg\" alt=\"\" title=\"Pulsatille des Alpes (Pulsatilla alpina)\" width=\"317\" height=\"476\" class=\"size-full wp-image-640\" srcset=\"https:\/\/www.escapades-photographiques.ch\/Site\/blog\/..\/blog.uploads\/2012\/07\/086_2012-06-27_5DmII.jpg 317w, https:\/\/www.escapades-photographiques.ch\/Site\/blog\/..\/blog.uploads\/2012\/07\/086_2012-06-27_5DmII-199x300.jpg 199w\" sizes=\"(max-width: 317px) 100vw, 317px\" \/><p id=\"caption-attachment-640\" class=\"wp-caption-text\">Pulsatille des Alpes (Pulsatilla alpina)<\/p><\/div>\n<div id=\"attachment_641\" style=\"width: 688px\" class=\"wp-caption alignnone\"><img aria-describedby=\"caption-attachment-641\" decoding=\"async\" loading=\"lazy\" src=\"\/\/www.escapades-photographiques.ch\/Site\/blog\/..\/blog.uploads\/2012\/07\/089_2012-06-27_5DmII.jpg\" alt=\"\" title=\"Pulsatille des Alpes (Pulsatilla alpina)\" width=\"678\" height=\"452\" class=\"size-full wp-image-641\" srcset=\"https:\/\/www.escapades-photographiques.ch\/Site\/blog\/..\/blog.uploads\/2012\/07\/089_2012-06-27_5DmII.jpg 678w, https:\/\/www.escapades-photographiques.ch\/Site\/blog\/..\/blog.uploads\/2012\/07\/089_2012-06-27_5DmII-300x200.jpg 300w\" sizes=\"(max-width: 678px) 100vw, 678px\" \/><p id=\"caption-attachment-641\" class=\"wp-caption-text\">Pulsatille des Alpes (Pulsatilla alpina)<\/p><\/div>\n<div id=\"attachment_639\" style=\"width: 688px\" class=\"wp-caption alignnone\"><img aria-describedby=\"caption-attachment-639\" decoding=\"async\" loading=\"lazy\" src=\"\/\/www.escapades-photographiques.ch\/Site\/blog\/..\/blog.uploads\/2012\/07\/079_2012-06-27_5DmII.jpg\" alt=\"\" title=\"Pulsatille des Alpes (Pulsatilla alpina) - d\u00e9tail\" width=\"678\" height=\"452\" class=\"size-full wp-image-639\" srcset=\"https:\/\/www.escapades-photographiques.ch\/Site\/blog\/..\/blog.uploads\/2012\/07\/079_2012-06-27_5DmII.jpg 678w, https:\/\/www.escapades-photographiques.ch\/Site\/blog\/..\/blog.uploads\/2012\/07\/079_2012-06-27_5DmII-300x200.jpg 300w\" sizes=\"(max-width: 678px) 100vw, 678px\" \/><p id=\"caption-attachment-639\" class=\"wp-caption-text\">Pulsatille des Alpes (Pulsatilla alpina) - d\u00e9tail<\/p><\/div>\n<div id=\"attachment_638\" style=\"width: 688px\" class=\"wp-caption alignnone\"><img aria-describedby=\"caption-attachment-638\" decoding=\"async\" loading=\"lazy\" src=\"\/\/www.escapades-photographiques.ch\/Site\/blog\/..\/blog.uploads\/2012\/07\/075_2012-06-27_5DmII.jpg\" alt=\"\" title=\"Dryade \u00e0 huit p\u00e9tales (Dryas octopetala)\" width=\"678\" height=\"452\" class=\"size-full wp-image-638\" srcset=\"https:\/\/www.escapades-photographiques.ch\/Site\/blog\/..\/blog.uploads\/2012\/07\/075_2012-06-27_5DmII.jpg 678w, https:\/\/www.escapades-photographiques.ch\/Site\/blog\/..\/blog.uploads\/2012\/07\/075_2012-06-27_5DmII-300x200.jpg 300w\" sizes=\"(max-width: 678px) 100vw, 678px\" \/><p id=\"caption-attachment-638\" class=\"wp-caption-text\">Dryade \u00e0 huit p\u00e9tales (Dryas octopetala)<\/p><\/div>\n<p><strong>Jeudi 28 juin<\/strong><\/p>\n<p>Cime du M\u00e9lezet (1822m) &rarr; Le Villard (1820m) &rarr; Col des Estrongues (2651m) &rarr; Pont du Moulin (1849m) &rarr; St-V\u00e9ran (2050m)<\/p>\n<div id=\"attachment_644\" style=\"width: 688px\" class=\"wp-caption alignnone\"><img aria-describedby=\"caption-attachment-644\" decoding=\"async\" loading=\"lazy\" src=\"\/\/www.escapades-photographiques.ch\/Site\/blog\/..\/blog.uploads\/2012\/07\/009_2012-06-28_5DmII.jpg\" alt=\"\" title=\"Haut de la vall\u00e9e de Ceillac, le matin\" width=\"678\" height=\"452\" class=\"size-full wp-image-644\" srcset=\"https:\/\/www.escapades-photographiques.ch\/Site\/blog\/..\/blog.uploads\/2012\/07\/009_2012-06-28_5DmII.jpg 678w, https:\/\/www.escapades-photographiques.ch\/Site\/blog\/..\/blog.uploads\/2012\/07\/009_2012-06-28_5DmII-300x200.jpg 300w\" sizes=\"(max-width: 678px) 100vw, 678px\" \/><p id=\"caption-attachment-644\" class=\"wp-caption-text\">Haut de la vall\u00e9e de Ceillac, le matin<\/p><\/div>\n<div id=\"attachment_642\" style=\"width: 327px\" class=\"wp-caption alignleft\"><img aria-describedby=\"caption-attachment-642\" decoding=\"async\" loading=\"lazy\" src=\"\/\/www.escapades-photographiques.ch\/Site\/blog\/..\/blog.uploads\/2012\/07\/002_2012-06-28_5DmII.jpg\" alt=\"\" title=\"Epipactis atrorubens ou distans en bouton\" width=\"317\" height=\"476\" class=\"size-full wp-image-642\" srcset=\"https:\/\/www.escapades-photographiques.ch\/Site\/blog\/..\/blog.uploads\/2012\/07\/002_2012-06-28_5DmII.jpg 317w, https:\/\/www.escapades-photographiques.ch\/Site\/blog\/..\/blog.uploads\/2012\/07\/002_2012-06-28_5DmII-199x300.jpg 199w\" sizes=\"(max-width: 317px) 100vw, 317px\" \/><p id=\"caption-attachment-642\" class=\"wp-caption-text\">Epipactis atrorubens ou distans en bouton<\/p><\/div>\n<div id=\"attachment_643\" style=\"width: 327px\" class=\"wp-caption alignleft\"><img aria-describedby=\"caption-attachment-643\" decoding=\"async\" loading=\"lazy\" src=\"\/\/www.escapades-photographiques.ch\/Site\/blog\/..\/blog.uploads\/2012\/07\/005_2012-06-28_5DmII.jpg\" alt=\"\" title=\"Orchis moucheron (Gymnadenia conopsea)\" width=\"317\" height=\"476\" class=\"size-full wp-image-643\" srcset=\"https:\/\/www.escapades-photographiques.ch\/Site\/blog\/..\/blog.uploads\/2012\/07\/005_2012-06-28_5DmII.jpg 317w, https:\/\/www.escapades-photographiques.ch\/Site\/blog\/..\/blog.uploads\/2012\/07\/005_2012-06-28_5DmII-199x300.jpg 199w\" sizes=\"(max-width: 317px) 100vw, 317px\" \/><p id=\"caption-attachment-643\" class=\"wp-caption-text\">Orchis moucheron (Gymnadenia conopsea)<\/p><\/div>\n<div id=\"attachment_645\" style=\"width: 327px\" class=\"wp-caption alignleft\"><img aria-describedby=\"caption-attachment-645\" decoding=\"async\" loading=\"lazy\" src=\"\/\/www.escapades-photographiques.ch\/Site\/blog\/..\/blog.uploads\/2012\/07\/022_2012-06-28_5DmII.jpg\" alt=\"\" title=\"Anth\u00e9ricum \u00e0 fleurs de lis (Anthericum liliago)\" width=\"317\" height=\"476\" class=\"size-full wp-image-645\" srcset=\"https:\/\/www.escapades-photographiques.ch\/Site\/blog\/..\/blog.uploads\/2012\/07\/022_2012-06-28_5DmII.jpg 317w, https:\/\/www.escapades-photographiques.ch\/Site\/blog\/..\/blog.uploads\/2012\/07\/022_2012-06-28_5DmII-199x300.jpg 199w\" sizes=\"(max-width: 317px) 100vw, 317px\" \/><p id=\"caption-attachment-645\" class=\"wp-caption-text\">Anth\u00e9ricum \u00e0 fleurs de lis (Anthericum liliago)<\/p><\/div>\n<div id=\"attachment_646\" style=\"width: 327px\" class=\"wp-caption alignleft\"><img aria-describedby=\"caption-attachment-646\" decoding=\"async\" loading=\"lazy\" src=\"\/\/www.escapades-photographiques.ch\/Site\/blog\/..\/blog.uploads\/2012\/07\/026_2012-06-28_5DmII.jpg\" alt=\"\" title=\"Doronic \u00e0 grandes fleurs (Doronicum grandiflorum)\" width=\"317\" height=\"476\" class=\"size-full wp-image-646\" srcset=\"https:\/\/www.escapades-photographiques.ch\/Site\/blog\/..\/blog.uploads\/2012\/07\/026_2012-06-28_5DmII.jpg 317w, https:\/\/www.escapades-photographiques.ch\/Site\/blog\/..\/blog.uploads\/2012\/07\/026_2012-06-28_5DmII-199x300.jpg 199w\" sizes=\"(max-width: 317px) 100vw, 317px\" \/><p id=\"caption-attachment-646\" class=\"wp-caption-text\">Doronic \u00e0 grandes fleurs (Doronicum grandiflorum)<\/p><\/div>\n<div id=\"attachment_647\" style=\"width: 688px\" class=\"wp-caption alignnone\"><img aria-describedby=\"caption-attachment-647\" decoding=\"async\" loading=\"lazy\" src=\"\/\/www.escapades-photographiques.ch\/Site\/blog\/..\/blog.uploads\/2012\/07\/029_2012-06-28_5DmII.jpg\" alt=\"\" title=\"Campanule alpestre (Campanula alpestris)\" width=\"678\" height=\"452\" class=\"size-full wp-image-647\" srcset=\"https:\/\/www.escapades-photographiques.ch\/Site\/blog\/..\/blog.uploads\/2012\/07\/029_2012-06-28_5DmII.jpg 678w, https:\/\/www.escapades-photographiques.ch\/Site\/blog\/..\/blog.uploads\/2012\/07\/029_2012-06-28_5DmII-300x200.jpg 300w\" sizes=\"(max-width: 678px) 100vw, 678px\" \/><p id=\"caption-attachment-647\" class=\"wp-caption-text\">Campanule alpestre (Campanula alpestris)<\/p><\/div>\n<div id=\"attachment_649\" style=\"width: 327px\" class=\"wp-caption alignleft\"><img aria-describedby=\"caption-attachment-649\" decoding=\"async\" loading=\"lazy\" src=\"\/\/www.escapades-photographiques.ch\/Site\/blog\/..\/blog.uploads\/2012\/07\/041_2012-06-28_5DmII.jpg\" alt=\"\" title=\"Orchis rouge sang (Dactylorhiza cruenta)\" width=\"317\" height=\"476\" class=\"size-full wp-image-649\" srcset=\"https:\/\/www.escapades-photographiques.ch\/Site\/blog\/..\/blog.uploads\/2012\/07\/041_2012-06-28_5DmII.jpg 317w, https:\/\/www.escapades-photographiques.ch\/Site\/blog\/..\/blog.uploads\/2012\/07\/041_2012-06-28_5DmII-199x300.jpg 199w\" sizes=\"(max-width: 317px) 100vw, 317px\" \/><p id=\"caption-attachment-649\" class=\"wp-caption-text\">Orchis rouge sang (Dactylorhiza cruenta)<\/p><\/div>\n<div id=\"attachment_648\" style=\"width: 327px\" class=\"wp-caption alignleft\"><img aria-describedby=\"caption-attachment-648\" decoding=\"async\" loading=\"lazy\" src=\"\/\/www.escapades-photographiques.ch\/Site\/blog\/..\/blog.uploads\/2012\/07\/037_2012-06-28_5DmII.jpg\" alt=\"\" title=\"Orchis rouge sang (Dactylorhiza cruenta) - d\u00e9tail\" width=\"317\" height=\"476\" class=\"size-full wp-image-648\" srcset=\"https:\/\/www.escapades-photographiques.ch\/Site\/blog\/..\/blog.uploads\/2012\/07\/037_2012-06-28_5DmII.jpg 317w, https:\/\/www.escapades-photographiques.ch\/Site\/blog\/..\/blog.uploads\/2012\/07\/037_2012-06-28_5DmII-199x300.jpg 199w\" sizes=\"(max-width: 317px) 100vw, 317px\" \/><p id=\"caption-attachment-648\" class=\"wp-caption-text\">Orchis rouge sang (Dactylorhiza cruenta) - d\u00e9tail<\/p><\/div>\n<p><strong>Vendredi 29 juin<\/strong><\/p>\n<p>St-V\u00e9ran (2050m) &rarr; Col de Chamoussi\u00e8re (2884m) &rarr; Refuge Agnel (2580m): la boucle est boucl\u00e9e !<\/p>\n<div id=\"attachment_650\" style=\"width: 688px\" class=\"wp-caption alignnone\"><img aria-describedby=\"caption-attachment-650\" decoding=\"async\" loading=\"lazy\" src=\"\/\/www.escapades-photographiques.ch\/Site\/blog\/..\/blog.uploads\/2012\/07\/001_2012-06-29_5DmII.jpg\" alt=\"\" title=\"Le mont Viso (3841m) dans la nebbia qui remonte de la vall\u00e9e du P\u00f4 (vu depuis le col de Chamoussi\u00e8re)\" width=\"678\" height=\"452\" class=\"size-full wp-image-650\" srcset=\"https:\/\/www.escapades-photographiques.ch\/Site\/blog\/..\/blog.uploads\/2012\/07\/001_2012-06-29_5DmII.jpg 678w, https:\/\/www.escapades-photographiques.ch\/Site\/blog\/..\/blog.uploads\/2012\/07\/001_2012-06-29_5DmII-300x200.jpg 300w\" sizes=\"(max-width: 678px) 100vw, 678px\" \/><p id=\"caption-attachment-650\" class=\"wp-caption-text\">Le mont Viso (3841m) dans la nebbia qui remonte de la vall\u00e9e du P\u00f4 (vu depuis le col de Chamoussi\u00e8re)<\/p><\/div>\n<div id=\"attachment_651\" style=\"width: 688px\" class=\"wp-caption alignnone\"><img aria-describedby=\"caption-attachment-651\" decoding=\"async\" loading=\"lazy\" src=\"\/\/www.escapades-photographiques.ch\/Site\/blog\/..\/blog.uploads\/2012\/07\/005_2012-06-29_5DmII.jpg\" alt=\"\" title=\"Saxifrage \u00e0 feuilles oppos\u00e9es  (Saxifraga oppositifolia)\" width=\"678\" height=\"452\" class=\"size-full wp-image-651\" srcset=\"https:\/\/www.escapades-photographiques.ch\/Site\/blog\/..\/blog.uploads\/2012\/07\/005_2012-06-29_5DmII.jpg 678w, https:\/\/www.escapades-photographiques.ch\/Site\/blog\/..\/blog.uploads\/2012\/07\/005_2012-06-29_5DmII-300x200.jpg 300w\" sizes=\"(max-width: 678px) 100vw, 678px\" \/><p id=\"caption-attachment-651\" class=\"wp-caption-text\">Saxifrage \u00e0 feuilles oppos\u00e9es  (Saxifraga oppositifolia)<\/p><\/div>\n<p><strong>Samedi 30 juin<\/strong><\/p>\n<p>Extra vers le versant nord du col d&rsquo;Izoard: le Laus (1745m) &rarr; Ancien fort de la Lausette (2339m) &rarr; Chalets d&rsquo;Izoard (2191m) &rarr; Le Laus par le bois de P\u00e9m\u00e9ant (1745m)<\/p>\n<div id=\"attachment_652\" style=\"width: 688px\" class=\"wp-caption alignnone\"><img aria-describedby=\"caption-attachment-652\" decoding=\"async\" loading=\"lazy\" src=\"\/\/www.escapades-photographiques.ch\/Site\/blog\/..\/blog.uploads\/2012\/07\/001_2012-06-30_5DmII.jpg\" alt=\"\" title=\"Pic de Rochebrune (3320m) en montant au fort de la Lausette le matin\" width=\"678\" height=\"452\" class=\"size-full wp-image-652\" srcset=\"https:\/\/www.escapades-photographiques.ch\/Site\/blog\/..\/blog.uploads\/2012\/07\/001_2012-06-30_5DmII.jpg 678w, https:\/\/www.escapades-photographiques.ch\/Site\/blog\/..\/blog.uploads\/2012\/07\/001_2012-06-30_5DmII-300x200.jpg 300w\" sizes=\"(max-width: 678px) 100vw, 678px\" \/><p id=\"caption-attachment-652\" class=\"wp-caption-text\">Pic de Rochebrune (3320m) en montant au fort de la Lausette le matin<\/p><\/div>\n<div id=\"attachment_653\" style=\"width: 688px\" class=\"wp-caption alignnone\"><img aria-describedby=\"caption-attachment-653\" decoding=\"async\" loading=\"lazy\" src=\"\/\/www.escapades-photographiques.ch\/Site\/blog\/..\/blog.uploads\/2012\/07\/006_2012-06-30_5DmII.jpg\" alt=\"\" title=\"Le Lasseron (2702m) en montant au fort de la Lausette le matin\" width=\"678\" height=\"452\" class=\"size-full wp-image-653\" srcset=\"https:\/\/www.escapades-photographiques.ch\/Site\/blog\/..\/blog.uploads\/2012\/07\/006_2012-06-30_5DmII.jpg 678w, https:\/\/www.escapades-photographiques.ch\/Site\/blog\/..\/blog.uploads\/2012\/07\/006_2012-06-30_5DmII-300x200.jpg 300w\" sizes=\"(max-width: 678px) 100vw, 678px\" \/><p id=\"caption-attachment-653\" class=\"wp-caption-text\">Le Lasseron (2702m) en montant au fort de la Lausette le matin<\/p><\/div>\n<div id=\"attachment_654\" style=\"width: 327px\" class=\"wp-caption alignleft\"><img aria-describedby=\"caption-attachment-654\" decoding=\"async\" loading=\"lazy\" src=\"\/\/www.escapades-photographiques.ch\/Site\/blog\/..\/blog.uploads\/2012\/07\/010_2012-06-30_5DmII.jpg\" alt=\"\" title=\"Anth\u00e9ricum \u00e0 fleurs de lis (Anthericum liliago)\" width=\"317\" height=\"476\" class=\"size-full wp-image-654\" srcset=\"https:\/\/www.escapades-photographiques.ch\/Site\/blog\/..\/blog.uploads\/2012\/07\/010_2012-06-30_5DmII.jpg 317w, https:\/\/www.escapades-photographiques.ch\/Site\/blog\/..\/blog.uploads\/2012\/07\/010_2012-06-30_5DmII-199x300.jpg 199w\" sizes=\"(max-width: 317px) 100vw, 317px\" \/><p id=\"caption-attachment-654\" class=\"wp-caption-text\">Anth\u00e9ricum \u00e0 fleurs de lis (Anthericum liliago)<\/p><\/div>\n<div id=\"attachment_655\" style=\"width: 327px\" class=\"wp-caption alignleft\"><img aria-describedby=\"caption-attachment-655\" decoding=\"async\" loading=\"lazy\" src=\"\/\/www.escapades-photographiques.ch\/Site\/blog\/..\/blog.uploads\/2012\/07\/014_2012-06-30_5DmII.jpg\" alt=\"\" title=\"Epipactis atrorubens ou distans en bouton dans la pin\u00e8de\" width=\"317\" height=\"476\" class=\"size-full wp-image-655\" srcset=\"https:\/\/www.escapades-photographiques.ch\/Site\/blog\/..\/blog.uploads\/2012\/07\/014_2012-06-30_5DmII.jpg 317w, https:\/\/www.escapades-photographiques.ch\/Site\/blog\/..\/blog.uploads\/2012\/07\/014_2012-06-30_5DmII-199x300.jpg 199w\" sizes=\"(max-width: 317px) 100vw, 317px\" \/><p id=\"caption-attachment-655\" class=\"wp-caption-text\">Epipactis atrorubens ou distans en bouton dans la pin\u00e8de<\/p><\/div>\n<div id=\"attachment_656\" style=\"width: 327px\" class=\"wp-caption alignleft\"><img aria-describedby=\"caption-attachment-656\" decoding=\"async\" loading=\"lazy\" src=\"\/\/www.escapades-photographiques.ch\/Site\/blog\/..\/blog.uploads\/2012\/07\/024_2012-06-30_5DmII.jpg\" alt=\"\" title=\"Orchis alpestre (Dactylorhiza alpestris) ?\" width=\"317\" height=\"476\" class=\"size-full wp-image-656\" srcset=\"https:\/\/www.escapades-photographiques.ch\/Site\/blog\/..\/blog.uploads\/2012\/07\/024_2012-06-30_5DmII.jpg 317w, https:\/\/www.escapades-photographiques.ch\/Site\/blog\/..\/blog.uploads\/2012\/07\/024_2012-06-30_5DmII-199x300.jpg 199w\" sizes=\"(max-width: 317px) 100vw, 317px\" \/><p id=\"caption-attachment-656\" class=\"wp-caption-text\">Orchis alpestre (Dactylorhiza alpestris) ?<\/p><\/div>\n<div id=\"attachment_657\" style=\"width: 327px\" class=\"wp-caption alignleft\"><img aria-describedby=\"caption-attachment-657\" decoding=\"async\" loading=\"lazy\" src=\"\/\/www.escapades-photographiques.ch\/Site\/blog\/..\/blog.uploads\/2012\/07\/028_2012-06-30_5DmII.jpg\" alt=\"\" title=\"Orchis alpestre (Dactylorhiza alpestris) ? - d\u00e9tail\" width=\"317\" height=\"476\" class=\"size-full wp-image-657\" srcset=\"https:\/\/www.escapades-photographiques.ch\/Site\/blog\/..\/blog.uploads\/2012\/07\/028_2012-06-30_5DmII.jpg 317w, https:\/\/www.escapades-photographiques.ch\/Site\/blog\/..\/blog.uploads\/2012\/07\/028_2012-06-30_5DmII-199x300.jpg 199w\" sizes=\"(max-width: 317px) 100vw, 317px\" \/><p id=\"caption-attachment-657\" class=\"wp-caption-text\">Orchis alpestre (Dactylorhiza alpestris) ? - d\u00e9tail<\/p><\/div>\n<div id=\"attachment_658\" style=\"width: 327px\" class=\"wp-caption alignleft\"><img aria-describedby=\"caption-attachment-658\" decoding=\"async\" loading=\"lazy\" src=\"\/\/www.escapades-photographiques.ch\/Site\/blog\/..\/blog.uploads\/2012\/07\/030_2012-06-30_5DmII.jpg\" alt=\"\" title=\"Orchis alpestre (Dactylorhiza alpestris) ? - d\u00e9tail\" width=\"317\" height=\"476\" class=\"size-full wp-image-658\" srcset=\"https:\/\/www.escapades-photographiques.ch\/Site\/blog\/..\/blog.uploads\/2012\/07\/030_2012-06-30_5DmII.jpg 317w, https:\/\/www.escapades-photographiques.ch\/Site\/blog\/..\/blog.uploads\/2012\/07\/030_2012-06-30_5DmII-199x300.jpg 199w\" sizes=\"(max-width: 317px) 100vw, 317px\" \/><p id=\"caption-attachment-658\" class=\"wp-caption-text\">Orchis alpestre (Dactylorhiza alpestris) ? - d\u00e9tail<\/p><\/div>\n<div id=\"attachment_659\" style=\"width: 688px\" class=\"wp-caption alignnone\"><img aria-describedby=\"caption-attachment-659\" decoding=\"async\" loading=\"lazy\" src=\"\/\/www.escapades-photographiques.ch\/Site\/blog\/..\/blog.uploads\/2012\/07\/033_2012-06-30_5DmII.jpg\" alt=\"\" title=\"Pic de Rochebrune (3320m) apr\u00e8s les escarpements du sentier du fort de la Lausette\" width=\"678\" height=\"452\" class=\"size-full wp-image-659\" srcset=\"https:\/\/www.escapades-photographiques.ch\/Site\/blog\/..\/blog.uploads\/2012\/07\/033_2012-06-30_5DmII.jpg 678w, https:\/\/www.escapades-photographiques.ch\/Site\/blog\/..\/blog.uploads\/2012\/07\/033_2012-06-30_5DmII-300x200.jpg 300w\" sizes=\"(max-width: 678px) 100vw, 678px\" \/><p id=\"caption-attachment-659\" class=\"wp-caption-text\">Pic de Rochebrune (3320m) apr\u00e8s les escarpements du sentier du fort de la Lausette<\/p><\/div>\n<div id=\"attachment_660\" style=\"width: 688px\" class=\"wp-caption alignnone\"><img aria-describedby=\"caption-attachment-660\" decoding=\"async\" loading=\"lazy\" src=\"\/\/www.escapades-photographiques.ch\/Site\/blog\/..\/blog.uploads\/2012\/07\/037_2012-06-30_5DmII.jpg\" alt=\"\" title=\"Aster des Alpes (Aster alpinus)\" width=\"678\" height=\"452\" class=\"size-full wp-image-660\" srcset=\"https:\/\/www.escapades-photographiques.ch\/Site\/blog\/..\/blog.uploads\/2012\/07\/037_2012-06-30_5DmII.jpg 678w, https:\/\/www.escapades-photographiques.ch\/Site\/blog\/..\/blog.uploads\/2012\/07\/037_2012-06-30_5DmII-300x200.jpg 300w\" sizes=\"(max-width: 678px) 100vw, 678px\" \/><p id=\"caption-attachment-660\" class=\"wp-caption-text\">Aster des Alpes (Aster alpinus)<\/p><\/div>\n<div id=\"attachment_661\" style=\"width: 688px\" class=\"wp-caption alignnone\"><img aria-describedby=\"caption-attachment-661\" decoding=\"async\" loading=\"lazy\" src=\"\/\/www.escapades-photographiques.ch\/Site\/blog\/..\/blog.uploads\/2012\/07\/044_2012-06-30_5DmII.jpg\" alt=\"\" title=\"La nature reprend ses droits au fort de la Lausette\" width=\"678\" height=\"452\" class=\"size-full wp-image-661\" srcset=\"https:\/\/www.escapades-photographiques.ch\/Site\/blog\/..\/blog.uploads\/2012\/07\/044_2012-06-30_5DmII.jpg 678w, https:\/\/www.escapades-photographiques.ch\/Site\/blog\/..\/blog.uploads\/2012\/07\/044_2012-06-30_5DmII-300x200.jpg 300w\" sizes=\"(max-width: 678px) 100vw, 678px\" \/><p id=\"caption-attachment-661\" class=\"wp-caption-text\">La nature reprend ses droits au fort de la Lausette<\/p><\/div>\n","protected":false},"excerpt":{"rendered":"<p>Rando entre gites et refuges dans le Queyras fin juin. Grand beau temps avec quelques passages nuageux lundi 25 juin et beaucoup de vent depuis ce jour ce qui n&rsquo;a pas facilit\u00e9 les prises de vues \u00ab\u00a0macro\u00a0\u00bb&nbsp;! Un floril\u00e8ge de plantes en fleurs comme si elles avaient attendu le beau temps pour fleurir. Il y <a href='https:\/\/www.escapades-photographiques.ch\/Site\/blog\/2012\/flore\/trek-hautes-alpes-queyras\/' class='excerpt-more'>[&#8230;]<\/a><\/p>\n","protected":false},"author":1,"featured_media":0,"comment_status":"open","ping_status":"open","sticky":false,"template":"","format":"standard","meta":{"footnotes":""},"categories":[52,41,204],"tags":[195,196,153,154,203,202,156,155,139,138,171,170,186,134,141,137,132,129,178,176,184,115,197,198,193,194,189,190,145,120,159,143,150,151,131,136,148,130,135,201,144,164,165,173,172,179,180,152,46,157,158,177,50,175,181,185,113,92,91,168,121,183,174,162,188,187,239,192,191,142,147,128,146,167,166,161,160,133,90,89,200,199,140,149,182,163],"_links":{"self":[{"href":"https:\/\/www.escapades-photographiques.ch\/Site\/blog\/wp-json\/wp\/v2\/posts\/580"}],"collection":[{"href":"https:\/\/www.escapades-photographiques.ch\/Site\/blog\/wp-json\/wp\/v2\/posts"}],"about":[{"href":"https:\/\/www.escapades-photographiques.ch\/Site\/blog\/wp-json\/wp\/v2\/types\/post"}],"author":[{"embeddable":true,"href":"https:\/\/www.escapades-photographiques.ch\/Site\/blog\/wp-json\/wp\/v2\/users\/1"}],"replies":[{"embeddable":true,"href":"https:\/\/www.escapades-photographiques.ch\/Site\/blog\/wp-json\/wp\/v2\/comments?post=580"}],"version-history":[{"count":55,"href":"https:\/\/www.escapades-photographiques.ch\/Site\/blog\/wp-json\/wp\/v2\/posts\/580\/revisions"}],"predecessor-version":[{"id":916,"href":"https:\/\/www.escapades-photographiques.ch\/Site\/blog\/wp-json\/wp\/v2\/posts\/580\/revisions\/916"}],"wp:attachment":[{"href":"https:\/\/www.escapades-photographiques.ch\/Site\/blog\/wp-json\/wp\/v2\/media?parent=580"}],"wp:term":[{"taxonomy":"category","embeddable":true,"href":"https:\/\/www.escapades-photographiques.ch\/Site\/blog\/wp-json\/wp\/v2\/categories?post=580"},{"taxonomy":"post_tag","embeddable":true,"href":"https:\/\/www.escapades-photographiques.ch\/Site\/blog\/wp-json\/wp\/v2\/tags?post=580"}],"curies":[{"name":"wp","href":"https:\/\/api.w.org\/{rel}","templated":true}]}}