{"id":751,"date":"2012-07-10T22:51:11","date_gmt":"2012-07-10T20:51:11","guid":{"rendered":"http:\/\/www.escapades-photographiques.ch\/Site\/blog\/?p=751"},"modified":"2012-07-15T10:18:59","modified_gmt":"2012-07-15T08:18:59","slug":"ophrys-eliator-dans-le-canton-de-geneve","status":"publish","type":"post","link":"https:\/\/www.escapades-photographiques.ch\/Site\/blog\/2012\/flore\/ophrys-eliator-dans-le-canton-de-geneve\/","title":{"rendered":"Ophrys \u00e9lev\u00e9 (Ophrys elatior) dans le canton de Gen\u00e8ve"},"content":{"rendered":"<p>Premi\u00e8re rencontre avec le rare Ophrys \u00e9lev\u00e9 (Ophrys elatior) qui fleuri tardivement. Photographi\u00e9 dans le canton de Gen\u00e8ve le dimanche 8 juillet.<\/p>\n<div id=\"attachment_724\" style=\"width: 327px\" class=\"wp-caption alignleft\"><img aria-describedby=\"caption-attachment-724\" decoding=\"async\" loading=\"lazy\" src=\"\/\/www.escapades-photographiques.ch\/Site\/blog\/..\/blog.uploads\/2012\/07\/044_2012-07-08_5DmII.jpg\" alt=\"\" title=\"Premier pied\" width=\"317\" height=\"476\" class=\"size-full wp-image-724\" srcset=\"https:\/\/www.escapades-photographiques.ch\/Site\/blog\/..\/blog.uploads\/2012\/07\/044_2012-07-08_5DmII.jpg 317w, https:\/\/www.escapades-photographiques.ch\/Site\/blog\/..\/blog.uploads\/2012\/07\/044_2012-07-08_5DmII-199x300.jpg 199w\" sizes=\"(max-width: 317px) 100vw, 317px\" \/><p id=\"caption-attachment-724\" class=\"wp-caption-text\">Premier pied<\/p><\/div>\n<div id=\"attachment_725\" style=\"width: 327px\" class=\"wp-caption alignleft\"><img aria-describedby=\"caption-attachment-725\" decoding=\"async\" loading=\"lazy\" src=\"\/\/www.escapades-photographiques.ch\/Site\/blog\/..\/blog.uploads\/2012\/07\/064_2012-07-08_5DmII.jpg\" alt=\"\" title=\"Premier pied - d\u00e9tail\" width=\"317\" height=\"476\" class=\"size-full wp-image-725\" srcset=\"https:\/\/www.escapades-photographiques.ch\/Site\/blog\/..\/blog.uploads\/2012\/07\/064_2012-07-08_5DmII.jpg 317w, https:\/\/www.escapades-photographiques.ch\/Site\/blog\/..\/blog.uploads\/2012\/07\/064_2012-07-08_5DmII-199x300.jpg 199w\" sizes=\"(max-width: 317px) 100vw, 317px\" \/><p id=\"caption-attachment-725\" class=\"wp-caption-text\">Premier pied - d\u00e9tail<\/p><\/div>\n<div id=\"attachment_729\" style=\"width: 327px\" class=\"wp-caption alignleft\"><img aria-describedby=\"caption-attachment-729\" decoding=\"async\" loading=\"lazy\" src=\"\/\/www.escapades-photographiques.ch\/Site\/blog\/..\/blog.uploads\/2012\/07\/109_2012-07-08_5DmII.jpg\" alt=\"\" title=\"Deuxi\u00e8me pied\" width=\"317\" height=\"476\" class=\"size-full wp-image-729\" srcset=\"https:\/\/www.escapades-photographiques.ch\/Site\/blog\/..\/blog.uploads\/2012\/07\/109_2012-07-08_5DmII.jpg 317w, https:\/\/www.escapades-photographiques.ch\/Site\/blog\/..\/blog.uploads\/2012\/07\/109_2012-07-08_5DmII-199x300.jpg 199w\" sizes=\"(max-width: 317px) 100vw, 317px\" \/><p id=\"caption-attachment-729\" class=\"wp-caption-text\">Deuxi\u00e8me pied<\/p><\/div>\n<div id=\"attachment_728\" style=\"width: 327px\" class=\"wp-caption alignleft\"><img aria-describedby=\"caption-attachment-728\" decoding=\"async\" loading=\"lazy\" src=\"\/\/www.escapades-photographiques.ch\/Site\/blog\/..\/blog.uploads\/2012\/07\/096_2012-07-08_5DmII.jpg\" alt=\"\" title=\"Deuxi\u00e8me pied\" width=\"317\" height=\"476\" class=\"size-full wp-image-728\" srcset=\"https:\/\/www.escapades-photographiques.ch\/Site\/blog\/..\/blog.uploads\/2012\/07\/096_2012-07-08_5DmII.jpg 317w, https:\/\/www.escapades-photographiques.ch\/Site\/blog\/..\/blog.uploads\/2012\/07\/096_2012-07-08_5DmII-199x300.jpg 199w\" sizes=\"(max-width: 317px) 100vw, 317px\" \/><p id=\"caption-attachment-728\" class=\"wp-caption-text\">Deuxi\u00e8me pied<\/p><\/div>\n<div id=\"attachment_726\" style=\"width: 327px\" class=\"wp-caption alignleft\"><img aria-describedby=\"caption-attachment-726\" decoding=\"async\" loading=\"lazy\" src=\"\/\/www.escapades-photographiques.ch\/Site\/blog\/..\/blog.uploads\/2012\/07\/082_2012-07-08_5DmII.jpg\" alt=\"\" title=\"Deuxi\u00e8me pied\" width=\"317\" height=\"476\" class=\"size-full wp-image-726\" srcset=\"https:\/\/www.escapades-photographiques.ch\/Site\/blog\/..\/blog.uploads\/2012\/07\/082_2012-07-08_5DmII.jpg 317w, https:\/\/www.escapades-photographiques.ch\/Site\/blog\/..\/blog.uploads\/2012\/07\/082_2012-07-08_5DmII-199x300.jpg 199w\" sizes=\"(max-width: 317px) 100vw, 317px\" \/><p id=\"caption-attachment-726\" class=\"wp-caption-text\">Deuxi\u00e8me pied<\/p><\/div>\n<div id=\"attachment_727\" style=\"width: 327px\" class=\"wp-caption alignleft\"><img aria-describedby=\"caption-attachment-727\" decoding=\"async\" loading=\"lazy\" src=\"\/\/www.escapades-photographiques.ch\/Site\/blog\/..\/blog.uploads\/2012\/07\/093_2012-07-08_5DmII.jpg\" alt=\"\" title=\"Deuxi\u00e8me pied - d\u00e9tail\" width=\"317\" height=\"476\" class=\"size-full wp-image-727\" srcset=\"https:\/\/www.escapades-photographiques.ch\/Site\/blog\/..\/blog.uploads\/2012\/07\/093_2012-07-08_5DmII.jpg 317w, https:\/\/www.escapades-photographiques.ch\/Site\/blog\/..\/blog.uploads\/2012\/07\/093_2012-07-08_5DmII-199x300.jpg 199w\" sizes=\"(max-width: 317px) 100vw, 317px\" \/><p id=\"caption-attachment-727\" class=\"wp-caption-text\">Deuxi\u00e8me pied - d\u00e9tail<\/p><\/div>\n<div id=\"attachment_731\" style=\"width: 327px\" class=\"wp-caption alignleft\"><img aria-describedby=\"caption-attachment-731\" decoding=\"async\" loading=\"lazy\" src=\"\/\/www.escapades-photographiques.ch\/Site\/blog\/..\/blog.uploads\/2012\/07\/125_2012-07-08_5DmII.jpg\" alt=\"\" title=\"Troisi\u00e8me pied\" width=\"317\" height=\"476\" class=\"size-full wp-image-731\" srcset=\"https:\/\/www.escapades-photographiques.ch\/Site\/blog\/..\/blog.uploads\/2012\/07\/125_2012-07-08_5DmII.jpg 317w, https:\/\/www.escapades-photographiques.ch\/Site\/blog\/..\/blog.uploads\/2012\/07\/125_2012-07-08_5DmII-199x300.jpg 199w\" sizes=\"(max-width: 317px) 100vw, 317px\" \/><p id=\"caption-attachment-731\" class=\"wp-caption-text\">Troisi\u00e8me pied<\/p><\/div>\n<div id=\"attachment_730\" style=\"width: 327px\" class=\"wp-caption alignleft\"><img aria-describedby=\"caption-attachment-730\" decoding=\"async\" loading=\"lazy\" src=\"\/\/www.escapades-photographiques.ch\/Site\/blog\/..\/blog.uploads\/2012\/07\/117_2012-07-08_5DmII.jpg\" alt=\"\" title=\"Troisi\u00e8me pied\" width=\"317\" height=\"476\" class=\"size-full wp-image-730\" srcset=\"https:\/\/www.escapades-photographiques.ch\/Site\/blog\/..\/blog.uploads\/2012\/07\/117_2012-07-08_5DmII.jpg 317w, https:\/\/www.escapades-photographiques.ch\/Site\/blog\/..\/blog.uploads\/2012\/07\/117_2012-07-08_5DmII-199x300.jpg 199w\" sizes=\"(max-width: 317px) 100vw, 317px\" \/><p id=\"caption-attachment-730\" class=\"wp-caption-text\">Troisi\u00e8me pied<\/p><\/div>\n<div id=\"attachment_733\" style=\"width: 327px\" class=\"wp-caption alignleft\"><img aria-describedby=\"caption-attachment-733\" decoding=\"async\" loading=\"lazy\" src=\"\/\/www.escapades-photographiques.ch\/Site\/blog\/..\/blog.uploads\/2012\/07\/138_2012-07-08_5DmII.jpg\" alt=\"\" title=\"Troisi\u00e8me pied\" width=\"317\" height=\"476\" class=\"size-full wp-image-733\" srcset=\"https:\/\/www.escapades-photographiques.ch\/Site\/blog\/..\/blog.uploads\/2012\/07\/138_2012-07-08_5DmII.jpg 317w, https:\/\/www.escapades-photographiques.ch\/Site\/blog\/..\/blog.uploads\/2012\/07\/138_2012-07-08_5DmII-199x300.jpg 199w\" sizes=\"(max-width: 317px) 100vw, 317px\" \/><p id=\"caption-attachment-733\" class=\"wp-caption-text\">Troisi\u00e8me pied<\/p><\/div>\n<div id=\"attachment_732\" style=\"width: 327px\" class=\"wp-caption alignleft\"><img aria-describedby=\"caption-attachment-732\" decoding=\"async\" loading=\"lazy\" src=\"\/\/www.escapades-photographiques.ch\/Site\/blog\/..\/blog.uploads\/2012\/07\/129_2012-07-08_5DmII.jpg\" alt=\"\" title=\"Troisi\u00e8me pied - d\u00e9tail\" width=\"317\" height=\"476\" class=\"size-full wp-image-732\" srcset=\"https:\/\/www.escapades-photographiques.ch\/Site\/blog\/..\/blog.uploads\/2012\/07\/129_2012-07-08_5DmII.jpg 317w, https:\/\/www.escapades-photographiques.ch\/Site\/blog\/..\/blog.uploads\/2012\/07\/129_2012-07-08_5DmII-199x300.jpg 199w\" sizes=\"(max-width: 317px) 100vw, 317px\" \/><p id=\"caption-attachment-732\" class=\"wp-caption-text\">Troisi\u00e8me pied - d\u00e9tail<\/p><\/div>\n<p><br style=\"clear: both;\" \/><\/p>\n","protected":false},"excerpt":{"rendered":"<p>Premi\u00e8re rencontre avec le rare Ophrys \u00e9lev\u00e9 (Ophrys elatior) qui fleuri tardivement. Photographi\u00e9 dans le canton de Gen\u00e8ve le dimanche 8 juillet.<\/p>\n","protected":false},"author":1,"featured_media":0,"comment_status":"open","ping_status":"open","sticky":false,"template":"","format":"standard","meta":{"footnotes":""},"categories":[41],"tags":[214,212,213],"_links":{"self":[{"href":"https:\/\/www.escapades-photographiques.ch\/Site\/blog\/wp-json\/wp\/v2\/posts\/751"}],"collection":[{"href":"https:\/\/www.escapades-photographiques.ch\/Site\/blog\/wp-json\/wp\/v2\/posts"}],"about":[{"href":"https:\/\/www.escapades-photographiques.ch\/Site\/blog\/wp-json\/wp\/v2\/types\/post"}],"author":[{"embeddable":true,"href":"https:\/\/www.escapades-photographiques.ch\/Site\/blog\/wp-json\/wp\/v2\/users\/1"}],"replies":[{"embeddable":true,"href":"https:\/\/www.escapades-photographiques.ch\/Site\/blog\/wp-json\/wp\/v2\/comments?post=751"}],"version-history":[{"count":13,"href":"https:\/\/www.escapades-photographiques.ch\/Site\/blog\/wp-json\/wp\/v2\/posts\/751\/revisions"}],"predecessor-version":[{"id":771,"href":"https:\/\/www.escapades-photographiques.ch\/Site\/blog\/wp-json\/wp\/v2\/posts\/751\/revisions\/771"}],"wp:attachment":[{"href":"https:\/\/www.escapades-photographiques.ch\/Site\/blog\/wp-json\/wp\/v2\/media?parent=751"}],"wp:term":[{"taxonomy":"category","embeddable":true,"href":"https:\/\/www.escapades-photographiques.ch\/Site\/blog\/wp-json\/wp\/v2\/categories?post=751"},{"taxonomy":"post_tag","embeddable":true,"href":"https:\/\/www.escapades-photographiques.ch\/Site\/blog\/wp-json\/wp\/v2\/tags?post=751"}],"curies":[{"name":"wp","href":"https:\/\/api.w.org\/{rel}","templated":true}]}}