{"id":804,"date":"2012-07-17T00:25:03","date_gmt":"2012-07-16T22:25:03","guid":{"rendered":"http:\/\/www.escapades-photographiques.ch\/Site\/blog\/?p=804"},"modified":"2012-07-17T00:53:37","modified_gmt":"2012-07-16T22:53:37","slug":"rando-au-dessus-du-lac-de-tanay","status":"publish","type":"post","link":"https:\/\/www.escapades-photographiques.ch\/Site\/blog\/2012\/flore\/rando-au-dessus-du-lac-de-tanay\/","title":{"rendered":"Randonn\u00e9e au-dessus du lac de Tanay"},"content":{"rendered":"<p>Randonn\u00e9e le samedi 14 juillet dans le Chablais valaisan au dessus du lac de Tanay autour du Grammont. Petit compte rendu en images (nombreuses plantes en fleurs).<\/p>\n<p><strong>Mont\u00e9e au dessus du lac de Tanay<\/strong><\/p>\n<p>Les pr\u00e9s sont fleuris&#8230;<\/p>\n<div id=\"attachment_774\" style=\"width: 688px\" class=\"wp-caption alignnone\"><img aria-describedby=\"caption-attachment-774\" decoding=\"async\" loading=\"lazy\" src=\"\/\/www.escapades-photographiques.ch\/Site\/blog\/..\/blog.uploads\/2012\/07\/040_2012-07-14_5DmII.jpg\" alt=\"\" title=\"Lac de Tanay (partie est)\" width=\"678\" height=\"452\" class=\"size-full wp-image-774\" srcset=\"https:\/\/www.escapades-photographiques.ch\/Site\/blog\/..\/blog.uploads\/2012\/07\/040_2012-07-14_5DmII.jpg 678w, https:\/\/www.escapades-photographiques.ch\/Site\/blog\/..\/blog.uploads\/2012\/07\/040_2012-07-14_5DmII-300x200.jpg 300w\" sizes=\"(max-width: 678px) 100vw, 678px\" \/><p id=\"caption-attachment-774\" class=\"wp-caption-text\">Lac de Tanay (partie est)<\/p><\/div>\n<p><br style=\"clear: both;\" \/><br \/>\n<strong>Anacamptis de Tanay (Anacamptis pyramidalis subsp. tanayensis)<\/strong><\/p>\n<p>Orchid\u00e9es trouv\u00e9es \u00e0 des altitudes comprises entre 1600 et 1850m. Aire limit\u00e9e de r\u00e9partition aux Savoies et quelques cantons romands. Les pieds sont souvent regroup\u00e9s, jamais tr\u00e8s fr\u00e9quents et se trouvent plut\u00f4t dans des pentes herbeuses raides. Les fleurs sont rouge pourpre et la tige teint\u00e9e de pourpre.<\/p>\n<div id=\"attachment_773\" style=\"width: 327px\" class=\"wp-caption alignleft\"><img aria-describedby=\"caption-attachment-773\" decoding=\"async\" loading=\"lazy\" src=\"\/\/www.escapades-photographiques.ch\/Site\/blog\/..\/blog.uploads\/2012\/07\/033_2012-07-14_5DmII.jpg\" alt=\"\" title=\"Anacamptis pyramidalis subsp. tanayensis (Anacamptis de Tanay)\" width=\"317\" height=\"476\" class=\"size-full wp-image-773\" srcset=\"https:\/\/www.escapades-photographiques.ch\/Site\/blog\/..\/blog.uploads\/2012\/07\/033_2012-07-14_5DmII.jpg 317w, https:\/\/www.escapades-photographiques.ch\/Site\/blog\/..\/blog.uploads\/2012\/07\/033_2012-07-14_5DmII-199x300.jpg 199w\" sizes=\"(max-width: 317px) 100vw, 317px\" \/><p id=\"caption-attachment-773\" class=\"wp-caption-text\">&nbsp;<\/p><\/div>\n<div id=\"attachment_787\" style=\"width: 327px\" class=\"wp-caption alignleft\"><img aria-describedby=\"caption-attachment-787\" decoding=\"async\" loading=\"lazy\" src=\"\/\/www.escapades-photographiques.ch\/Site\/blog\/..\/blog.uploads\/2012\/07\/170_2012-07-14_5DmII.jpg\" alt=\"\" title=\"Anacamptis pyramidalis subsp. tanayensis (Anacamptis de Tanay)\" width=\"317\" height=\"476\" class=\"size-full wp-image-787\" srcset=\"https:\/\/www.escapades-photographiques.ch\/Site\/blog\/..\/blog.uploads\/2012\/07\/170_2012-07-14_5DmII.jpg 317w, https:\/\/www.escapades-photographiques.ch\/Site\/blog\/..\/blog.uploads\/2012\/07\/170_2012-07-14_5DmII-199x300.jpg 199w\" sizes=\"(max-width: 317px) 100vw, 317px\" \/><p id=\"caption-attachment-787\" class=\"wp-caption-text\">&nbsp;<\/p><\/div>\n<div id=\"attachment_776\" style=\"width: 327px\" class=\"wp-caption alignleft\"><img aria-describedby=\"caption-attachment-776\" decoding=\"async\" loading=\"lazy\" src=\"\/\/www.escapades-photographiques.ch\/Site\/blog\/..\/blog.uploads\/2012\/07\/081_2012-07-14_5DmII.jpg\" alt=\"\" title=\"Anacamptis pyramidalis subsp. tanayensis (Anacamptis de Tanay)\" width=\"317\" height=\"476\" class=\"size-full wp-image-776\" srcset=\"https:\/\/www.escapades-photographiques.ch\/Site\/blog\/..\/blog.uploads\/2012\/07\/081_2012-07-14_5DmII.jpg 317w, https:\/\/www.escapades-photographiques.ch\/Site\/blog\/..\/blog.uploads\/2012\/07\/081_2012-07-14_5DmII-199x300.jpg 199w\" sizes=\"(max-width: 317px) 100vw, 317px\" \/><p id=\"caption-attachment-776\" class=\"wp-caption-text\">&nbsp;<\/p><\/div>\n<div id=\"attachment_775\" style=\"width: 327px\" class=\"wp-caption alignleft\"><img aria-describedby=\"caption-attachment-775\" decoding=\"async\" loading=\"lazy\" src=\"\/\/www.escapades-photographiques.ch\/Site\/blog\/..\/blog.uploads\/2012\/07\/049_2012-07-14_5DmII.jpg\" alt=\"\" title=\"Anacamptis pyramidalis subsp. tanayensis (Anacamptis de Tanay)\" width=\"317\" height=\"476\" class=\"size-full wp-image-775\" srcset=\"https:\/\/www.escapades-photographiques.ch\/Site\/blog\/..\/blog.uploads\/2012\/07\/049_2012-07-14_5DmII.jpg 317w, https:\/\/www.escapades-photographiques.ch\/Site\/blog\/..\/blog.uploads\/2012\/07\/049_2012-07-14_5DmII-199x300.jpg 199w\" sizes=\"(max-width: 317px) 100vw, 317px\" \/><p id=\"caption-attachment-775\" class=\"wp-caption-text\">&nbsp;<\/p><\/div>\n<p><br style=\"clear: both;\" \/><br \/>\n<strong>Orchis vanille (Gymnadenia rhellicani)<\/strong><\/p>\n<p>Orchid\u00e9es nombreuses. A certains endroits, ils \u00e9taient hauts de plus de 20cm pour d\u00e9passer la v\u00e9g\u00e9tation environnante: bel exemple de \u00ab\u00a0r\u00e9flexe de survie\u00a0\u00bb.<\/p>\n<div id=\"attachment_772\" style=\"width: 327px\" class=\"wp-caption alignleft\"><img aria-describedby=\"caption-attachment-772\" decoding=\"async\" loading=\"lazy\" src=\"\/\/www.escapades-photographiques.ch\/Site\/blog\/..\/blog.uploads\/2012\/07\/007_2012-07-14_5DmII.jpg\" alt=\"\" title=\"Gymnadenia rhellicani (Orchis vanille)\" width=\"317\" height=\"476\" class=\"size-full wp-image-772\" srcset=\"https:\/\/www.escapades-photographiques.ch\/Site\/blog\/..\/blog.uploads\/2012\/07\/007_2012-07-14_5DmII.jpg 317w, https:\/\/www.escapades-photographiques.ch\/Site\/blog\/..\/blog.uploads\/2012\/07\/007_2012-07-14_5DmII-199x300.jpg 199w\" sizes=\"(max-width: 317px) 100vw, 317px\" \/><p id=\"caption-attachment-772\" class=\"wp-caption-text\">&nbsp;<\/p><\/div>\n<div id=\"attachment_830\" style=\"width: 327px\" class=\"wp-caption alignleft\"><img aria-describedby=\"caption-attachment-830\" decoding=\"async\" loading=\"lazy\" src=\"\/\/www.escapades-photographiques.ch\/Site\/blog\/..\/blog.uploads\/2012\/07\/210_2012-07-14_5DmII.jpg\" alt=\"\" title=\"Gymnadenia rhellicani (Orchis vanille)\" width=\"317\" height=\"476\" class=\"size-full wp-image-830\" srcset=\"https:\/\/www.escapades-photographiques.ch\/Site\/blog\/..\/blog.uploads\/2012\/07\/210_2012-07-14_5DmII.jpg 317w, https:\/\/www.escapades-photographiques.ch\/Site\/blog\/..\/blog.uploads\/2012\/07\/210_2012-07-14_5DmII-199x300.jpg 199w\" sizes=\"(max-width: 317px) 100vw, 317px\" \/><p id=\"caption-attachment-830\" class=\"wp-caption-text\">&nbsp;<\/p><\/div>\n<p><br style=\"clear: both;\" \/><br \/>\n<strong>Orchis globuleux (Traunsteinera globosa)<\/strong><\/p>\n<p>Orchis tr\u00e8s nombreux. Port tr\u00e8s \u00e9lanc\u00e9 parfois.<\/p>\n<div id=\"attachment_798\" style=\"width: 327px\" class=\"wp-caption alignleft\"><img aria-describedby=\"caption-attachment-798\" decoding=\"async\" loading=\"lazy\" src=\"\/\/www.escapades-photographiques.ch\/Site\/blog\/..\/blog.uploads\/2012\/07\/296_2012-07-14_5DmII.jpg\" alt=\"\" title=\"Traunsteinera globosa (Orchis globuleux)\" width=\"317\" height=\"476\" class=\"size-full wp-image-798\" srcset=\"https:\/\/www.escapades-photographiques.ch\/Site\/blog\/..\/blog.uploads\/2012\/07\/296_2012-07-14_5DmII.jpg 317w, https:\/\/www.escapades-photographiques.ch\/Site\/blog\/..\/blog.uploads\/2012\/07\/296_2012-07-14_5DmII-199x300.jpg 199w\" sizes=\"(max-width: 317px) 100vw, 317px\" \/><p id=\"caption-attachment-798\" class=\"wp-caption-text\">&nbsp;<\/p><\/div>\n<div id=\"attachment_799\" style=\"width: 327px\" class=\"wp-caption alignleft\"><img aria-describedby=\"caption-attachment-799\" decoding=\"async\" loading=\"lazy\" src=\"\/\/www.escapades-photographiques.ch\/Site\/blog\/..\/blog.uploads\/2012\/07\/309_2012-07-14_5DmII.jpg\" alt=\"\" title=\"Traunsteinera globosa (Orchis globuleux) - d\u00e9tail\" width=\"317\" height=\"476\" class=\"size-full wp-image-799\" srcset=\"https:\/\/www.escapades-photographiques.ch\/Site\/blog\/..\/blog.uploads\/2012\/07\/309_2012-07-14_5DmII.jpg 317w, https:\/\/www.escapades-photographiques.ch\/Site\/blog\/..\/blog.uploads\/2012\/07\/309_2012-07-14_5DmII-199x300.jpg 199w\" sizes=\"(max-width: 317px) 100vw, 317px\" \/><p id=\"caption-attachment-799\" class=\"wp-caption-text\">&nbsp;<\/p><\/div>\n<p><br style=\"clear: both;\" \/><br \/>\n<strong>Orchis br\u00fbl\u00e9 (Neotinea ustulata)<\/strong><\/p>\n<p>Vu qu&rsquo;un seul pied au dessus d&rsquo;un petit ressaut.<\/p>\n<div id=\"attachment_778\" style=\"width: 327px\" class=\"wp-caption alignleft\"><img aria-describedby=\"caption-attachment-778\" decoding=\"async\" loading=\"lazy\" src=\"\/\/www.escapades-photographiques.ch\/Site\/blog\/..\/blog.uploads\/2012\/07\/107_2012-07-14_5DmII.jpg\" alt=\"\" title=\"Neotinea ustulata (Orchis br\u00fbl\u00e9)\" width=\"317\" height=\"476\" class=\"size-full wp-image-778\" srcset=\"https:\/\/www.escapades-photographiques.ch\/Site\/blog\/..\/blog.uploads\/2012\/07\/107_2012-07-14_5DmII.jpg 317w, https:\/\/www.escapades-photographiques.ch\/Site\/blog\/..\/blog.uploads\/2012\/07\/107_2012-07-14_5DmII-199x300.jpg 199w\" sizes=\"(max-width: 317px) 100vw, 317px\" \/><p id=\"caption-attachment-778\" class=\"wp-caption-text\">&nbsp;<\/p><\/div>\n<div id=\"attachment_777\" style=\"width: 327px\" class=\"wp-caption alignleft\"><img aria-describedby=\"caption-attachment-777\" decoding=\"async\" loading=\"lazy\" src=\"\/\/www.escapades-photographiques.ch\/Site\/blog\/..\/blog.uploads\/2012\/07\/104_2012-07-14_5DmII.jpg\" alt=\"\" title=\"Neotinea ustulata (Orchis br\u00fbl\u00e9) - d\u00e9tail\" width=\"317\" height=\"476\" class=\"size-full wp-image-777\" srcset=\"https:\/\/www.escapades-photographiques.ch\/Site\/blog\/..\/blog.uploads\/2012\/07\/104_2012-07-14_5DmII.jpg 317w, https:\/\/www.escapades-photographiques.ch\/Site\/blog\/..\/blog.uploads\/2012\/07\/104_2012-07-14_5DmII-199x300.jpg 199w\" sizes=\"(max-width: 317px) 100vw, 317px\" \/><p id=\"caption-attachment-777\" class=\"wp-caption-text\">&nbsp;<\/p><\/div>\n<p><br style=\"clear: both;\" \/><br \/>\n<strong>Quelques paysages<\/strong><\/p>\n<div id=\"attachment_782\" style=\"width: 327px\" class=\"wp-caption alignleft\"><img aria-describedby=\"caption-attachment-782\" decoding=\"async\" loading=\"lazy\" src=\"\/\/www.escapades-photographiques.ch\/Site\/blog\/..\/blog.uploads\/2012\/07\/139_2012-07-14_5DmII.jpg\" alt=\"\" title=\"Ar\u00eate et sommet du Grammont (\u00e0 gauche vers la croix, 2172m)\" width=\"317\" height=\"476\" class=\"size-full wp-image-782\" srcset=\"https:\/\/www.escapades-photographiques.ch\/Site\/blog\/..\/blog.uploads\/2012\/07\/139_2012-07-14_5DmII.jpg 317w, https:\/\/www.escapades-photographiques.ch\/Site\/blog\/..\/blog.uploads\/2012\/07\/139_2012-07-14_5DmII-199x300.jpg 199w\" sizes=\"(max-width: 317px) 100vw, 317px\" \/><p id=\"caption-attachment-782\" class=\"wp-caption-text\">Ar\u00eate et sommet du Grammont (\u00e0 gauche vers la croix, 2172m)<\/p><\/div>\n<div id=\"attachment_794\" style=\"width: 327px\" class=\"wp-caption alignleft\"><img aria-describedby=\"caption-attachment-794\" decoding=\"async\" loading=\"lazy\" src=\"\/\/www.escapades-photographiques.ch\/Site\/blog\/..\/blog.uploads\/2012\/07\/237_2012-07-14_5DmII.jpg\" alt=\"\" title=\"Le village de Novel en Haute-Savoie en contrebas et le lac L\u00e9man au fond\" width=\"317\" height=\"476\" class=\"size-full wp-image-794\" srcset=\"https:\/\/www.escapades-photographiques.ch\/Site\/blog\/..\/blog.uploads\/2012\/07\/237_2012-07-14_5DmII.jpg 317w, https:\/\/www.escapades-photographiques.ch\/Site\/blog\/..\/blog.uploads\/2012\/07\/237_2012-07-14_5DmII-199x300.jpg 199w\" sizes=\"(max-width: 317px) 100vw, 317px\" \/><p id=\"caption-attachment-794\" class=\"wp-caption-text\">Le village de Novel en Haute-Savoie en contrebas et le lac L\u00e9man au fond<\/p><\/div>\n<div id=\"attachment_783\" style=\"width: 688px\" class=\"wp-caption alignnone\"><img aria-describedby=\"caption-attachment-783\" decoding=\"async\" loading=\"lazy\" src=\"\/\/www.escapades-photographiques.ch\/Site\/blog\/..\/blog.uploads\/2012\/07\/141_2012-07-14_5DmII.jpg\" alt=\"\" title=\"Les Jumelles (2212m et 2182m)\" width=\"678\" height=\"452\" class=\"size-full wp-image-783\" srcset=\"https:\/\/www.escapades-photographiques.ch\/Site\/blog\/..\/blog.uploads\/2012\/07\/141_2012-07-14_5DmII.jpg 678w, https:\/\/www.escapades-photographiques.ch\/Site\/blog\/..\/blog.uploads\/2012\/07\/141_2012-07-14_5DmII-300x200.jpg 300w\" sizes=\"(max-width: 678px) 100vw, 678px\" \/><p id=\"caption-attachment-783\" class=\"wp-caption-text\">Les Jumelles (2212m et 2182m)<\/p><\/div>\n<p>Arriv\u00e9e de nombreux nuages en milieu d&rsquo;apr\u00e8s-midi mais pas de pluie.<\/p>\n<div id=\"attachment_797\" style=\"width: 688px\" class=\"wp-caption alignnone\"><img aria-describedby=\"caption-attachment-797\" decoding=\"async\" loading=\"lazy\" src=\"\/\/www.escapades-photographiques.ch\/Site\/blog\/..\/blog.uploads\/2012\/07\/292_2012-07-14_5DmII.jpg\" alt=\"\" title=\"La Petite et Grande Miette au dessus du lac de Lovenex\" width=\"678\" height=\"449\" class=\"size-full wp-image-797\" srcset=\"https:\/\/www.escapades-photographiques.ch\/Site\/blog\/..\/blog.uploads\/2012\/07\/292_2012-07-14_5DmII.jpg 678w, https:\/\/www.escapades-photographiques.ch\/Site\/blog\/..\/blog.uploads\/2012\/07\/292_2012-07-14_5DmII-300x198.jpg 300w\" sizes=\"(max-width: 678px) 100vw, 678px\" \/><p id=\"caption-attachment-797\" class=\"wp-caption-text\">La Petite et Grande Miette au dessus du lac de Lovenex<\/p><\/div>\n<div id=\"attachment_842\" style=\"width: 688px\" class=\"wp-caption alignnone\"><img aria-describedby=\"caption-attachment-842\" decoding=\"async\" loading=\"lazy\" src=\"\/\/www.escapades-photographiques.ch\/Site\/blog\/..\/blog.uploads\/2012\/07\/270_2012-07-14_5DmII-272_2012-07-14_5DmII.jpg\" alt=\"\" title=\"Ch\u00e2teau d&#039;Oche et Dent d&#039;Oche depuis le col de la Croix au dessus du lac de Lovenex\" width=\"678\" height=\"184\" class=\"size-full wp-image-842\" srcset=\"https:\/\/www.escapades-photographiques.ch\/Site\/blog\/..\/blog.uploads\/2012\/07\/270_2012-07-14_5DmII-272_2012-07-14_5DmII.jpg 678w, https:\/\/www.escapades-photographiques.ch\/Site\/blog\/..\/blog.uploads\/2012\/07\/270_2012-07-14_5DmII-272_2012-07-14_5DmII-300x81.jpg 300w\" sizes=\"(max-width: 678px) 100vw, 678px\" \/><p id=\"caption-attachment-842\" class=\"wp-caption-text\">Ch\u00e2teau d&rsquo;Oche et Dent d&rsquo;Oche depuis le col de la Croix au dessus du lac de Lovenex<\/p><\/div>\n<p><br style=\"clear: both;\" \/><br \/>\n<strong>Quelques belles plantes \u00e0 fleurs<\/strong><\/p>\n<div id=\"attachment_779\" style=\"width: 327px\" class=\"wp-caption alignleft\"><img aria-describedby=\"caption-attachment-779\" decoding=\"async\" loading=\"lazy\" src=\"\/\/www.escapades-photographiques.ch\/Site\/blog\/..\/blog.uploads\/2012\/07\/113_2012-07-14_5DmII.jpg\" alt=\"\" title=\"Aster alpinus (Aster des Alpes)\" width=\"317\" height=\"476\" class=\"size-full wp-image-779\" srcset=\"https:\/\/www.escapades-photographiques.ch\/Site\/blog\/..\/blog.uploads\/2012\/07\/113_2012-07-14_5DmII.jpg 317w, https:\/\/www.escapades-photographiques.ch\/Site\/blog\/..\/blog.uploads\/2012\/07\/113_2012-07-14_5DmII-199x300.jpg 199w\" sizes=\"(max-width: 317px) 100vw, 317px\" \/><p id=\"caption-attachment-779\" class=\"wp-caption-text\">Aster alpinus (Aster des Alpes)<\/p><\/div>\n<div id=\"attachment_791\" style=\"width: 327px\" class=\"wp-caption alignleft\"><img aria-describedby=\"caption-attachment-791\" decoding=\"async\" loading=\"lazy\" src=\"\/\/www.escapades-photographiques.ch\/Site\/blog\/..\/blog.uploads\/2012\/07\/220_2012-07-14_5DmII.jpg\" alt=\"\" title=\"Campanula thyrsoides (Campanule en thyrse)\" width=\"317\" height=\"476\" class=\"size-full wp-image-791\" srcset=\"https:\/\/www.escapades-photographiques.ch\/Site\/blog\/..\/blog.uploads\/2012\/07\/220_2012-07-14_5DmII.jpg 317w, https:\/\/www.escapades-photographiques.ch\/Site\/blog\/..\/blog.uploads\/2012\/07\/220_2012-07-14_5DmII-199x300.jpg 199w\" sizes=\"(max-width: 317px) 100vw, 317px\" \/><p id=\"caption-attachment-791\" class=\"wp-caption-text\">Campanula thyrsoides (Campanule en thyrse)<\/p><\/div>\n<div id=\"attachment_784\" style=\"width: 688px\" class=\"wp-caption alignnone\"><img aria-describedby=\"caption-attachment-784\" decoding=\"async\" loading=\"lazy\" src=\"\/\/www.escapades-photographiques.ch\/Site\/blog\/..\/blog.uploads\/2012\/07\/145_2012-07-14_5DmII.jpg\" alt=\"\" title=\"Dianthus sylvestris et Aster alpinus (&#338;illet des rochers et Aster des Alpes)\" width=\"678\" height=\"452\" class=\"size-full wp-image-784\" srcset=\"https:\/\/www.escapades-photographiques.ch\/Site\/blog\/..\/blog.uploads\/2012\/07\/145_2012-07-14_5DmII.jpg 678w, https:\/\/www.escapades-photographiques.ch\/Site\/blog\/..\/blog.uploads\/2012\/07\/145_2012-07-14_5DmII-300x200.jpg 300w\" sizes=\"(max-width: 678px) 100vw, 678px\" \/><p id=\"caption-attachment-784\" class=\"wp-caption-text\">Dianthus sylvestris et Aster alpinus (&#338;illet des rochers et Aster des Alpes)<\/p><\/div>\n<div id=\"attachment_780\" style=\"width: 327px\" class=\"wp-caption alignleft\"><img aria-describedby=\"caption-attachment-780\" decoding=\"async\" loading=\"lazy\" src=\"\/\/www.escapades-photographiques.ch\/Site\/blog\/..\/blog.uploads\/2012\/07\/128_2012-07-14_5DmII.jpg\" alt=\"\" title=\"Lilium martagon (Lis martagon)\" width=\"317\" height=\"476\" class=\"size-full wp-image-780\" srcset=\"https:\/\/www.escapades-photographiques.ch\/Site\/blog\/..\/blog.uploads\/2012\/07\/128_2012-07-14_5DmII.jpg 317w, https:\/\/www.escapades-photographiques.ch\/Site\/blog\/..\/blog.uploads\/2012\/07\/128_2012-07-14_5DmII-199x300.jpg 199w\" sizes=\"(max-width: 317px) 100vw, 317px\" \/><p id=\"caption-attachment-780\" class=\"wp-caption-text\">Lilium martagon (Lis martagon)<\/p><\/div>\n<div id=\"attachment_792\" style=\"width: 327px\" class=\"wp-caption alignleft\"><img aria-describedby=\"caption-attachment-792\" decoding=\"async\" loading=\"lazy\" src=\"\/\/www.escapades-photographiques.ch\/Site\/blog\/..\/blog.uploads\/2012\/07\/228_2012-07-14_5DmII.jpg\" alt=\"\" title=\"Arnica montana (Arnica des montagnes)\" width=\"317\" height=\"476\" class=\"size-full wp-image-792\" srcset=\"https:\/\/www.escapades-photographiques.ch\/Site\/blog\/..\/blog.uploads\/2012\/07\/228_2012-07-14_5DmII.jpg 317w, https:\/\/www.escapades-photographiques.ch\/Site\/blog\/..\/blog.uploads\/2012\/07\/228_2012-07-14_5DmII-199x300.jpg 199w\" sizes=\"(max-width: 317px) 100vw, 317px\" \/><p id=\"caption-attachment-792\" class=\"wp-caption-text\">Arnica montana (Arnica des montagnes)<\/p><\/div>\n<div id=\"attachment_781\" style=\"width: 688px\" class=\"wp-caption alignnone\"><img aria-describedby=\"caption-attachment-781\" decoding=\"async\" loading=\"lazy\" src=\"\/\/www.escapades-photographiques.ch\/Site\/blog\/..\/blog.uploads\/2012\/07\/138_2012-07-14_5DmII.jpg\" alt=\"\" title=\"Lilium martagon (Lis martagon) - d\u00e9tail\" width=\"678\" height=\"452\" class=\"size-full wp-image-781\" srcset=\"https:\/\/www.escapades-photographiques.ch\/Site\/blog\/..\/blog.uploads\/2012\/07\/138_2012-07-14_5DmII.jpg 678w, https:\/\/www.escapades-photographiques.ch\/Site\/blog\/..\/blog.uploads\/2012\/07\/138_2012-07-14_5DmII-300x200.jpg 300w\" sizes=\"(max-width: 678px) 100vw, 678px\" \/><p id=\"caption-attachment-781\" class=\"wp-caption-text\">Lilium martagon (Lis martagon) &#8211; d\u00e9tail<\/p><\/div>\n<div id=\"attachment_793\" style=\"width: 327px\" class=\"wp-caption alignleft\"><img aria-describedby=\"caption-attachment-793\" decoding=\"async\" loading=\"lazy\" src=\"\/\/www.escapades-photographiques.ch\/Site\/blog\/..\/blog.uploads\/2012\/07\/233_2012-07-14_5DmII.jpg\" alt=\"\" title=\"Allium victorialis (Ail victoriale)\" width=\"317\" height=\"476\" class=\"size-full wp-image-793\" srcset=\"https:\/\/www.escapades-photographiques.ch\/Site\/blog\/..\/blog.uploads\/2012\/07\/233_2012-07-14_5DmII.jpg 317w, https:\/\/www.escapades-photographiques.ch\/Site\/blog\/..\/blog.uploads\/2012\/07\/233_2012-07-14_5DmII-199x300.jpg 199w\" sizes=\"(max-width: 317px) 100vw, 317px\" \/><p id=\"caption-attachment-793\" class=\"wp-caption-text\">Allium victorialis (Ail victoriale)<\/p><\/div>\n<div id=\"attachment_801\" style=\"width: 327px\" class=\"wp-caption alignleft\"><img aria-describedby=\"caption-attachment-801\" decoding=\"async\" loading=\"lazy\" src=\"\/\/www.escapades-photographiques.ch\/Site\/blog\/..\/blog.uploads\/2012\/07\/327_2012-07-14_5DmII.jpg\" alt=\"\" title=\"Campanula barbata (Campanule barbue)\" width=\"317\" height=\"476\" class=\"size-full wp-image-801\" srcset=\"https:\/\/www.escapades-photographiques.ch\/Site\/blog\/..\/blog.uploads\/2012\/07\/327_2012-07-14_5DmII.jpg 317w, https:\/\/www.escapades-photographiques.ch\/Site\/blog\/..\/blog.uploads\/2012\/07\/327_2012-07-14_5DmII-199x300.jpg 199w\" sizes=\"(max-width: 317px) 100vw, 317px\" \/><p id=\"caption-attachment-801\" class=\"wp-caption-text\">Campanula barbata (Campanule barbue)<\/p><\/div>\n<p>Encore des Pulsatilles des Alpes en fleur en versant plein nord et \u00e0 dix m\u00e8tres d&rsquo;un reste de n\u00e9v\u00e9 o\u00f9 fleurissent les derni\u00e8res soldanelles.<\/p>\n<div id=\"attachment_796\" style=\"width: 327px\" class=\"wp-caption alignleft\"><img aria-describedby=\"caption-attachment-796\" decoding=\"async\" loading=\"lazy\" src=\"\/\/www.escapades-photographiques.ch\/Site\/blog\/..\/blog.uploads\/2012\/07\/284_2012-07-14_5DmII.jpg\" alt=\"\" title=\"Pulsatilla alpina (Pulsatille des Alpes)\" width=\"317\" height=\"476\" class=\"size-full wp-image-796\" srcset=\"https:\/\/www.escapades-photographiques.ch\/Site\/blog\/..\/blog.uploads\/2012\/07\/284_2012-07-14_5DmII.jpg 317w, https:\/\/www.escapades-photographiques.ch\/Site\/blog\/..\/blog.uploads\/2012\/07\/284_2012-07-14_5DmII-199x300.jpg 199w\" sizes=\"(max-width: 317px) 100vw, 317px\" \/><p id=\"caption-attachment-796\" class=\"wp-caption-text\">Pulsatilla alpina (Pulsatille des Alpes)<\/p><\/div>\n<p><br style=\"clear: both;\" \/><br \/>\n<strong>Encore quelques orchid\u00e9es vues chemin faisant<\/strong><\/p>\n<div id=\"attachment_789\" style=\"width: 327px\" class=\"wp-caption alignleft\"><img aria-describedby=\"caption-attachment-789\" decoding=\"async\" loading=\"lazy\" src=\"\/\/www.escapades-photographiques.ch\/Site\/blog\/..\/blog.uploads\/2012\/07\/198_2012-07-14_5DmII.jpg\" alt=\"\" title=\"Dactylorhiza fuchsii (Orchis de Fuchs)\" width=\"317\" height=\"476\" class=\"size-full wp-image-789\" srcset=\"https:\/\/www.escapades-photographiques.ch\/Site\/blog\/..\/blog.uploads\/2012\/07\/198_2012-07-14_5DmII.jpg 317w, https:\/\/www.escapades-photographiques.ch\/Site\/blog\/..\/blog.uploads\/2012\/07\/198_2012-07-14_5DmII-199x300.jpg 199w\" sizes=\"(max-width: 317px) 100vw, 317px\" \/><p id=\"caption-attachment-789\" class=\"wp-caption-text\">Dactylorhiza fuchsii (Orchis de Fuchs)<\/p><\/div>\n<div id=\"attachment_788\" style=\"width: 327px\" class=\"wp-caption alignleft\"><img aria-describedby=\"caption-attachment-788\" decoding=\"async\" loading=\"lazy\" src=\"\/\/www.escapades-photographiques.ch\/Site\/blog\/..\/blog.uploads\/2012\/07\/178_2012-07-14_5DmII.jpg\" alt=\"\" title=\"Dactylorhiza fuchsii (Orchis de Fuchs) - blanc\" width=\"317\" height=\"476\" class=\"size-full wp-image-788\" srcset=\"https:\/\/www.escapades-photographiques.ch\/Site\/blog\/..\/blog.uploads\/2012\/07\/178_2012-07-14_5DmII.jpg 317w, https:\/\/www.escapades-photographiques.ch\/Site\/blog\/..\/blog.uploads\/2012\/07\/178_2012-07-14_5DmII-199x300.jpg 199w\" sizes=\"(max-width: 317px) 100vw, 317px\" \/><p id=\"caption-attachment-788\" class=\"wp-caption-text\">Dactylorhiza fuchsii (Orchis de Fuchs) &#8211; blanc<\/p><\/div>\n<div id=\"attachment_790\" style=\"width: 327px\" class=\"wp-caption alignleft\"><img aria-describedby=\"caption-attachment-790\" decoding=\"async\" loading=\"lazy\" src=\"\/\/www.escapades-photographiques.ch\/Site\/blog\/..\/blog.uploads\/2012\/07\/201_2012-07-14_5DmII.jpg\" alt=\"\" title=\"Gymnadenia conopsea (Orchis moucheron)\" width=\"317\" height=\"476\" class=\"size-full wp-image-790\" srcset=\"https:\/\/www.escapades-photographiques.ch\/Site\/blog\/..\/blog.uploads\/2012\/07\/201_2012-07-14_5DmII.jpg 317w, https:\/\/www.escapades-photographiques.ch\/Site\/blog\/..\/blog.uploads\/2012\/07\/201_2012-07-14_5DmII-199x300.jpg 199w\" sizes=\"(max-width: 317px) 100vw, 317px\" \/><p id=\"caption-attachment-790\" class=\"wp-caption-text\">Gymnadenia conopsea (Orchis moucheron)<\/p><\/div>\n<div id=\"attachment_785\" style=\"width: 327px\" class=\"wp-caption alignleft\"><img aria-describedby=\"caption-attachment-785\" decoding=\"async\" loading=\"lazy\" src=\"\/\/www.escapades-photographiques.ch\/Site\/blog\/..\/blog.uploads\/2012\/07\/154_2012-07-14_5DmII.jpg\" alt=\"\" title=\"Listera ovata (List\u00e8re ovale)\" width=\"317\" height=\"476\" class=\"size-full wp-image-785\" srcset=\"https:\/\/www.escapades-photographiques.ch\/Site\/blog\/..\/blog.uploads\/2012\/07\/154_2012-07-14_5DmII.jpg 317w, https:\/\/www.escapades-photographiques.ch\/Site\/blog\/..\/blog.uploads\/2012\/07\/154_2012-07-14_5DmII-199x300.jpg 199w\" sizes=\"(max-width: 317px) 100vw, 317px\" \/><p id=\"caption-attachment-785\" class=\"wp-caption-text\">Listera ovata (List\u00e8re ovale)<\/p><\/div>\n<div id=\"attachment_800\" style=\"width: 327px\" class=\"wp-caption alignleft\"><img aria-describedby=\"caption-attachment-800\" decoding=\"async\" loading=\"lazy\" src=\"\/\/www.escapades-photographiques.ch\/Site\/blog\/..\/blog.uploads\/2012\/07\/317_2012-07-14_5DmII.jpg\" alt=\"\" title=\"Coeloglossum viride (Orchis grenouille)\" width=\"317\" height=\"476\" class=\"size-full wp-image-800\" srcset=\"https:\/\/www.escapades-photographiques.ch\/Site\/blog\/..\/blog.uploads\/2012\/07\/317_2012-07-14_5DmII.jpg 317w, https:\/\/www.escapades-photographiques.ch\/Site\/blog\/..\/blog.uploads\/2012\/07\/317_2012-07-14_5DmII-199x300.jpg 199w\" sizes=\"(max-width: 317px) 100vw, 317px\" \/><p id=\"caption-attachment-800\" class=\"wp-caption-text\">Coeloglossum viride (Orchis grenouille)<\/p><\/div>\n<div id=\"attachment_803\" style=\"width: 327px\" class=\"wp-caption alignleft\"><img aria-describedby=\"caption-attachment-803\" decoding=\"async\" loading=\"lazy\" src=\"\/\/www.escapades-photographiques.ch\/Site\/blog\/..\/blog.uploads\/2012\/07\/341_2012-07-14_5DmII.jpg\" alt=\"\" title=\"Epipactis atrorubens (Epipactis pourpre noir\u00e2tre)\" width=\"317\" height=\"476\" class=\"size-full wp-image-803\" srcset=\"https:\/\/www.escapades-photographiques.ch\/Site\/blog\/..\/blog.uploads\/2012\/07\/341_2012-07-14_5DmII.jpg 317w, https:\/\/www.escapades-photographiques.ch\/Site\/blog\/..\/blog.uploads\/2012\/07\/341_2012-07-14_5DmII-199x300.jpg 199w\" sizes=\"(max-width: 317px) 100vw, 317px\" \/><p id=\"caption-attachment-803\" class=\"wp-caption-text\">Epipactis atrorubens (Epipactis pourpre noir\u00e2tre)<\/p><\/div>\n<p><br style=\"clear: both;\" \/><br \/>\n<strong>De nombreux bouquetins<\/strong><\/p>\n<p>De nombreux cabris aussi mais hors de port\u00e9e de mon objectif.<\/p>\n<div id=\"attachment_795\" style=\"width: 688px\" class=\"wp-caption alignnone\"><img aria-describedby=\"caption-attachment-795\" decoding=\"async\" loading=\"lazy\" src=\"\/\/www.escapades-photographiques.ch\/Site\/blog\/..\/blog.uploads\/2012\/07\/264_2012-07-14_5DmII.jpg\" alt=\"\" title=\"Troupeau de bouquetins\" width=\"678\" height=\"452\" class=\"size-full wp-image-795\" srcset=\"https:\/\/www.escapades-photographiques.ch\/Site\/blog\/..\/blog.uploads\/2012\/07\/264_2012-07-14_5DmII.jpg 678w, https:\/\/www.escapades-photographiques.ch\/Site\/blog\/..\/blog.uploads\/2012\/07\/264_2012-07-14_5DmII-300x200.jpg 300w\" sizes=\"(max-width: 678px) 100vw, 678px\" \/><p id=\"caption-attachment-795\" class=\"wp-caption-text\">Troupeau de bouquetins<\/p><\/div>\n<p><br style=\"clear: both;\" \/><br \/>\n<strong>Des vaches de la race d&rsquo;H\u00e9rens tr\u00e8s pacifiques<\/strong><\/p>\n<div id=\"attachment_802\" style=\"width: 688px\" class=\"wp-caption alignnone\"><img aria-describedby=\"caption-attachment-802\" decoding=\"async\" loading=\"lazy\" src=\"\/\/www.escapades-photographiques.ch\/Site\/blog\/..\/blog.uploads\/2012\/07\/335_2012-07-14_5DmII.jpg\" alt=\"\" title=\"Vaches de la race d&#039;H\u00e9rens\" width=\"678\" height=\"452\" class=\"size-full wp-image-802\" srcset=\"https:\/\/www.escapades-photographiques.ch\/Site\/blog\/..\/blog.uploads\/2012\/07\/335_2012-07-14_5DmII.jpg 678w, https:\/\/www.escapades-photographiques.ch\/Site\/blog\/..\/blog.uploads\/2012\/07\/335_2012-07-14_5DmII-300x200.jpg 300w\" sizes=\"(max-width: 678px) 100vw, 678px\" \/><p id=\"caption-attachment-802\" class=\"wp-caption-text\">Vaches de la race d&rsquo;H\u00e9rens<\/p><\/div>\n","protected":false},"excerpt":{"rendered":"<p>Randonn\u00e9e le samedi 14 juillet dans le Chablais valaisan au dessus du lac de Tanay autour du Grammont. Petit compte rendu en images (nombreuses plantes en fleurs). Mont\u00e9e au dessus du lac de Tanay Les pr\u00e9s sont fleuris&#8230; Anacamptis de Tanay (Anacamptis pyramidalis subsp. tanayensis) Orchid\u00e9es trouv\u00e9es \u00e0 des altitudes comprises entre 1600 et 1850m. <a href='https:\/\/www.escapades-photographiques.ch\/Site\/blog\/2012\/flore\/rando-au-dessus-du-lac-de-tanay\/' class='excerpt-more'>[&#8230;]<\/a><\/p>\n","protected":false},"author":1,"featured_media":0,"comment_status":"open","ping_status":"open","sticky":false,"template":"","format":"standard","meta":{"footnotes":""},"categories":[52,41,204],"tags":[233,232,220,218,219,231,230,203,202,236,234,224,225,215,186,108,226,207,208,217,120,222,216,228,229,57,235,46,223,227,50,109,181,185,121,221,192,191,182],"_links":{"self":[{"href":"https:\/\/www.escapades-photographiques.ch\/Site\/blog\/wp-json\/wp\/v2\/posts\/804"}],"collection":[{"href":"https:\/\/www.escapades-photographiques.ch\/Site\/blog\/wp-json\/wp\/v2\/posts"}],"about":[{"href":"https:\/\/www.escapades-photographiques.ch\/Site\/blog\/wp-json\/wp\/v2\/types\/post"}],"author":[{"embeddable":true,"href":"https:\/\/www.escapades-photographiques.ch\/Site\/blog\/wp-json\/wp\/v2\/users\/1"}],"replies":[{"embeddable":true,"href":"https:\/\/www.escapades-photographiques.ch\/Site\/blog\/wp-json\/wp\/v2\/comments?post=804"}],"version-history":[{"count":57,"href":"https:\/\/www.escapades-photographiques.ch\/Site\/blog\/wp-json\/wp\/v2\/posts\/804\/revisions"}],"predecessor-version":[{"id":863,"href":"https:\/\/www.escapades-photographiques.ch\/Site\/blog\/wp-json\/wp\/v2\/posts\/804\/revisions\/863"}],"wp:attachment":[{"href":"https:\/\/www.escapades-photographiques.ch\/Site\/blog\/wp-json\/wp\/v2\/media?parent=804"}],"wp:term":[{"taxonomy":"category","embeddable":true,"href":"https:\/\/www.escapades-photographiques.ch\/Site\/blog\/wp-json\/wp\/v2\/categories?post=804"},{"taxonomy":"post_tag","embeddable":true,"href":"https:\/\/www.escapades-photographiques.ch\/Site\/blog\/wp-json\/wp\/v2\/tags?post=804"}],"curies":[{"name":"wp","href":"https:\/\/api.w.org\/{rel}","templated":true}]}}