{"id":83,"date":"2012-04-11T21:00:20","date_gmt":"2012-04-11T20:00:20","guid":{"rendered":"http:\/\/www.escapades-photographiques.ch\/Site\/blog\/?p=83"},"modified":"2014-03-15T09:22:22","modified_gmt":"2014-03-15T08:22:22","slug":"montagne_reportage_album","status":"publish","type":"post","link":"https:\/\/www.escapades-photographiques.ch\/Site\/blog\/2012\/actualite\/montagne_reportage_album\/","title":{"rendered":"Publication sur le site de \u00ab Montagnes Reportages \u00bb d&rsquo;une version courte du r\u00e9cit photographique du trek que j&rsquo;ai effectu\u00e9 au N\u00e9pal durant l&rsquo;automne 2011"},"content":{"rendered":"<p style=\"text-align: justify;\">Vous pouvez retrouver un r\u00e9cit photographique condens\u00e9 du trek que j&rsquo;ai r\u00e9alis\u00e9 dans l&rsquo;Himalaya n\u00e9palais l&rsquo;automne pass\u00e9. Il se trouve sur le site de \u00ab\u00a0<a title=\"Montagnes Reportages\" href=\"http:\/\/yannick.michelat.free.fr\" target=\"_blank\">Montagnes Reportages<\/a>\u00a0\u00bb anim\u00e9 par Yannick Michelat.<\/p>\n<p style=\"text-align: justify;\">Lien direct au carnet de voyage <a title=\"Travers\u00e9e Mustang\/Naar\/Annapurna\" href=\"http:\/\/yannick.michelat.free.fr\/Mustang1.htm\" target=\"_blank\">ici<\/a>.<\/p>\n<p><img decoding=\"async\" loading=\"lazy\" class=\"wp-image-91 alignnone\" title=\"Mont\u00e9e spectaculaire dans \u00ab l'all\u00e9e des s\u00e9racs \u00bb pour atteindre le camp de la moraine \u00e0 5720m avant l'ascension du sommet du Saribung\" src=\"\/\/www.escapades-photographiques.ch\/Site\/blog\/..\/blog.uploads\/2012\/05\/044_2011-11-07_5DmII.jpg\" alt=\"\" width=\"678\" height=\"452\" \/><\/p>\n<p><em>A noter que:<br \/>\n<\/em><em> <\/em><\/p>\n<ul>\n<li><em>le site \u00ab\u00a0Montagnes Reportages\u00a0\u00bb est aussi accessible via Facebook en suivant ce <a title=\"Montagnes Reportages (Facebook)\" href=\"http:\/\/www.facebook.com\/pages\/Montagnes-Reportages\/190950907598708\" target=\"_blank\">lien<\/a>.<\/em><\/li>\n<\/ul>\n<ul>\n<li><em>le r\u00e9cit complet est toujours disponible sur mon site <a title=\"Mustang-Saribung-Phu-Naar, N\u00e9pal\" href=\"\/Voyages_reportages\/Nepal_2011\" target=\"_blank\">ici<\/a> (Galeries \u2192 Reportages photographiques <em>\u2192<\/em> Mustang-Saribung-Phu-Naar, N\u00e9pal)<\/em><\/li>\n<\/ul>\n","protected":false},"excerpt":{"rendered":"<p>Vous pouvez retrouver un r\u00e9cit photographique condens\u00e9 du trek que j&rsquo;ai r\u00e9alis\u00e9 dans l&rsquo;Himalaya n\u00e9palais l&rsquo;automne pass\u00e9. Il se trouve sur le site de \u00ab\u00a0Montagnes Reportages\u00a0\u00bb anim\u00e9 par Yannick Michelat. Lien direct au carnet de voyage ici. A noter que: le site \u00ab\u00a0Montagnes Reportages\u00a0\u00bb est aussi accessible via Facebook en suivant ce lien. le r\u00e9cit <a href='https:\/\/www.escapades-photographiques.ch\/Site\/blog\/2012\/actualite\/montagne_reportage_album\/' class='excerpt-more'>[&#8230;]<\/a><\/p>\n","protected":false},"author":1,"featured_media":0,"comment_status":"open","ping_status":"open","sticky":false,"template":"","format":"standard","meta":{"footnotes":""},"categories":[1],"tags":[24,26,25,16,20,23,19,22,21,18,17],"_links":{"self":[{"href":"https:\/\/www.escapades-photographiques.ch\/Site\/blog\/wp-json\/wp\/v2\/posts\/83"}],"collection":[{"href":"https:\/\/www.escapades-photographiques.ch\/Site\/blog\/wp-json\/wp\/v2\/posts"}],"about":[{"href":"https:\/\/www.escapades-photographiques.ch\/Site\/blog\/wp-json\/wp\/v2\/types\/post"}],"author":[{"embeddable":true,"href":"https:\/\/www.escapades-photographiques.ch\/Site\/blog\/wp-json\/wp\/v2\/users\/1"}],"replies":[{"embeddable":true,"href":"https:\/\/www.escapades-photographiques.ch\/Site\/blog\/wp-json\/wp\/v2\/comments?post=83"}],"version-history":[{"count":28,"href":"https:\/\/www.escapades-photographiques.ch\/Site\/blog\/wp-json\/wp\/v2\/posts\/83\/revisions"}],"predecessor-version":[{"id":2008,"href":"https:\/\/www.escapades-photographiques.ch\/Site\/blog\/wp-json\/wp\/v2\/posts\/83\/revisions\/2008"}],"wp:attachment":[{"href":"https:\/\/www.escapades-photographiques.ch\/Site\/blog\/wp-json\/wp\/v2\/media?parent=83"}],"wp:term":[{"taxonomy":"category","embeddable":true,"href":"https:\/\/www.escapades-photographiques.ch\/Site\/blog\/wp-json\/wp\/v2\/categories?post=83"},{"taxonomy":"post_tag","embeddable":true,"href":"https:\/\/www.escapades-photographiques.ch\/Site\/blog\/wp-json\/wp\/v2\/tags?post=83"}],"curies":[{"name":"wp","href":"https:\/\/api.w.org\/{rel}","templated":true}]}}