{"id":865,"date":"2012-08-14T21:37:45","date_gmt":"2012-08-14T19:37:45","guid":{"rendered":"http:\/\/www.escapades-photographiques.ch\/Site\/blog\/?p=865"},"modified":"2012-08-14T21:39:49","modified_gmt":"2012-08-14T19:39:49","slug":"spiranthes-aestivalis-et-dactylorhiza-savogiensis","status":"publish","type":"post","link":"https:\/\/www.escapades-photographiques.ch\/Site\/blog\/2012\/flore\/spiranthes-aestivalis-et-dactylorhiza-savogiensis\/","title":{"rendered":"Spiranthes aestivalis et Dactylorhiza savogiensis"},"content":{"rendered":"<p>Suite de la pr\u00e9sentation d&rsquo;esp\u00e8ces d&rsquo;orchid\u00e9es sauvages de nos r\u00e9gions.<\/p>\n<p><strong>Spiranthes aestivalis (Spiranthe d&rsquo;\u00e9t\u00e9)<\/strong><\/p>\n<p>Photographi\u00e9es le 21 juillet au dessus de Nyon dans une zone humide. Plante tr\u00e8s discr\u00e8te et tr\u00e8s rare en Suisse.<\/p>\n<div id=\"attachment_885\" style=\"width: 327px\" class=\"wp-caption alignleft\"><img aria-describedby=\"caption-attachment-885\" decoding=\"async\" loading=\"lazy\" src=\"\/\/www.escapades-photographiques.ch\/Site\/blog\/..\/blog.uploads\/2012\/08\/035_2012-07-21_5DmII.jpg\" alt=\"\" title=\"Spiranthes aestivalis (Spiranthe d&#039;\u00e9t\u00e9)\" width=\"317\" height=\"476\" class=\"size-full wp-image-885\" srcset=\"https:\/\/www.escapades-photographiques.ch\/Site\/blog\/..\/blog.uploads\/2012\/08\/035_2012-07-21_5DmII.jpg 317w, https:\/\/www.escapades-photographiques.ch\/Site\/blog\/..\/blog.uploads\/2012\/08\/035_2012-07-21_5DmII-199x300.jpg 199w\" sizes=\"(max-width: 317px) 100vw, 317px\" \/><p id=\"caption-attachment-885\" class=\"wp-caption-text\">&nbsp;<\/p><\/div>\n<div id=\"attachment_888\" style=\"width: 327px\" class=\"wp-caption alignleft\"><img aria-describedby=\"caption-attachment-888\" decoding=\"async\" loading=\"lazy\" src=\"\/\/www.escapades-photographiques.ch\/Site\/blog\/..\/blog.uploads\/2012\/08\/090_2012-07-21_5DmII.jpg\" alt=\"\" title=\"Spiranthes aestivalis (Spiranthe d&#039;\u00e9t\u00e9)\" width=\"317\" height=\"476\" class=\"size-full wp-image-888\" srcset=\"https:\/\/www.escapades-photographiques.ch\/Site\/blog\/..\/blog.uploads\/2012\/08\/090_2012-07-21_5DmII.jpg 317w, https:\/\/www.escapades-photographiques.ch\/Site\/blog\/..\/blog.uploads\/2012\/08\/090_2012-07-21_5DmII-199x300.jpg 199w\" sizes=\"(max-width: 317px) 100vw, 317px\" \/><p id=\"caption-attachment-888\" class=\"wp-caption-text\">&nbsp;<\/p><\/div>\n<div id=\"attachment_886\" style=\"width: 327px\" class=\"wp-caption alignleft\"><img aria-describedby=\"caption-attachment-886\" decoding=\"async\" loading=\"lazy\" src=\"\/\/www.escapades-photographiques.ch\/Site\/blog\/..\/blog.uploads\/2012\/08\/054_2012-07-21_5DmII.jpg\" alt=\"\" title=\"Spiranthes aestivalis (Spiranthe d&#039;\u00e9t\u00e9)\" width=\"317\" height=\"476\" class=\"size-full wp-image-886\" srcset=\"https:\/\/www.escapades-photographiques.ch\/Site\/blog\/..\/blog.uploads\/2012\/08\/054_2012-07-21_5DmII.jpg 317w, https:\/\/www.escapades-photographiques.ch\/Site\/blog\/..\/blog.uploads\/2012\/08\/054_2012-07-21_5DmII-199x300.jpg 199w\" sizes=\"(max-width: 317px) 100vw, 317px\" \/><p id=\"caption-attachment-886\" class=\"wp-caption-text\">&nbsp;<\/p><\/div>\n<div id=\"attachment_887\" style=\"width: 327px\" class=\"wp-caption alignleft\"><img aria-describedby=\"caption-attachment-887\" decoding=\"async\" loading=\"lazy\" src=\"\/\/www.escapades-photographiques.ch\/Site\/blog\/..\/blog.uploads\/2012\/08\/069_2012-07-21_5DmII_2.jpg\" alt=\"\" title=\"Spiranthes aestivalis (Spiranthe d&#039;\u00e9t\u00e9) - d\u00e9tail\" width=\"317\" height=\"476\" class=\"size-full wp-image-887\" srcset=\"https:\/\/www.escapades-photographiques.ch\/Site\/blog\/..\/blog.uploads\/2012\/08\/069_2012-07-21_5DmII_2.jpg 317w, https:\/\/www.escapades-photographiques.ch\/Site\/blog\/..\/blog.uploads\/2012\/08\/069_2012-07-21_5DmII_2-199x300.jpg 199w\" sizes=\"(max-width: 317px) 100vw, 317px\" \/><p id=\"caption-attachment-887\" class=\"wp-caption-text\">&nbsp;<\/p><\/div>\n<p><br style=\"clear: both;\" \/><br \/>\n<strong>Dactylorhiza savogiensis (Orchis de Savoie)<\/strong><\/p>\n<p>Photographi\u00e9es le 3 et 4 ao\u00fbt au dessus de Trient (Valais suisse) et dans la montagne de Pormenaz (Haute-Savoie). Reconnaissable \u00e0 ses grandes fleurs. Aire de r\u00e9partition localis\u00e9e mais abondante par place comme dans la montagne de Pormenaz au-dessus de Servoz. Biotope: tourbi\u00e8res et zones humides.<\/p>\n<div id=\"attachment_889\" style=\"width: 327px\" class=\"wp-caption alignleft\"><img aria-describedby=\"caption-attachment-889\" decoding=\"async\" loading=\"lazy\" src=\"\/\/www.escapades-photographiques.ch\/Site\/blog\/..\/blog.uploads\/2012\/08\/027_2012-08-03_5DmII.jpg\" alt=\"\" title=\"Dactylorhiza savogiensis (Orchis de Savoie)\" width=\"317\" height=\"476\" class=\"size-full wp-image-889\" srcset=\"https:\/\/www.escapades-photographiques.ch\/Site\/blog\/..\/blog.uploads\/2012\/08\/027_2012-08-03_5DmII.jpg 317w, https:\/\/www.escapades-photographiques.ch\/Site\/blog\/..\/blog.uploads\/2012\/08\/027_2012-08-03_5DmII-199x300.jpg 199w\" sizes=\"(max-width: 317px) 100vw, 317px\" \/><p id=\"caption-attachment-889\" class=\"wp-caption-text\">&nbsp;<\/p><\/div>\n<div id=\"attachment_890\" style=\"width: 327px\" class=\"wp-caption alignleft\"><img aria-describedby=\"caption-attachment-890\" decoding=\"async\" loading=\"lazy\" src=\"\/\/www.escapades-photographiques.ch\/Site\/blog\/..\/blog.uploads\/2012\/08\/041_2012-08-04_5DmII.jpg\" alt=\"\" title=\"Dactylorhiza savogiensis (Orchis de Savoie)\" width=\"317\" height=\"476\" class=\"size-full wp-image-890\" srcset=\"https:\/\/www.escapades-photographiques.ch\/Site\/blog\/..\/blog.uploads\/2012\/08\/041_2012-08-04_5DmII.jpg 317w, https:\/\/www.escapades-photographiques.ch\/Site\/blog\/..\/blog.uploads\/2012\/08\/041_2012-08-04_5DmII-199x300.jpg 199w\" sizes=\"(max-width: 317px) 100vw, 317px\" \/><p id=\"caption-attachment-890\" class=\"wp-caption-text\">&nbsp;<\/p><\/div>\n<div id=\"attachment_891\" style=\"width: 327px\" class=\"wp-caption alignleft\"><img aria-describedby=\"caption-attachment-891\" decoding=\"async\" loading=\"lazy\" src=\"\/\/www.escapades-photographiques.ch\/Site\/blog\/..\/blog.uploads\/2012\/08\/044_2012-08-04_5DmII.jpg\" alt=\"\" title=\"Dactylorhiza savogiensis (Orchis de Savoie)\" width=\"317\" height=\"476\" class=\"size-full wp-image-891\" srcset=\"https:\/\/www.escapades-photographiques.ch\/Site\/blog\/..\/blog.uploads\/2012\/08\/044_2012-08-04_5DmII.jpg 317w, https:\/\/www.escapades-photographiques.ch\/Site\/blog\/..\/blog.uploads\/2012\/08\/044_2012-08-04_5DmII-199x300.jpg 199w\" sizes=\"(max-width: 317px) 100vw, 317px\" \/><p id=\"caption-attachment-891\" class=\"wp-caption-text\">&nbsp;<\/p><\/div>\n<div id=\"attachment_892\" style=\"width: 327px\" class=\"wp-caption alignleft\"><img aria-describedby=\"caption-attachment-892\" decoding=\"async\" loading=\"lazy\" src=\"\/\/www.escapades-photographiques.ch\/Site\/blog\/..\/blog.uploads\/2012\/08\/056_2012-08-04_5DmII.jpg\" alt=\"\" title=\"Dactylorhiza savogiensis (Orchis de Savoie)\" width=\"317\" height=\"476\" class=\"size-full wp-image-892\" srcset=\"https:\/\/www.escapades-photographiques.ch\/Site\/blog\/..\/blog.uploads\/2012\/08\/056_2012-08-04_5DmII.jpg 317w, https:\/\/www.escapades-photographiques.ch\/Site\/blog\/..\/blog.uploads\/2012\/08\/056_2012-08-04_5DmII-199x300.jpg 199w\" sizes=\"(max-width: 317px) 100vw, 317px\" \/><p id=\"caption-attachment-892\" class=\"wp-caption-text\">&nbsp;<\/p><\/div>\n<div id=\"attachment_893\" style=\"width: 327px\" class=\"wp-caption alignleft\"><img aria-describedby=\"caption-attachment-893\" decoding=\"async\" loading=\"lazy\" src=\"\/\/www.escapades-photographiques.ch\/Site\/blog\/..\/blog.uploads\/2012\/08\/061_2012-08-04_5DmII.jpg\" alt=\"\" title=\"Dactylorhiza savogiensis (Orchis de Savoie)\" width=\"317\" height=\"476\" class=\"size-full wp-image-893\" srcset=\"https:\/\/www.escapades-photographiques.ch\/Site\/blog\/..\/blog.uploads\/2012\/08\/061_2012-08-04_5DmII.jpg 317w, https:\/\/www.escapades-photographiques.ch\/Site\/blog\/..\/blog.uploads\/2012\/08\/061_2012-08-04_5DmII-199x300.jpg 199w\" sizes=\"(max-width: 317px) 100vw, 317px\" \/><p id=\"caption-attachment-893\" class=\"wp-caption-text\">&nbsp;<\/p><\/div>\n<div id=\"attachment_894\" style=\"width: 327px\" class=\"wp-caption alignleft\"><img aria-describedby=\"caption-attachment-894\" decoding=\"async\" loading=\"lazy\" src=\"\/\/www.escapades-photographiques.ch\/Site\/blog\/..\/blog.uploads\/2012\/08\/063_2012-08-04_5DmII.jpg\" alt=\"\" title=\"Dactylorhiza savogiensis (Orchis de Savoie)\" width=\"317\" height=\"476\" class=\"size-full wp-image-894\" srcset=\"https:\/\/www.escapades-photographiques.ch\/Site\/blog\/..\/blog.uploads\/2012\/08\/063_2012-08-04_5DmII.jpg 317w, https:\/\/www.escapades-photographiques.ch\/Site\/blog\/..\/blog.uploads\/2012\/08\/063_2012-08-04_5DmII-199x300.jpg 199w\" sizes=\"(max-width: 317px) 100vw, 317px\" \/><p id=\"caption-attachment-894\" class=\"wp-caption-text\">&nbsp;<\/p><\/div>\n<div id=\"attachment_895\" style=\"width: 327px\" class=\"wp-caption alignleft\"><img aria-describedby=\"caption-attachment-895\" decoding=\"async\" loading=\"lazy\" src=\"\/\/www.escapades-photographiques.ch\/Site\/blog\/..\/blog.uploads\/2012\/08\/069_2012-08-04_5DmII.jpg\" alt=\"\" title=\"Dactylorhiza savogiensis (Orchis de Savoie)\" width=\"317\" height=\"476\" class=\"size-full wp-image-895\" srcset=\"https:\/\/www.escapades-photographiques.ch\/Site\/blog\/..\/blog.uploads\/2012\/08\/069_2012-08-04_5DmII.jpg 317w, https:\/\/www.escapades-photographiques.ch\/Site\/blog\/..\/blog.uploads\/2012\/08\/069_2012-08-04_5DmII-199x300.jpg 199w\" sizes=\"(max-width: 317px) 100vw, 317px\" \/><p id=\"caption-attachment-895\" class=\"wp-caption-text\">&nbsp;<\/p><\/div>\n<div id=\"attachment_896\" style=\"width: 327px\" class=\"wp-caption alignleft\"><img aria-describedby=\"caption-attachment-896\" decoding=\"async\" loading=\"lazy\" src=\"\/\/www.escapades-photographiques.ch\/Site\/blog\/..\/blog.uploads\/2012\/08\/095_2012-08-04_5DmII.jpg\" alt=\"\" title=\"Dactylorhiza savogiensis (Orchis de Savoie)\" width=\"317\" height=\"476\" class=\"size-full wp-image-896\" srcset=\"https:\/\/www.escapades-photographiques.ch\/Site\/blog\/..\/blog.uploads\/2012\/08\/095_2012-08-04_5DmII.jpg 317w, https:\/\/www.escapades-photographiques.ch\/Site\/blog\/..\/blog.uploads\/2012\/08\/095_2012-08-04_5DmII-199x300.jpg 199w\" sizes=\"(max-width: 317px) 100vw, 317px\" \/><p id=\"caption-attachment-896\" class=\"wp-caption-text\">&nbsp;<\/p><\/div>\n<div id=\"attachment_897\" style=\"width: 688px\" class=\"wp-caption alignnone\"><img aria-describedby=\"caption-attachment-897\" decoding=\"async\" loading=\"lazy\" src=\"\/\/www.escapades-photographiques.ch\/Site\/blog\/..\/blog.uploads\/2012\/08\/125_2012-08-04_5DmII.jpg\" alt=\"\" title=\"Aper\u00e7u du biotope de Dactylorhiza savogiensis (Orchis de Savoie)\" width=\"678\" height=\"451\" class=\"size-full wp-image-897\" srcset=\"https:\/\/www.escapades-photographiques.ch\/Site\/blog\/..\/blog.uploads\/2012\/08\/125_2012-08-04_5DmII.jpg 678w, https:\/\/www.escapades-photographiques.ch\/Site\/blog\/..\/blog.uploads\/2012\/08\/125_2012-08-04_5DmII-300x199.jpg 300w\" sizes=\"(max-width: 678px) 100vw, 678px\" \/><p id=\"caption-attachment-897\" class=\"wp-caption-text\">Aper\u00e7u du biotope de Dactylorhiza savogiensis (Orchis de Savoie)<\/p><\/div>\n<div id=\"attachment_898\" style=\"width: 327px\" class=\"wp-caption alignleft\"><img aria-describedby=\"caption-attachment-898\" decoding=\"async\" loading=\"lazy\" src=\"\/\/www.escapades-photographiques.ch\/Site\/blog\/..\/blog.uploads\/2012\/08\/128_2012-08-04_5DmII.jpg\" alt=\"\" title=\"Dactylorhiza savogiensis (Orchis de Savoie)\" width=\"317\" height=\"476\" class=\"size-full wp-image-898\" srcset=\"https:\/\/www.escapades-photographiques.ch\/Site\/blog\/..\/blog.uploads\/2012\/08\/128_2012-08-04_5DmII.jpg 317w, https:\/\/www.escapades-photographiques.ch\/Site\/blog\/..\/blog.uploads\/2012\/08\/128_2012-08-04_5DmII-199x300.jpg 199w\" sizes=\"(max-width: 317px) 100vw, 317px\" \/><p id=\"caption-attachment-898\" class=\"wp-caption-text\">&nbsp;<\/p><\/div>\n<div id=\"attachment_900\" style=\"width: 327px\" class=\"wp-caption alignleft\"><img aria-describedby=\"caption-attachment-900\" decoding=\"async\" loading=\"lazy\" src=\"\/\/www.escapades-photographiques.ch\/Site\/blog\/..\/blog.uploads\/2012\/08\/148_2012-08-04_5DmII.jpg\" alt=\"\" title=\"Pseudorchis albina (Orchis miel)\" width=\"317\" height=\"476\" class=\"size-full wp-image-900\" srcset=\"https:\/\/www.escapades-photographiques.ch\/Site\/blog\/..\/blog.uploads\/2012\/08\/148_2012-08-04_5DmII.jpg 317w, https:\/\/www.escapades-photographiques.ch\/Site\/blog\/..\/blog.uploads\/2012\/08\/148_2012-08-04_5DmII-199x300.jpg 199w\" sizes=\"(max-width: 317px) 100vw, 317px\" \/><p id=\"caption-attachment-900\" class=\"wp-caption-text\">Pseudorchis albida (Orchis miel)<\/p><\/div>\n<div id=\"attachment_899\" style=\"width: 688px\" class=\"wp-caption alignnone\"><img aria-describedby=\"caption-attachment-899\" decoding=\"async\" loading=\"lazy\" src=\"\/\/www.escapades-photographiques.ch\/Site\/blog\/..\/blog.uploads\/2012\/08\/140_2012-08-04_5DmII.jpg\" alt=\"\" title=\"Aper\u00e7u du biotope de Dactylorhiza savogiensis (Orchis de Savoie)\" width=\"678\" height=\"452\" class=\"size-full wp-image-899\" srcset=\"https:\/\/www.escapades-photographiques.ch\/Site\/blog\/..\/blog.uploads\/2012\/08\/140_2012-08-04_5DmII.jpg 678w, https:\/\/www.escapades-photographiques.ch\/Site\/blog\/..\/blog.uploads\/2012\/08\/140_2012-08-04_5DmII-300x200.jpg 300w\" sizes=\"(max-width: 678px) 100vw, 678px\" \/><p id=\"caption-attachment-899\" class=\"wp-caption-text\">Aper\u00e7u du biotope de Dactylorhiza savogiensis (Orchis de Savoie)<\/p><\/div>\n","protected":false},"excerpt":{"rendered":"<p>Suite de la pr\u00e9sentation d&rsquo;esp\u00e8ces d&rsquo;orchid\u00e9es sauvages de nos r\u00e9gions. Spiranthes aestivalis (Spiranthe d&rsquo;\u00e9t\u00e9) Photographi\u00e9es le 21 juillet au dessus de Nyon dans une zone humide. Plante tr\u00e8s discr\u00e8te et tr\u00e8s rare en Suisse. Dactylorhiza savogiensis (Orchis de Savoie) Photographi\u00e9es le 3 et 4 ao\u00fbt au dessus de Trient (Valais suisse) et dans la montagne <a href='https:\/\/www.escapades-photographiques.ch\/Site\/blog\/2012\/flore\/spiranthes-aestivalis-et-dactylorhiza-savogiensis\/' class='excerpt-more'>[&#8230;]<\/a><\/p>\n","protected":false},"author":1,"featured_media":0,"comment_status":"open","ping_status":"open","sticky":false,"template":"","format":"standard","meta":{"footnotes":""},"categories":[41],"tags":[237,65,240,238,168,239,242,241],"_links":{"self":[{"href":"https:\/\/www.escapades-photographiques.ch\/Site\/blog\/wp-json\/wp\/v2\/posts\/865"}],"collection":[{"href":"https:\/\/www.escapades-photographiques.ch\/Site\/blog\/wp-json\/wp\/v2\/posts"}],"about":[{"href":"https:\/\/www.escapades-photographiques.ch\/Site\/blog\/wp-json\/wp\/v2\/types\/post"}],"author":[{"embeddable":true,"href":"https:\/\/www.escapades-photographiques.ch\/Site\/blog\/wp-json\/wp\/v2\/users\/1"}],"replies":[{"embeddable":true,"href":"https:\/\/www.escapades-photographiques.ch\/Site\/blog\/wp-json\/wp\/v2\/comments?post=865"}],"version-history":[{"count":16,"href":"https:\/\/www.escapades-photographiques.ch\/Site\/blog\/wp-json\/wp\/v2\/posts\/865\/revisions"}],"predecessor-version":[{"id":913,"href":"https:\/\/www.escapades-photographiques.ch\/Site\/blog\/wp-json\/wp\/v2\/posts\/865\/revisions\/913"}],"wp:attachment":[{"href":"https:\/\/www.escapades-photographiques.ch\/Site\/blog\/wp-json\/wp\/v2\/media?parent=865"}],"wp:term":[{"taxonomy":"category","embeddable":true,"href":"https:\/\/www.escapades-photographiques.ch\/Site\/blog\/wp-json\/wp\/v2\/categories?post=865"},{"taxonomy":"post_tag","embeddable":true,"href":"https:\/\/www.escapades-photographiques.ch\/Site\/blog\/wp-json\/wp\/v2\/tags?post=865"}],"curies":[{"name":"wp","href":"https:\/\/api.w.org\/{rel}","templated":true}]}}