{"id":949,"date":"2012-12-09T23:08:10","date_gmt":"2012-12-09T21:08:10","guid":{"rendered":"http:\/\/www.escapades-photographiques.ch\/Site\/blog\/?p=949"},"modified":"2013-09-29T17:21:56","modified_gmt":"2013-09-29T15:21:56","slug":"automne-2012","status":"publish","type":"post","link":"https:\/\/www.escapades-photographiques.ch\/Site\/blog\/2012\/randonnee\/automne-2012\/","title":{"rendered":"Automne 2012"},"content":{"rendered":"<p>Petit r\u00e9sum\u00e9 en images de quelques randonn\u00e9es effectu\u00e9es dans nos Alpes ou le Jura cet automne (commentaires s&rsquo;affichant en d\u00e9pla\u00e7ant le curseur de la souris sur les images).<\/p>\n<p><strong>Mont\u00e9e \u00e0 la Dent de Vaulion &#8211; 1er d\u00e9cembre<\/strong><\/p>\n<p><img decoding=\"async\" loading=\"lazy\" src=\"\/\/www.escapades-photographiques.ch\/Site\/blog\/..\/blog.uploads\/2012\/12\/006_2012-12-01_5DmII.jpg\" alt=\"\" title=\"Mont\u00e9e \u00e0 la Dent de Vaulion\" width=\"678\" height=\"452\" class=\"aligncenter size-full wp-image-979\" srcset=\"https:\/\/www.escapades-photographiques.ch\/Site\/blog\/..\/blog.uploads\/2012\/12\/006_2012-12-01_5DmII.jpg 678w, https:\/\/www.escapades-photographiques.ch\/Site\/blog\/..\/blog.uploads\/2012\/12\/006_2012-12-01_5DmII-300x200.jpg 300w\" sizes=\"(max-width: 678px) 100vw, 678px\" \/><\/p>\n<p><img decoding=\"async\" loading=\"lazy\" src=\"\/\/www.escapades-photographiques.ch\/Site\/blog\/..\/blog.uploads\/2012\/12\/022_2012-12-01_5DmII.jpg\" alt=\"\" title=\"Mont\u00e9e \u00e0 la Dent de Vaulion\" width=\"678\" height=\"452\" class=\"aligncenter size-full wp-image-980\" srcset=\"https:\/\/www.escapades-photographiques.ch\/Site\/blog\/..\/blog.uploads\/2012\/12\/022_2012-12-01_5DmII.jpg 678w, https:\/\/www.escapades-photographiques.ch\/Site\/blog\/..\/blog.uploads\/2012\/12\/022_2012-12-01_5DmII-300x200.jpg 300w\" sizes=\"(max-width: 678px) 100vw, 678px\" \/><\/p>\n<p><img decoding=\"async\" loading=\"lazy\" src=\"\/\/www.escapades-photographiques.ch\/Site\/blog\/..\/blog.uploads\/2012\/12\/040_2012-12-01_5DmII_1.jpg\" alt=\"\" title=\"Vers le sommet de la Dent de Vaulion (Lac de joux)\" width=\"678\" height=\"452\" class=\"aligncenter size-full wp-image-982\" srcset=\"https:\/\/www.escapades-photographiques.ch\/Site\/blog\/..\/blog.uploads\/2012\/12\/040_2012-12-01_5DmII_1.jpg 678w, https:\/\/www.escapades-photographiques.ch\/Site\/blog\/..\/blog.uploads\/2012\/12\/040_2012-12-01_5DmII_1-300x200.jpg 300w\" sizes=\"(max-width: 678px) 100vw, 678px\" \/><\/p>\n<p><img decoding=\"async\" loading=\"lazy\" src=\"\/\/www.escapades-photographiques.ch\/Site\/blog\/..\/blog.uploads\/2012\/12\/056_2012-12-01_5DmII.jpg\" alt=\"\" title=\" Vers le sommet de la Dent de Vaulion au coucher du soleil\" width=\"678\" height=\"452\" class=\"aligncenter size-full wp-image-983\" srcset=\"https:\/\/www.escapades-photographiques.ch\/Site\/blog\/..\/blog.uploads\/2012\/12\/056_2012-12-01_5DmII.jpg 678w, https:\/\/www.escapades-photographiques.ch\/Site\/blog\/..\/blog.uploads\/2012\/12\/056_2012-12-01_5DmII-300x200.jpg 300w\" sizes=\"(max-width: 678px) 100vw, 678px\" \/><\/p>\n<p><img decoding=\"async\" loading=\"lazy\" src=\"\/\/www.escapades-photographiques.ch\/Site\/blog\/..\/blog.uploads\/2012\/12\/062_2012-12-01_5DmII.jpg\" alt=\"\" title=\" Vers le sommet de la Dent de Vaulion au coucher du soleil\" width=\"678\" height=\"452\" class=\"aligncenter size-full wp-image-984\" srcset=\"https:\/\/www.escapades-photographiques.ch\/Site\/blog\/..\/blog.uploads\/2012\/12\/062_2012-12-01_5DmII.jpg 678w, https:\/\/www.escapades-photographiques.ch\/Site\/blog\/..\/blog.uploads\/2012\/12\/062_2012-12-01_5DmII-300x200.jpg 300w\" sizes=\"(max-width: 678px) 100vw, 678px\" \/><\/p>\n<p><strong>Montagne de la Pendant vers Chamonix &#8211; 18 novembre<\/strong><\/p>\n<p><img decoding=\"async\" loading=\"lazy\" src=\"\/\/www.escapades-photographiques.ch\/Site\/blog\/..\/blog.uploads\/2012\/12\/013_2012-11-18_5DmII.jpg\" alt=\"\" title=\"Aiguilles rouges depuis la montagne de la Pendant\" width=\"678\" height=\"452\" class=\"aligncenter size-full wp-image-978\" srcset=\"https:\/\/www.escapades-photographiques.ch\/Site\/blog\/..\/blog.uploads\/2012\/12\/013_2012-11-18_5DmII.jpg 678w, https:\/\/www.escapades-photographiques.ch\/Site\/blog\/..\/blog.uploads\/2012\/12\/013_2012-11-18_5DmII-300x200.jpg 300w\" sizes=\"(max-width: 678px) 100vw, 678px\" \/><\/p>\n<p><strong>Mont\u00e9e au Lac de Pormenaz depuis le Mont au dessus de Servoz (Haute-Savoie) &#8211; 17 novembre<\/strong><\/p>\n<p><img decoding=\"async\" loading=\"lazy\" src=\"\/\/www.escapades-photographiques.ch\/Site\/blog\/..\/blog.uploads\/2012\/12\/001_2012-11-17_5DmII.jpg\" alt=\"\" title=\"Le Lac Vert vers Plaine Joux\" width=\"678\" height=\"452\" class=\"aligncenter size-full wp-image-972\" srcset=\"https:\/\/www.escapades-photographiques.ch\/Site\/blog\/..\/blog.uploads\/2012\/12\/001_2012-11-17_5DmII.jpg 678w, https:\/\/www.escapades-photographiques.ch\/Site\/blog\/..\/blog.uploads\/2012\/12\/001_2012-11-17_5DmII-300x200.jpg 300w\" sizes=\"(max-width: 678px) 100vw, 678px\" \/><\/p>\n<p><img decoding=\"async\" loading=\"lazy\" src=\"\/\/www.escapades-photographiques.ch\/Site\/blog\/..\/blog.uploads\/2012\/12\/007_2012-11-17_5DmII.jpg\" alt=\"\" title=\"Le Lac Vert vers Plaine Joux\" width=\"678\" height=\"452\" class=\"aligncenter size-full wp-image-973\" srcset=\"https:\/\/www.escapades-photographiques.ch\/Site\/blog\/..\/blog.uploads\/2012\/12\/007_2012-11-17_5DmII.jpg 678w, https:\/\/www.escapades-photographiques.ch\/Site\/blog\/..\/blog.uploads\/2012\/12\/007_2012-11-17_5DmII-300x200.jpg 300w\" sizes=\"(max-width: 678px) 100vw, 678px\" \/><\/p>\n<p><img decoding=\"async\" loading=\"lazy\" src=\"\/\/www.escapades-photographiques.ch\/Site\/blog\/..\/blog.uploads\/2012\/12\/010_2012-11-17_5DmII.jpg\" alt=\"\" title=\"Aiguilles rouges de Chamonix en montant au Refuge du col d&#039;Anterne\" width=\"678\" height=\"452\" class=\"aligncenter size-full wp-image-974\" srcset=\"https:\/\/www.escapades-photographiques.ch\/Site\/blog\/..\/blog.uploads\/2012\/12\/010_2012-11-17_5DmII.jpg 678w, https:\/\/www.escapades-photographiques.ch\/Site\/blog\/..\/blog.uploads\/2012\/12\/010_2012-11-17_5DmII-300x200.jpg 300w\" sizes=\"(max-width: 678px) 100vw, 678px\" \/><\/p>\n<p><img decoding=\"async\" loading=\"lazy\" src=\"\/\/www.escapades-photographiques.ch\/Site\/blog\/..\/blog.uploads\/2012\/12\/019_2012-11-17_5DmII.jpg\" alt=\"\" title=\"Rocher des Fiz\" width=\"678\" height=\"452\" class=\"aligncenter size-full wp-image-975\" srcset=\"https:\/\/www.escapades-photographiques.ch\/Site\/blog\/..\/blog.uploads\/2012\/12\/019_2012-11-17_5DmII.jpg 678w, https:\/\/www.escapades-photographiques.ch\/Site\/blog\/..\/blog.uploads\/2012\/12\/019_2012-11-17_5DmII-300x200.jpg 300w\" sizes=\"(max-width: 678px) 100vw, 678px\" \/><\/p>\n<p><img decoding=\"async\" loading=\"lazy\" src=\"\/\/www.escapades-photographiques.ch\/Site\/blog\/..\/blog.uploads\/2012\/12\/034_2012-11-17_5DmII_1.jpg\" alt=\"\" title=\"Lac de Pormenaz\" width=\"678\" height=\"452\" class=\"aligncenter size-full wp-image-976\" srcset=\"https:\/\/www.escapades-photographiques.ch\/Site\/blog\/..\/blog.uploads\/2012\/12\/034_2012-11-17_5DmII_1.jpg 678w, https:\/\/www.escapades-photographiques.ch\/Site\/blog\/..\/blog.uploads\/2012\/12\/034_2012-11-17_5DmII_1-300x200.jpg 300w\" sizes=\"(max-width: 678px) 100vw, 678px\" \/><\/p>\n<p><img decoding=\"async\" loading=\"lazy\" src=\"\/\/www.escapades-photographiques.ch\/Site\/blog\/..\/blog.uploads\/2012\/12\/037_2012-11-17_5DmII.jpg\" alt=\"\" title=\"Aiguilles rouges de Chamonix\" width=\"678\" height=\"452\" class=\"aligncenter size-full wp-image-977\" srcset=\"https:\/\/www.escapades-photographiques.ch\/Site\/blog\/..\/blog.uploads\/2012\/12\/037_2012-11-17_5DmII.jpg 678w, https:\/\/www.escapades-photographiques.ch\/Site\/blog\/..\/blog.uploads\/2012\/12\/037_2012-11-17_5DmII-300x200.jpg 300w\" sizes=\"(max-width: 678px) 100vw, 678px\" \/><\/p>\n<p><strong>Animation panoramique autour du lac de Pormenaz:<\/strong><\/p>\n\n<!-- PanoPress [1.0] -->\n<p style=\"font-size: 12px;\" id=\"pp_954618_explain\"><code><em>Note: aucune animation panoramique possible car Javascript n'est pas activ\u00e9. Veuillez l'activer pour afficher les animations.<\/em><\/code><\/p>\n<div class=\"pp-embed\" id=\"pp_954618_embed\"><img src=\"\/\/www.escapades-photographiques.ch\/Site\/blog\/..\/blog.uploads\/panoramics\/%5B2012-11-17_029_5DmII%5D-%5B2012-11-17_031_5DmII%5D_(3%20images)\/image_blog\/%5B2012-11-17_029_5DmII%5D-%5B2012-11-17_031_5DmII%5D_(3%20images).jpg\" alt=\"Animation panoramique\" title=\"\" class=\"aligncenter size-full\" \/><\/div>\n<script type=\"text\/javascript\">\n  jQuery( function() { pano_display.pano_embed( {\"explain\":true,\"id\":\"pp_954618\",\"obj_panopress\":{\"id\":\"pp_954618\",\"type\":\"html\",\"version\":\"4.0\",\"viewer\":null,\"width\":\"690\",\"height\":\"460\",\"title\":null,\"alt\":null,\"button\":true,\"panobox\":false,\"preview\":\"\",\"file\":\"\/\/www.escapades-photographiques.ch\/Site\/blog\/..\/blog.uploads\/panoramics\/%5B2012-11-17_029_5DmII%5D-%5B2012-11-17_031_5DmII%5D_(3%20images)\/%5B2012-11-17_029_5DmII%5D-%5B2012-11-17_031_5DmII%5D_(3%20images).html\",\"button_img\":\"\/\/www.escapades-photographiques.ch\/Site\/blog\/..\/blog.uploads\/panoramics\/%5B2012-11-17_029_5DmII%5D-%5B2012-11-17_031_5DmII%5D_(3%20images)\/image_blog\/%5B2012-11-17_029_5DmII%5D-%5B2012-11-17_031_5DmII%5D_(3%20images).play.jpg\",\"params\":{\"base\":\"\/\/www.escapades-photographiques.ch\/Site\/blog\/..\/blog.uploads\/panoramics\/%5B2012-11-17_029_5DmII%5D-%5B2012-11-17_031_5DmII%5D_(3%20images)\/\"}},\"panobox\":false,\"settings_alt\":null,\"settings_preview\":\"\",\"width\":\"690\",\"height\":\"460\"}); } );\n<\/script>\n<!-- \/PanoPress -->\n\n<p>&nbsp;<\/p>\n<p><strong>Autour du mont de l&rsquo;Arpille (au dessus de Martigny) &#8211; 16 novembre<\/strong><\/p>\n<p><img decoding=\"async\" loading=\"lazy\" src=\"\/\/www.escapades-photographiques.ch\/Site\/blog\/..\/blog.uploads\/2012\/12\/002_2012-11-16_5DmII.jpg\" alt=\"\" title=\"En montant \u00e0 l&#039;Arpille depuis le col de la Forclaz: La Croix de Fer\" width=\"678\" height=\"452\" class=\"aligncenter size-full wp-image-970\" srcset=\"https:\/\/www.escapades-photographiques.ch\/Site\/blog\/..\/blog.uploads\/2012\/12\/002_2012-11-16_5DmII.jpg 678w, https:\/\/www.escapades-photographiques.ch\/Site\/blog\/..\/blog.uploads\/2012\/12\/002_2012-11-16_5DmII-300x200.jpg 300w\" sizes=\"(max-width: 678px) 100vw, 678px\" \/><\/p>\n<p><img decoding=\"async\" loading=\"lazy\" src=\"\/\/www.escapades-photographiques.ch\/Site\/blog\/..\/blog.uploads\/2012\/12\/003_2012-11-16_5DmII.jpg\" alt=\"\" title=\"Petit lac en contrebas du sommet de l&#039;Arpille\" width=\"678\" height=\"452\" class=\"aligncenter size-full wp-image-971\" srcset=\"https:\/\/www.escapades-photographiques.ch\/Site\/blog\/..\/blog.uploads\/2012\/12\/003_2012-11-16_5DmII.jpg 678w, https:\/\/www.escapades-photographiques.ch\/Site\/blog\/..\/blog.uploads\/2012\/12\/003_2012-11-16_5DmII-300x200.jpg 300w\" sizes=\"(max-width: 678px) 100vw, 678px\" \/><\/p>\n<p><img decoding=\"async\" loading=\"lazy\" src=\"\/\/www.escapades-photographiques.ch\/Site\/blog\/..\/blog.uploads\/2012\/12\/018_2012-11-16_5DmII-019_2012-11-16_5DmII_2-images.jpg\" alt=\"\" title=\"Depuis l&#039;Arpille, panoramique vers la Dent de Morcles et la vall\u00e9e du Rh\u00f4ne\" width=\"678\" height=\"233\" class=\"aligncenter size-full wp-image-969\" srcset=\"https:\/\/www.escapades-photographiques.ch\/Site\/blog\/..\/blog.uploads\/2012\/12\/018_2012-11-16_5DmII-019_2012-11-16_5DmII_2-images.jpg 678w, https:\/\/www.escapades-photographiques.ch\/Site\/blog\/..\/blog.uploads\/2012\/12\/018_2012-11-16_5DmII-019_2012-11-16_5DmII_2-images-300x103.jpg 300w\" sizes=\"(max-width: 678px) 100vw, 678px\" \/><\/p>\n<p><strong>Mont\u00e9e au M\u00f4le (Haute-Savoie) au dessus d&rsquo;un stratus tenace dans les plaines &#8211; 15 novembre<\/strong><\/p>\n<p><img decoding=\"async\" loading=\"lazy\" src=\"\/\/www.escapades-photographiques.ch\/Site\/blog\/..\/blog.uploads\/2012\/12\/005_2012-11-15_5DmII.jpg\" alt=\"\" title=\"Le Petit M\u00f4le\" width=\"678\" height=\"452\" class=\"aligncenter size-full wp-image-961\" srcset=\"https:\/\/www.escapades-photographiques.ch\/Site\/blog\/..\/blog.uploads\/2012\/12\/005_2012-11-15_5DmII.jpg 678w, https:\/\/www.escapades-photographiques.ch\/Site\/blog\/..\/blog.uploads\/2012\/12\/005_2012-11-15_5DmII-300x200.jpg 300w\" sizes=\"(max-width: 678px) 100vw, 678px\" \/><\/p>\n<div id=\"attachment_962\" style=\"width: 327px\" class=\"wp-caption alignleft\"><img aria-describedby=\"caption-attachment-962\" decoding=\"async\" loading=\"lazy\" src=\"\/\/www.escapades-photographiques.ch\/Site\/blog\/..\/blog.uploads\/2012\/12\/039_2012-11-15_5DmII.jpg\" alt=\"\" title=\"Vall\u00e9e du Giffre, pointe de Marcelly et Dents du Midi\" width=\"317\" height=\"476\" class=\"size-full wp-image-962\" srcset=\"https:\/\/www.escapades-photographiques.ch\/Site\/blog\/..\/blog.uploads\/2012\/12\/039_2012-11-15_5DmII.jpg 317w, https:\/\/www.escapades-photographiques.ch\/Site\/blog\/..\/blog.uploads\/2012\/12\/039_2012-11-15_5DmII-199x300.jpg 199w\" sizes=\"(max-width: 317px) 100vw, 317px\" \/><p id=\"caption-attachment-962\" class=\"wp-caption-text\">&nbsp;<\/p><\/div>\n<div id=\"attachment_963\" style=\"width: 327px\" class=\"wp-caption alignright\"><img aria-describedby=\"caption-attachment-963\" decoding=\"async\" loading=\"lazy\" src=\"\/\/www.escapades-photographiques.ch\/Site\/blog\/..\/blog.uploads\/2012\/12\/052_2012-11-15_5DmII.jpg\" alt=\"\" title=\"Massif du Mont-Blanc et vall\u00e9e de l&#039;Arve sous les stratus\" width=\"317\" height=\"476\" class=\"size-full wp-image-963\" srcset=\"https:\/\/www.escapades-photographiques.ch\/Site\/blog\/..\/blog.uploads\/2012\/12\/052_2012-11-15_5DmII.jpg 317w, https:\/\/www.escapades-photographiques.ch\/Site\/blog\/..\/blog.uploads\/2012\/12\/052_2012-11-15_5DmII-199x300.jpg 199w\" sizes=\"(max-width: 317px) 100vw, 317px\" \/><p id=\"caption-attachment-963\" class=\"wp-caption-text\">&nbsp;<\/p><\/div>\n<p><br style=\"clear: both;\" \/><br \/>\n<img decoding=\"async\" loading=\"lazy\" src=\"\/\/www.escapades-photographiques.ch\/Site\/blog\/..\/blog.uploads\/2012\/12\/055_2012-11-15_5DmII.jpg\" alt=\"\" title=\"Ar\u00eate sud du M\u00f4le\" width=\"678\" height=\"452\" class=\"aligncenter size-full wp-image-964\" srcset=\"https:\/\/www.escapades-photographiques.ch\/Site\/blog\/..\/blog.uploads\/2012\/12\/055_2012-11-15_5DmII.jpg 678w, https:\/\/www.escapades-photographiques.ch\/Site\/blog\/..\/blog.uploads\/2012\/12\/055_2012-11-15_5DmII-300x200.jpg 300w\" sizes=\"(max-width: 678px) 100vw, 678px\" \/><\/p>\n<p><img decoding=\"async\" loading=\"lazy\" src=\"\/\/www.escapades-photographiques.ch\/Site\/blog\/..\/blog.uploads\/2012\/12\/072_2012-11-15_5DmII.jpg\" alt=\"\" title=\"Le Buet, la vall\u00e9e de l&#039;Arve dans les stratus et l&#039;ar\u00eate sud du M\u00f4le\" width=\"678\" height=\"452\" class=\"aligncenter size-full wp-image-968\" srcset=\"https:\/\/www.escapades-photographiques.ch\/Site\/blog\/..\/blog.uploads\/2012\/12\/072_2012-11-15_5DmII.jpg 678w, https:\/\/www.escapades-photographiques.ch\/Site\/blog\/..\/blog.uploads\/2012\/12\/072_2012-11-15_5DmII-300x200.jpg 300w\" sizes=\"(max-width: 678px) 100vw, 678px\" \/><\/p>\n<p><img decoding=\"async\" loading=\"lazy\" src=\"\/\/www.escapades-photographiques.ch\/Site\/blog\/..\/blog.uploads\/2012\/12\/067_2012-11-15_5DmII.jpg\" alt=\"\" title=\"Depuis le Petit M\u00f4le (croix)\" width=\"678\" height=\"452\" class=\"aligncenter size-full wp-image-966\" srcset=\"https:\/\/www.escapades-photographiques.ch\/Site\/blog\/..\/blog.uploads\/2012\/12\/067_2012-11-15_5DmII.jpg 678w, https:\/\/www.escapades-photographiques.ch\/Site\/blog\/..\/blog.uploads\/2012\/12\/067_2012-11-15_5DmII-300x200.jpg 300w\" sizes=\"(max-width: 678px) 100vw, 678px\" \/><\/p>\n<p><img decoding=\"async\" loading=\"lazy\" src=\"\/\/www.escapades-photographiques.ch\/Site\/blog\/..\/blog.uploads\/2012\/12\/071_2012-11-15_5DmII.jpg\" alt=\"\" title=\"Depuis le Petit M\u00f4le (croix). Vue vers le Sal\u00e8ve\" width=\"678\" height=\"452\" class=\"aligncenter size-full wp-image-967\" srcset=\"https:\/\/www.escapades-photographiques.ch\/Site\/blog\/..\/blog.uploads\/2012\/12\/071_2012-11-15_5DmII.jpg 678w, https:\/\/www.escapades-photographiques.ch\/Site\/blog\/..\/blog.uploads\/2012\/12\/071_2012-11-15_5DmII-300x200.jpg 300w\" sizes=\"(max-width: 678px) 100vw, 678px\" \/><\/p>\n<p><img decoding=\"async\" loading=\"lazy\" src=\"\/\/www.escapades-photographiques.ch\/Site\/blog\/..\/blog.uploads\/2012\/12\/064_2012-11-15_5DmII.jpg\" alt=\"\" title=\"Depuis le Petit M\u00f4le (croix)\" width=\"678\" height=\"452\" class=\"aligncenter size-full wp-image-965\" srcset=\"https:\/\/www.escapades-photographiques.ch\/Site\/blog\/..\/blog.uploads\/2012\/12\/064_2012-11-15_5DmII.jpg 678w, https:\/\/www.escapades-photographiques.ch\/Site\/blog\/..\/blog.uploads\/2012\/12\/064_2012-11-15_5DmII-300x200.jpg 300w\" sizes=\"(max-width: 678px) 100vw, 678px\" \/><\/p>\n<p><strong>Animations panoramiques:<\/strong><\/p>\n\n<!-- PanoPress [1.0] -->\n<p style=\"font-size: 12px;\" id=\"pp_861292_explain\"><code><em>Note: aucune animation panoramique possible car Javascript n'est pas activ\u00e9. Veuillez l'activer pour afficher les animations.<\/em><\/code><\/p>\n<div class=\"pp-embed\" id=\"pp_861292_embed\"><img src=\"\/\/www.escapades-photographiques.ch\/Site\/blog\/..\/blog.uploads\/panoramics\/%5B2012-11-15_004_5DmII%5D-%5B2012-11-15_006_5DmII%5D_(3%20images)\/image_blog\/%5B2012-11-15_004_5DmII%5D-%5B2012-11-15_006_5DmII%5D_(3%20images).jpg\" alt=\"Animation panoramique\" title=\"\" class=\"aligncenter size-full\" \/><\/div>\n<script type=\"text\/javascript\">\n  jQuery( function() { pano_display.pano_embed( {\"explain\":true,\"id\":\"pp_861292\",\"obj_panopress\":{\"id\":\"pp_861292\",\"type\":\"html\",\"version\":\"4.0\",\"viewer\":null,\"width\":\"690\",\"height\":\"460\",\"title\":null,\"alt\":null,\"button\":true,\"panobox\":false,\"preview\":\"\",\"file\":\"\/\/www.escapades-photographiques.ch\/Site\/blog\/..\/blog.uploads\/panoramics\/%5B2012-11-15_004_5DmII%5D-%5B2012-11-15_006_5DmII%5D_(3%20images)\/%5B2012-11-15_004_5DmII%5D-%5B2012-11-15_006_5DmII%5D_(3%20images).html\",\"button_img\":\"\/\/www.escapades-photographiques.ch\/Site\/blog\/..\/blog.uploads\/panoramics\/%5B2012-11-15_004_5DmII%5D-%5B2012-11-15_006_5DmII%5D_(3%20images)\/image_blog\/%5B2012-11-15_004_5DmII%5D-%5B2012-11-15_006_5DmII%5D_(3%20images).play.jpg\",\"params\":{\"base\":\"\/\/www.escapades-photographiques.ch\/Site\/blog\/..\/blog.uploads\/panoramics\/%5B2012-11-15_004_5DmII%5D-%5B2012-11-15_006_5DmII%5D_(3%20images)\/\"}},\"panobox\":false,\"settings_alt\":null,\"settings_preview\":\"\",\"width\":\"690\",\"height\":\"460\"}); } );\n<\/script>\n<!-- \/PanoPress -->\n\n<p>&nbsp;<\/p>\n\n<!-- PanoPress [1.0] -->\n<div class=\"pp-embed\" id=\"pp_271339_embed\"><img src=\"\/\/www.escapades-photographiques.ch\/Site\/blog\/..\/blog.uploads\/panoramics\/%5B2012-11-15_022_5DmII%5D-%5B2012-11-15_032_5DmII%5D_(11%20images)\/image_blog\/%5B2012-11-15_022_5DmII%5D-%5B2012-11-15_032_5DmII%5D_(11%20images).jpg\" alt=\"Animation panoramique\" title=\"\" class=\"aligncenter size-full\" \/><\/div>\n<script type=\"text\/javascript\">\n  jQuery( function() { pano_display.pano_embed( {\"explain\":null,\"id\":\"pp_271339\",\"obj_panopress\":{\"id\":\"pp_271339\",\"type\":\"html\",\"version\":\"4.0\",\"viewer\":null,\"width\":\"690\",\"height\":\"460\",\"title\":null,\"alt\":null,\"button\":true,\"panobox\":false,\"preview\":\"\",\"file\":\"\/\/www.escapades-photographiques.ch\/Site\/blog\/..\/blog.uploads\/panoramics\/%5B2012-11-15_022_5DmII%5D-%5B2012-11-15_032_5DmII%5D_(11%20images)\/%5B2012-11-15_022_5DmII%5D-%5B2012-11-15_032_5DmII%5D_(11%20images).html\",\"button_img\":\"\/\/www.escapades-photographiques.ch\/Site\/blog\/..\/blog.uploads\/panoramics\/%5B2012-11-15_022_5DmII%5D-%5B2012-11-15_032_5DmII%5D_(11%20images)\/image_blog\/%5B2012-11-15_022_5DmII%5D-%5B2012-11-15_032_5DmII%5D_(11%20images).play.jpg\",\"params\":{\"base\":\"\/\/www.escapades-photographiques.ch\/Site\/blog\/..\/blog.uploads\/panoramics\/%5B2012-11-15_022_5DmII%5D-%5B2012-11-15_032_5DmII%5D_(11%20images)\/\"}},\"panobox\":false,\"settings_alt\":null,\"settings_preview\":\"\",\"width\":\"690\",\"height\":\"460\"}); } );\n<\/script>\n<!-- \/PanoPress -->\n\n<p>&nbsp;<\/p>\n<p><strong>Val Ferret suisse &#8211; 25 octobre<\/strong><\/p>\n<p><img decoding=\"async\" loading=\"lazy\" src=\"\/\/www.escapades-photographiques.ch\/Site\/blog\/..\/blog.uploads\/2012\/12\/008_2012-10-25_5DmII.jpg\" alt=\"\" title=\"La Dotse (petits lacs)\" width=\"678\" height=\"452\" class=\"aligncenter size-full wp-image-957\" srcset=\"https:\/\/www.escapades-photographiques.ch\/Site\/blog\/..\/blog.uploads\/2012\/12\/008_2012-10-25_5DmII.jpg 678w, https:\/\/www.escapades-photographiques.ch\/Site\/blog\/..\/blog.uploads\/2012\/12\/008_2012-10-25_5DmII-300x200.jpg 300w\" sizes=\"(max-width: 678px) 100vw, 678px\" \/><\/p>\n<p><img decoding=\"async\" loading=\"lazy\" src=\"\/\/www.escapades-photographiques.ch\/Site\/blog\/..\/blog.uploads\/2012\/12\/022_2012-10-25_5DmII.jpg\" alt=\"\" title=\"La Dotse (petits lacs) et Mont Dolent\" width=\"678\" height=\"452\" class=\"aligncenter size-full wp-image-960\" srcset=\"https:\/\/www.escapades-photographiques.ch\/Site\/blog\/..\/blog.uploads\/2012\/12\/022_2012-10-25_5DmII.jpg 678w, https:\/\/www.escapades-photographiques.ch\/Site\/blog\/..\/blog.uploads\/2012\/12\/022_2012-10-25_5DmII-300x200.jpg 300w\" sizes=\"(max-width: 678px) 100vw, 678px\" \/><\/p>\n<p><img decoding=\"async\" loading=\"lazy\" src=\"\/\/www.escapades-photographiques.ch\/Site\/blog\/..\/blog.uploads\/2012\/12\/012_2012-10-25_5DmII.jpg\" alt=\"\" title=\"La Dotse (petits lacs) et Mont Dolent\" width=\"678\" height=\"452\" class=\"aligncenter size-full wp-image-959\" srcset=\"https:\/\/www.escapades-photographiques.ch\/Site\/blog\/..\/blog.uploads\/2012\/12\/012_2012-10-25_5DmII.jpg 678w, https:\/\/www.escapades-photographiques.ch\/Site\/blog\/..\/blog.uploads\/2012\/12\/012_2012-10-25_5DmII-300x200.jpg 300w\" sizes=\"(max-width: 678px) 100vw, 678px\" \/><\/p>\n<p><img decoding=\"async\" loading=\"lazy\" src=\"\/\/www.escapades-photographiques.ch\/Site\/blog\/..\/blog.uploads\/2012\/12\/011_2012-10-25_5DmII.jpg\" alt=\"\" title=\"Mont Dolent\" width=\"678\" height=\"452\" class=\"aligncenter size-full wp-image-958\" srcset=\"https:\/\/www.escapades-photographiques.ch\/Site\/blog\/..\/blog.uploads\/2012\/12\/011_2012-10-25_5DmII.jpg 678w, https:\/\/www.escapades-photographiques.ch\/Site\/blog\/..\/blog.uploads\/2012\/12\/011_2012-10-25_5DmII-300x200.jpg 300w\" sizes=\"(max-width: 678px) 100vw, 678px\" \/><\/p>\n<p><strong>Mont\u00e9e au Rochers de Naye depuis le col de Jaman &#8211; 13 octobre<\/strong><\/p>\n<p><img decoding=\"async\" loading=\"lazy\" src=\"\/\/www.escapades-photographiques.ch\/Site\/blog\/..\/blog.uploads\/2012\/12\/039_2012-10-13_5DmII_1.jpg\" alt=\"\" title=\"Le Chablais\" width=\"678\" height=\"452\" class=\"aligncenter size-full wp-image-954\" srcset=\"https:\/\/www.escapades-photographiques.ch\/Site\/blog\/..\/blog.uploads\/2012\/12\/039_2012-10-13_5DmII_1.jpg 678w, https:\/\/www.escapades-photographiques.ch\/Site\/blog\/..\/blog.uploads\/2012\/12\/039_2012-10-13_5DmII_1-300x200.jpg 300w\" sizes=\"(max-width: 678px) 100vw, 678px\" \/><\/p>\n<p><img decoding=\"async\" loading=\"lazy\" src=\"\/\/www.escapades-photographiques.ch\/Site\/blog\/..\/blog.uploads\/2012\/12\/047_2012-10-13_5DmII.jpg\" alt=\"\" title=\"Pointe d&#039;Aveneyre depuis les Rochers de Naye\" width=\"678\" height=\"452\" class=\"aligncenter size-full wp-image-955\" srcset=\"https:\/\/www.escapades-photographiques.ch\/Site\/blog\/..\/blog.uploads\/2012\/12\/047_2012-10-13_5DmII.jpg 678w, https:\/\/www.escapades-photographiques.ch\/Site\/blog\/..\/blog.uploads\/2012\/12\/047_2012-10-13_5DmII-300x200.jpg 300w\" sizes=\"(max-width: 678px) 100vw, 678px\" \/><\/p>\n<p><img decoding=\"async\" loading=\"lazy\" src=\"\/\/www.escapades-photographiques.ch\/Site\/blog\/..\/blog.uploads\/2012\/12\/049_2012-10-13_5DmII.jpg\" alt=\"\" title=\"Chalet du Chamossale\" width=\"678\" height=\"452\" class=\"aligncenter size-full wp-image-956\" srcset=\"https:\/\/www.escapades-photographiques.ch\/Site\/blog\/..\/blog.uploads\/2012\/12\/049_2012-10-13_5DmII.jpg 678w, https:\/\/www.escapades-photographiques.ch\/Site\/blog\/..\/blog.uploads\/2012\/12\/049_2012-10-13_5DmII-300x200.jpg 300w\" sizes=\"(max-width: 678px) 100vw, 678px\" \/><\/p>\n<p><strong>Animation panoramique:<\/strong><\/p>\n\n<!-- PanoPress [1.0] -->\n<p style=\"font-size: 12px;\" id=\"pp_604861_explain\"><code><em>Note: aucune animation panoramique possible car Javascript n'est pas activ\u00e9. Veuillez l'activer pour afficher les animations.<\/em><\/code><\/p>\n<div class=\"pp-embed\" id=\"pp_604861_embed\"><img src=\"\/\/www.escapades-photographiques.ch\/Site\/blog\/..\/blog.uploads\/panoramics\/%5B2012-10-13_019_5DmII%5D-%5B2012-10-13_022_5DmII%5D_(4%20images)\/image_blog\/%5B2012-10-13_019_5DmII%5D-%5B2012-10-13_022_5DmII%5D_(4%20images).jpg\" alt=\"Animation panoramique\" title=\"\" class=\"aligncenter size-full\" \/><\/div>\n<script type=\"text\/javascript\">\n  jQuery( function() { pano_display.pano_embed( {\"explain\":true,\"id\":\"pp_604861\",\"obj_panopress\":{\"id\":\"pp_604861\",\"type\":\"html\",\"version\":\"4.0\",\"viewer\":null,\"width\":\"690\",\"height\":\"460\",\"title\":null,\"alt\":null,\"button\":true,\"panobox\":false,\"preview\":\"\",\"file\":\"\/\/www.escapades-photographiques.ch\/Site\/blog\/..\/blog.uploads\/panoramics\/%5B2012-10-13_019_5DmII%5D-%5B2012-10-13_022_5DmII%5D_(4%20images)\/%5B2012-10-13_019_5DmII%5D-%5B2012-10-13_022_5DmII%5D_(4%20images).html\",\"button_img\":\"\/\/www.escapades-photographiques.ch\/Site\/blog\/..\/blog.uploads\/panoramics\/%5B2012-10-13_019_5DmII%5D-%5B2012-10-13_022_5DmII%5D_(4%20images)\/image_blog\/%5B2012-10-13_019_5DmII%5D-%5B2012-10-13_022_5DmII%5D_(4%20images).play.jpg\",\"params\":{\"base\":\"\/\/www.escapades-photographiques.ch\/Site\/blog\/..\/blog.uploads\/panoramics\/%5B2012-10-13_019_5DmII%5D-%5B2012-10-13_022_5DmII%5D_(4%20images)\/\"}},\"panobox\":false,\"settings_alt\":null,\"settings_preview\":\"\",\"width\":\"690\",\"height\":\"460\"}); } );\n<\/script>\n<!-- \/PanoPress -->\n\n<p>&nbsp;<\/p>\n<p><strong>Autour de la pointe de Nantaux dans le Chablais (Haute-Savoie) &#8211; 6 octobre<\/strong><\/p>\n<p><img decoding=\"async\" loading=\"lazy\" src=\"\/\/www.escapades-photographiques.ch\/Site\/blog\/..\/blog.uploads\/2012\/12\/003_2012-10-06_5DmII.jpg\" alt=\"\" title=\"Ar\u00eate sommitale de la Pointe de Nantaux\" width=\"678\" height=\"452\" class=\"aligncenter size-full wp-image-951\" srcset=\"https:\/\/www.escapades-photographiques.ch\/Site\/blog\/..\/blog.uploads\/2012\/12\/003_2012-10-06_5DmII.jpg 678w, https:\/\/www.escapades-photographiques.ch\/Site\/blog\/..\/blog.uploads\/2012\/12\/003_2012-10-06_5DmII-300x200.jpg 300w\" sizes=\"(max-width: 678px) 100vw, 678px\" \/><\/p>\n<p><img decoding=\"async\" loading=\"lazy\" src=\"\/\/www.escapades-photographiques.ch\/Site\/blog\/..\/blog.uploads\/2012\/12\/007_2012-10-06_5DmII.jpg\" alt=\"\" title=\"Belles couleurs automnales. Vue en direction de la t\u00eate du G\u00e9ant, pointe de Ch\u00e9sery, pointe de Vorlaz et Dents du Midi\" width=\"678\" height=\"452\" class=\"aligncenter size-full wp-image-952\" srcset=\"https:\/\/www.escapades-photographiques.ch\/Site\/blog\/..\/blog.uploads\/2012\/12\/007_2012-10-06_5DmII.jpg 678w, https:\/\/www.escapades-photographiques.ch\/Site\/blog\/..\/blog.uploads\/2012\/12\/007_2012-10-06_5DmII-300x200.jpg 300w\" sizes=\"(max-width: 678px) 100vw, 678px\" \/><\/p>\n<p><img decoding=\"async\" loading=\"lazy\" src=\"\/\/www.escapades-photographiques.ch\/Site\/blog\/..\/blog.uploads\/2012\/12\/042_2012-10-06_5DmII.jpg\" alt=\"\" title=\"Pointe de Nantaux\" width=\"678\" height=\"452\" class=\"aligncenter size-full wp-image-953\" srcset=\"https:\/\/www.escapades-photographiques.ch\/Site\/blog\/..\/blog.uploads\/2012\/12\/042_2012-10-06_5DmII.jpg 678w, https:\/\/www.escapades-photographiques.ch\/Site\/blog\/..\/blog.uploads\/2012\/12\/042_2012-10-06_5DmII-300x200.jpg 300w\" sizes=\"(max-width: 678px) 100vw, 678px\" \/><\/p>\n","protected":false},"excerpt":{"rendered":"<p>Petit r\u00e9sum\u00e9 en images de quelques randonn\u00e9es effectu\u00e9es dans nos Alpes ou le Jura cet automne (commentaires s&rsquo;affichant en d\u00e9pla\u00e7ant le curseur de la souris sur les images). Mont\u00e9e \u00e0 la Dent de Vaulion &#8211; 1er d\u00e9cembre Montagne de la Pendant vers Chamonix &#8211; 18 novembre Mont\u00e9e au Lac de Pormenaz depuis le Mont au <a href='https:\/\/www.escapades-photographiques.ch\/Site\/blog\/2012\/randonnee\/automne-2012\/' class='excerpt-more'>[&#8230;]<\/a><\/p>\n","protected":false},"author":1,"featured_media":0,"comment_status":"open","ping_status":"open","sticky":false,"template":"","format":"standard","meta":{"footnotes":""},"categories":[204],"tags":[247,243,244,245,250,249,248,252,246,251],"_links":{"self":[{"href":"https:\/\/www.escapades-photographiques.ch\/Site\/blog\/wp-json\/wp\/v2\/posts\/949"}],"collection":[{"href":"https:\/\/www.escapades-photographiques.ch\/Site\/blog\/wp-json\/wp\/v2\/posts"}],"about":[{"href":"https:\/\/www.escapades-photographiques.ch\/Site\/blog\/wp-json\/wp\/v2\/types\/post"}],"author":[{"embeddable":true,"href":"https:\/\/www.escapades-photographiques.ch\/Site\/blog\/wp-json\/wp\/v2\/users\/1"}],"replies":[{"embeddable":true,"href":"https:\/\/www.escapades-photographiques.ch\/Site\/blog\/wp-json\/wp\/v2\/comments?post=949"}],"version-history":[{"count":106,"href":"https:\/\/www.escapades-photographiques.ch\/Site\/blog\/wp-json\/wp\/v2\/posts\/949\/revisions"}],"predecessor-version":[{"id":1672,"href":"https:\/\/www.escapades-photographiques.ch\/Site\/blog\/wp-json\/wp\/v2\/posts\/949\/revisions\/1672"}],"wp:attachment":[{"href":"https:\/\/www.escapades-photographiques.ch\/Site\/blog\/wp-json\/wp\/v2\/media?parent=949"}],"wp:term":[{"taxonomy":"category","embeddable":true,"href":"https:\/\/www.escapades-photographiques.ch\/Site\/blog\/wp-json\/wp\/v2\/categories?post=949"},{"taxonomy":"post_tag","embeddable":true,"href":"https:\/\/www.escapades-photographiques.ch\/Site\/blog\/wp-json\/wp\/v2\/tags?post=949"}],"curies":[{"name":"wp","href":"https:\/\/api.w.org\/{rel}","templated":true}]}}